{"id":21814,"date":"2020-06-15T16:48:34","date_gmt":"2020-06-15T16:48:34","guid":{"rendered":"https:\/\/redsemlac.com\/semmexico\/?p=21814"},"modified":"2023-07-21T16:24:21","modified_gmt":"2023-07-21T21:24:21","slug":"alfa-omega-23","status":"publish","type":"post","link":"https:\/\/redsemlac.com\/semmexico\/alfa-omega-23\/","title":{"rendered":"Alfa Omega"},"content":{"rendered":"\n<h2 class=\"wp-block-heading\">Que no Llegue el Olvido, dijo Soledad Durazo<\/h2>\n\n\n\n<p class=\"wp-block-paragraph\"><strong>Jorge Herrera Valenzuela<\/strong><\/p>\n\n\n\n<p class=\"wp-block-paragraph\">SemM\u00e9xico, 15 de junio, 2020.- Al cumplirse once\na\u00f1os de la tragedia registrada en la Guarder\u00eda ABC, ubicada en la capital de\nSonora, no ondearon 49 banderas blancas, no se oy\u00f3 el sordo sonido de los\ntambores, tampoco se empujaron las carriolas. No hubo la acostumbrada marcha\ndel sitio donde ocurri\u00f3 la tragedia a las escalinatas del Museo-Biblioteca de\nla Universidad de Sonora.<\/p>\n\n\n\n<p class=\"wp-block-paragraph\">S\u00ed, estoy comentando el incendio de una guarder\u00eda\nsubrogada del IMSS. Eran las primeras horas de la tarde del 5 de junio de 2009\ncuando el fuego que se inici\u00f3 en una bodega del gobierno local, se extendi\u00f3\nhasta el sitio en que decenas de beb\u00e9s estaban durmiendo su siesta. Los\nhabitantes de Hermosillo vivieron una tragedia originada por el descuido humano\ny horas m\u00e1s tarde la noticia nos conmocion\u00f3 a todos. <\/p>\n\n\n\n<p class=\"wp-block-paragraph\">Las llamas invadieron las habitaciones y no se\ncontaba con suficientes extintores para sofocarlas, no se extingui\u00f3 el fuego.\nMurieron 25 nenitas y 24 peque\u00f1ines, adem\u00e1s 106 sufrieron quemaduras en sus\ncuerpecitos, muchos de ellos fueron llevados a hospitales de Estados Unidos\npara la atenci\u00f3n inmediata y adecuada. Recordar las escenas, aunque solo las vi\nen los noticieros televisivos, provoca una sensaci\u00f3n muy extra\u00f1a.<\/p>\n\n\n\n<p class=\"wp-block-paragraph\">Pues bien, el jueves 5 del presente escuch\u00e9 el\nmensaje que transmiti\u00f3 la periodista sonorense <strong>Soledad Durazo Barcel\u00f3. <\/strong>Sin\nocultar el dolor que sienten ella y los familiares de las 155 criaturas\nv\u00edctimas de la burocracia y el influyent\u00edsimo pol\u00edtico, fue muy enf\u00e1tica a\ndecir que no encontraba las palabras necesarias, pero s\u00ed las adecuadas para que\ntodos los mexicanos recordemos el tr\u00e1gico evento y \u201c<strong>Que no llegue el olvido<\/strong>\u201d.\nHoy la pandemia impidi\u00f3 la marcha, m\u00e1s no hubo olvido.<\/p>\n\n\n\n<p class=\"wp-block-paragraph\">\u201c<strong>Culpables<\/strong>\u201d: <strong>la cocinera y la barrendera<\/strong><\/p>\n\n\n\n<p class=\"wp-block-paragraph\"><strong>Soledad Durazo<\/strong>, reportera y conductora de noticieros, nos hizo saber que cuando\nqued\u00f3 libre Irene Botello, en los primeros meses despu\u00e9s del suceso, la\nentrevist\u00f3 para TV Azteca Sonora daba cuenta \u201cque el hilo se rompi\u00f3 por lo m\u00e1s\ndelgado\u201d. Irene junto con sus compa\u00f1eras Yadira Barreras e Irma Crescencia D\u00edaz\nG\u00f3mez eran las supervisoras de zona de las guarder\u00edas del IMSS, fueron las primeras\nen ser encarceladas.<\/p>\n\n\n\n<p class=\"wp-block-paragraph\">Jam\u00e1s fueron responsabilizados el director del IMSS,\nJuan<strong> Francisco Molinar Horcasitas<\/strong>, quien firm\u00f3 en 2006 el contrato de\nsubrogaci\u00f3n para la Guarder\u00eda ABC, cuya principal accionista era <strong>Marcia\nMatilde Altagracia G\u00f3mez del Campo Tonella<\/strong>, parienta de Margarita Zavala\nG\u00f3mez del Campo, en esa etapa esposa del presidente de M\u00e9xico, Felipe de Jes\u00fas\nCalder\u00f3n Hinojosa.<\/p>\n\n\n\n<p class=\"wp-block-paragraph\">Por las presiones de la sociedad sonorense el caso\nfue conocido por la Suprema Corte de Justicia de la Naci\u00f3n el ministro <strong>Arturo\nZald\u00edvar Lelo de Larrea<\/strong> (hoy presidente de ese Alto Tribunal) present\u00f3 un\ndictamen que fincaba responsabilidad jur\u00eddica a varias personas, entre ellas al\nPANista Molinar Horcasitas. El pleno rechaz\u00f3 el proyecto de sentencia y exoner\u00f3\nal entonces director del Seguro Social.<\/p>\n\n\n\n<p class=\"wp-block-paragraph\">El gobernador <strong>Jos\u00e9 Eduardo Robinson Bours Costelo\n<\/strong>y el presidente municipal de Hermosillo, <strong>Ernesto G\u00e1ndara<\/strong>, tambi\u00e9n\n\u201cresultaron inocentes\u201d. Ambos sab\u00edan de la bodega que utilizaba la Secretar\u00eda\nde Hacienda del Estado y jam\u00e1s certificaron que se cumpl\u00edan con las medidas de\nseguridad contra incendios. Bours Costelo es un influyente empresario y el hoy\nexalcalde G\u00e1ndara hace dos a\u00f1os termin\u00f3 su sexenio como senador.<\/p>\n\n\n\n<p class=\"wp-block-paragraph\">En el juicio que se llev\u00f3 en el Juzgado Primero de\nDistrito de Sonora, 19 de los 22 empleados de la tr\u00e1gica Guarder\u00eda ABC fueron\nsentenciados a penas de 20 a 29 a\u00f1os de prisi\u00f3n. Entre los \u201cajusticiados\u201d est\u00e1n\nla cocinera, la encargada de la limpieza, el vigilante, una enfermera, las\neducadoras y las pedagogas.<\/p>\n\n\n\n<p class=\"wp-block-paragraph\">Esa es la justicia en nuestro pa\u00eds, antier, ayer y\nhoy.<\/p>\n\n\n\n<p class=\"wp-block-paragraph\"><strong>Premio a la FIL tapat\u00eda<\/strong><\/p>\n\n\n\n<p class=\"wp-block-paragraph\">Por quinta ocasi\u00f3n en este Siglo XXI el <strong>Premio\nPrincesa de Asturias <\/strong>(antes Premio Pr\u00edncipe de Asturias) ser\u00e1 recibido por\nun mexicano, el fundador y presidente de la <strong>Feria Internacional del Libro<\/strong>,\nel licenciado <strong>Ra\u00fal Padilla L\u00f3pez<\/strong>, exrector de la Universidad de\nGuadalajara. El premio corresponde al cap\u00edtulo Comunicaci\u00f3n y Humanidades<\/p>\n\n\n\n<p class=\"wp-block-paragraph\">El premio espa\u00f1ol data de 1980 y en su primera\nentrega, en 1981, fue el jalisciense <strong>Juan Rulfo <\/strong>que en el cap\u00edtulo\nLetras recibi\u00f3 el Premio Pr\u00edncipe de Asturias consistente en un diploma, una\nescultura, una insignia con el escudo de la Fundaci\u00f3n, as\u00ed como 50,000 euros\n\u2013poco m\u00e1s de un mill\u00f3n de pesos\u2014que en esa vez se divide en dos, porque tambi\u00e9n\nse le otorg\u00f3 al Festival Hay que se origin\u00f3 el pa\u00eds de Gal\u00e9s y que desde 2016\nse celebra,&nbsp; anualmente en\nQuer\u00e9taro.&nbsp;&nbsp;&nbsp;&nbsp;&nbsp;&nbsp;&nbsp;&nbsp; &nbsp;<\/p>\n\n\n\n<p class=\"wp-block-paragraph\">La Revista Vuelta y la UNAM recibieron en 1993 y en\n2005, respectivamente, el referido premio en Comunicaci\u00f3n y Humanidades. El a\u00f1o\n2018 se lo otorgaron a <strong>Alma Estela Guillermoprieto<\/strong>, originaria del\nDistrito Federal. A sus 71 a\u00f1os ya ejerci\u00f3 el periodismo en publicaciones\nextranjera, escribi\u00f3 un libro sobre la compleja problem\u00e1tica de Iberoam\u00e9rica,\nprofesora universitaria en Colombia (donde reside actualmente) e imparti\u00f3\nclases de danza en Cuba, pues es bailarina profesional. Adem\u00e1s, vivi\u00f3 en Nueva\nYork.<\/p>\n\n\n\n<p class=\"wp-block-paragraph\"><strong>Jueves de Corpus 1971<\/strong><\/p>\n\n\n\n<p class=\"wp-block-paragraph\">Por fecha fue el mi\u00e9rcoles 10 y por d\u00eda el jueves 11\nde este pand\u00e9mico junio, recordamos el choque entre profesores, estudiantes e\nizquierdistas contra los granaderos de la polic\u00eda capitalina, sum\u00e1ndose un\ngrupo de j\u00f3venes adiestrados para disolver manifestaciones de protesta contra\nel gobierno; armados con largas varas de membrillo, garrotes, macanas y\nrev\u00f3lveres. Se les identific\u00f3 como \u201c<strong>Los Halcones\u201d.<\/strong><\/p>\n\n\n\n<p class=\"wp-block-paragraph\">La marcha parti\u00f3 de la sede principal del Instituto\nPolit\u00e9cnico Nacional, el Casco de Santo Tom\u00e1s, por la Avenida de los Maestros\nhasta la Calzada M\u00e9xico Tacuba. Los estudiantes polit\u00e9cnicos, universitarios y\nnormalistas, se manifestaban en apoyo a sus compa\u00f1eros de la Universidad\nAut\u00f3noma de Nuevo Le\u00f3n, que se declararon en huelga porque el gobernador <strong>Eduardo\n\u00c1ngel Elizondo Lozano <\/strong>recort\u00f3 el presupuesto a esa Casa de Estudios.<\/p>\n\n\n\n<p class=\"wp-block-paragraph\">El caso es que las calles de la Capital Mexicana\nfueron escenario de lo que se ha dado en llamar <strong>La Masacre de Jueves de\nCorpus <\/strong>y se dijo que murieron m\u00e1s cien j\u00f3venes, mientras que en la\nresidencia de Los Pinos el presidente <strong>Luis Echeverr\u00eda \u00c1lvarez <\/strong>com\u00eda\n\u201ctranquilamente\u201d con don<strong> Alfonso Mart\u00ednez Dom\u00ednguez<\/strong>, Jefe del\nDepartamento del Distrito Federal, entre otros funcionarios. <\/p>\n\n\n\n<p class=\"wp-block-paragraph\">Echeverr\u00eda inmediatamente \u201cse deslind\u00f3\u201d. Sobre\nMart\u00ednez Dom\u00ednguez cay\u00f3 toda la responsabilidad y el presidente logr\u00f3 consumar\nsu plan, Don Alfonso renunci\u00f3. Tambi\u00e9n \u201cdespacharon\u201d al coronel <strong>Rogelio<\/strong> <strong>Flores\nCuriel<\/strong>, jefe de la Polic\u00eda Preventiva del D.F. y en corto tiempo el\nexregente gobern\u00f3 Nuevo Le\u00f3n y el exjefe polic\u00edaco lo hizo en Nayarit. El\ngobernador Elizondo Lozano renunci\u00f3 por el problema universitario.<\/p>\n\n\n\n<p class=\"wp-block-paragraph\">Hasta noviembre de 2006 se instaur\u00f3 un juicio penal\ncontra Echeverr\u00eda, procesado y sentenciado, cumpliendo su pena con arresto\ndomiciliario, por su edad, siendo liberado totalmente en 2009. Luis Echeverr\u00eda,\nel m\u00e1s longevo de los expresidentes, el \u00fanico de los mandatarios sexenales en\nconflicto con la justicia. Va rumbo a los 99 a\u00f1os, que cumplir\u00e1 el 17 de enero.<\/p>\n\n\n\n<p class=\"wp-block-paragraph\"><strong>P.D<\/strong>. Este\nespacio de mis comentarios est\u00e1 dedicado para todos los mayores de 60 a\u00f1os o\nsean los j\u00f3venes del Siglo XX, cuando \u00edbamos a las funciones de los teatros de\nrevista donde se presentaban <strong>Las Reinas del Tr\u00f3pico. <\/strong>S\u00ed, las bellezas de\nun ramillete cubano encabezado por <strong>Mar\u00eda Antonieta Pons<\/strong> que naci\u00f3 el 11\nde junio de 1922. Con ella llegaron la esculturales <strong>Nin\u00f3n Sevilla, Mary\nEsquivel, Amalia Aguilar, Rosa Carmina y Rosita Forn\u00e9s<\/strong>. No olvidemos la\ngran rumbera mexicana <strong>Meche Barba..<\/strong>.\u00bfSe acuerdan de una actriz,\nbailarina y c\u00f3mica llamada <strong>Virma Gonz\u00e1lez<\/strong>? Se fue de este mundo hace 20\na\u00f1os despu\u00e9s de larga trayectoria en teatro, cine y televisi\u00f3n. Fue integrante\ndel tr\u00edo Los Exc\u00e9ntricos con <strong>Pepe Silva y Trotsky. Virma <\/strong>se llam\u00f3 Dulce\nMar\u00eda de las Virtudes Gonz\u00e1lez Flor, <strong>Miss Nuevo Le\u00f3n<\/strong>, el mismo a\u00f1o que <strong>Ana\nBertha Lepe <\/strong>ocup\u00f3 el cuarto lugar en el <strong>Miss Universo 1954&#8230;<\/strong>Con la\nmuerte del abogado <strong>David Garay Maldonado <\/strong>M\u00e9xico perdi\u00f3 a un HONESTO\nservidor p\u00fablico.&nbsp; <\/p>\n\n\n\n<p class=\"wp-block-paragraph\"><strong>Jherrerav@live.com.mx&nbsp;&nbsp;&nbsp;&nbsp;&nbsp;&nbsp; <\/strong><\/p>\n","protected":false},"excerpt":{"rendered":"<p>Que no Llegue el Olvido, dijo Soledad Durazo<\/p>\n","protected":false},"author":3,"featured_media":21815,"comment_status":"open","ping_status":"open","sticky":false,"template":"","format":"standard","meta":{"_monsterinsights_skip_tracking":false,"footnotes":""},"categories":[691,94,110],"tags":[],"class_list":["post-21814","post","type-post","status-publish","format-standard","has-post-thumbnail","category-691","category-jorge-herrera-valenzuela","category-la-opinion-columnas"],"_links":{"self":[{"href":"https:\/\/redsemlac.com\/semmexico\/wp-json\/wp\/v2\/posts\/21814","targetHints":{"allow":["GET"]}}],"collection":[{"href":"https:\/\/redsemlac.com\/semmexico\/wp-json\/wp\/v2\/posts"}],"about":[{"href":"https:\/\/redsemlac.com\/semmexico\/wp-json\/wp\/v2\/types\/post"}],"author":[{"embeddable":true,"href":"https:\/\/redsemlac.com\/semmexico\/wp-json\/wp\/v2\/users\/3"}],"replies":[{"embeddable":true,"href":"https:\/\/redsemlac.com\/semmexico\/wp-json\/wp\/v2\/comments?post=21814"}],"version-history":[{"count":0,"href":"https:\/\/redsemlac.com\/semmexico\/wp-json\/wp\/v2\/posts\/21814\/revisions"}],"wp:featuredmedia":[{"embeddable":true,"href":"https:\/\/redsemlac.com\/semmexico\/wp-json\/wp\/v2\/media\/21815"}],"wp:attachment":[{"href":"https:\/\/redsemlac.com\/semmexico\/wp-json\/wp\/v2\/media?parent=21814"}],"wp:term":[{"taxonomy":"category","embeddable":true,"href":"https:\/\/redsemlac.com\/semmexico\/wp-json\/wp\/v2\/categories?post=21814"},{"taxonomy":"post_tag","embeddable":true,"href":"https:\/\/redsemlac.com\/semmexico\/wp-json\/wp\/v2\/tags?post=21814"}],"curies":[{"name":"wp","href":"https:\/\/api.w.org\/{rel}","templated":true}]}}