{"id":21812,"date":"2020-06-15T16:43:20","date_gmt":"2020-06-15T16:43:20","guid":{"rendered":"https:\/\/redsemlac.com\/semmexico\/?p=21812"},"modified":"2023-07-21T16:24:21","modified_gmt":"2023-07-21T21:24:21","slug":"desobediencia-4","status":"publish","type":"post","link":"https:\/\/redsemlac.com\/semmexico\/desobediencia-4\/","title":{"rendered":"Desobediencia"},"content":{"rendered":"\n<h2 class=\"wp-block-heading\">Psicoan\u00e1lisis por la pantalla<\/h2>\n\n\n\n<p class=\"wp-block-paragraph\"><strong>* Contrapunto con Carmen<\/strong><\/p>\n\n\n\n<p class=\"wp-block-paragraph\"><strong>Olimpia Flores<\/strong><\/p>\n\n\n\n<p class=\"wp-block-paragraph\">SemM\u00e9xico, 15 de junio, 2020.- Creo que el\npsicoan\u00e1lisis es pol\u00edtico y act\u00faa sobre la esfera de la subjetividad, que\ntambi\u00e9n es pol\u00edtica. Lo es porque subyace operando activamente en la\nsubjetividad del sujeto, que a su vez alimentada por el devenir de la\nexperiencia se sintetiza en cada conjetura, decisi\u00f3n y acci\u00f3n que emprenda y lo\nsit\u00fae en el mundo frente a s\u00ed frente a otros.<\/p>\n\n\n\n<p class=\"wp-block-paragraph\">No entiendo al psicoan\u00e1lisis como una terapia, no\ntiene prop\u00f3sito sanador, porque no gira en torno al discurso de la enfermedad\nni respecto de un par\u00e1metro de normalidad.<\/p>\n\n\n\n<p class=\"wp-block-paragraph\">Pensar el Psicoan\u00e1lisis para este nuevo tiempo es\npues un pensar pol\u00edtico, toda vez que la experiencia ser\u00e1 reconfigurada en\ntodos sus mecanismos de articulaci\u00f3n, para quedar atrapada entre las redes\nvirtuales que se resuelven en la pantalla que hoy por hoy es el suced\u00e1neo\nvinculante en tanto personas relacionales que somos. Todes por la bendita\ninterfaz. <\/p>\n\n\n\n<p class=\"wp-block-paragraph\">Me va en este pensar una visi\u00f3n del mundo y cierto\nconocimiento de m\u00ed. La perspectiva del psicoan\u00e1lisis acontece en el imperio de\nla subjetividad, que hace s\u00edntesis entre lo que se desentra\u00f1a del inconsciente,\nconocimiento original y sin contradicciones y la experiencia interiorizada.\nEste rejuego al cabo termina por constituirnos y sobredeterminar nuestros\nimpulsos. <\/p>\n\n\n\n<p class=\"wp-block-paragraph\">Mi sitial es como analizante por largo tiempo en un\nproceso, y que inevitablemente lleva consigo el pensamiento psicoanal\u00edtico, que\nse manifiesta en ciertos reflejos ante mis impulsos, o ciertas revelaciones en\nlos bucles de ms pensamientos \u2013me da risa sorprenderme en trampa.&nbsp; Tambi\u00e9n como un plus para comprender los\nacontecimientos y los contextos en donde concurren las humanidades de la\nespecie humana a la que pertenezco. Pero para perdonarme la vida y perdon\u00e1rsela\na los dem\u00e1s. <\/p>\n\n\n\n<p class=\"wp-block-paragraph\">Escribo este testimonio como deuda y reconocimiento\ncon el psicoan\u00e1lisis y como un ejercicio de contrapunto en el que mi amiga la\ndoctora Carmen Franco Ch\u00e1vez se pregunta por el devenir del psicoan\u00e1lisis ante\nla inminencia tecnol\u00f3gica. Contrapunto digo, porque en este caso ella tiene la\nposici\u00f3n de analista y yo he practicado la del analizante. &nbsp;<\/p>\n\n\n\n<p class=\"wp-block-paragraph\">Dice Carmen en su art\u00edculo \u201cEn la Alet\u00f3sfera\u201d <\/p>\n\n\n\n<p class=\"wp-block-paragraph\"><a href=\"https:\/\/www.psicoanalisisfranco.com\/single-post\/2020\/06\/11\/En-la-Alet%C3%B3sfera\">https:\/\/www.psicoanalisisfranco.com\/single-post\/2020\/06\/11\/En-la-Alet%C3%B3sfera<\/a> ,refiri\u00e9ndose al espacio en donde se suscita la\nrevelaci\u00f3n, <em>aleteia<\/em> en griego y en\nt\u00e9rminos de Lacan.<\/p>\n\n\n\n<p class=\"wp-block-paragraph\">\u201c<em>Podemos\npensar que seg\u00fan lo anterior, el dispositivo anal\u00edtico se activa en una sesi\u00f3n\nde an\u00e1lisis, no se trata de convenciones rituales, el dispositivo no es\nnecesariamente el consultorio, sino de un cierto tratamiento del poder que en\nel caso del psicoan\u00e1lisis se desestima para producir en todo caso, un nuevo\nposicionamiento frente a la falta.&nbsp; Es\ndecir si bien todo puede ser un dispositivo que subjetiva y desubjetiva, el\ndispositivo anal\u00edtico se pone en marcha en esa complicada red de relaciones que\nfavorecen la producci\u00f3n de un nuevo algo: un nuevo punto de vista, una duda\nsobre las certezas, otra forma de entender lo que se dice, sorpresas de\nescucharse decir algo, etc\u00e9tera. Es decir, cubre la funci\u00f3n de dispositivo en\ntanto confronta al sujeto mismo con los dispositivos que lo conforman y tome\nuna posici\u00f3n.&nbsp; El analista no desconoce\nque se trata de relaciones de poder y saber sino que al saberlo dimite de\nejercer esa posici\u00f3n y est\u00e1 escuchando lo que se teja en esa complicada red\ncitada. Si esto es as\u00ed, el dispositivo anal\u00edtico puede darse en esas\ncondiciones cuidadas del consultorio, pero tambi\u00e9n puede darse en diversas\ncircunstancias<\/em>.\u201d&nbsp; <\/p>\n\n\n\n<p class=\"wp-block-paragraph\">Este tiempo de pandemia, ha puesto sobre la mesa la\ncuesti\u00f3n de \u201cla escucha\u201d en el psicoan\u00e1lisis y el uso de tecnolog\u00edas.&nbsp; \u00bfEs factible esta combinaci\u00f3n? \u00bfSe produce la\natm\u00f3sfera propicia para que el analizante pueda escucharse a s\u00ed? \u00bfLa\ndisposici\u00f3n sensorial se produce frente a la pantalla? \u00bfNo obra la falta de la\npresencia del\/la analista? El\/la analista que me escucha detr\u00e1s de la pantalla,\npuede devolverme a mi propia escucha? \u00bfCatalizar el desplazamiento que estoy\nproduciendo, traer a la evidencia los quiebres y las aperturas? Porque aunque\nla\/el analista sea la intermediaria en esta escucha, las revelaciones me\nsorprenden a m\u00ed, la analizante, soy yo que estoy a la escucha de mi alteridad.\nDe lo que tengo que decirme tra\u00eddo de all\u00e1 del inconsciente y que a fuerza de\nenunciar y enunciar y enunciar, en alg\u00fan momento sucede que el enunciado ha\ngirado y significa otra cosa. &nbsp;El\nenunciado que var\u00eda implica un movimiento.<\/p>\n\n\n\n<p class=\"wp-block-paragraph\"><em>\u201cLacan \u2013cita Jean Luc Nancy en su libro A la Escucha, dice de la voz\nque se dice\u201d: aquello que, en lo dicho es otra cosa que lo dicho, en alg\u00fan\nsentido lo no dicho o el silencio, pero en igual medida el decir mismo y,\nadem\u00e1s, ese silencio dicente como el del espacio en el cual \u201cme escucho a m\u00ed\nmismo\u201d cuando capto significaciones cuando las oigo venir de otro o de mi\npensamiento (es lo mismo).S\u00f3lo puedo o\u00edrlas, efectivamente si las escucho\nresonar \u201cen m\u00ed\u201d.\u201d<\/em><\/p>\n\n\n\n<p class=\"wp-block-paragraph\">Por el psicoan\u00e1lisis logro reconocer mis esquemas\nviciados, tras los que me oculto y me justifico, yo negada a cualquier otra\nposibilidad escondida tras de mis soliloquios. \u00bfSe producir\u00e1 el momento m\u00e1gico\nen el que un \u201c\u00bfsi?\u201d oportunamente inquisitivo de la analista con su indubitable\ninflexi\u00f3n, me devuelva a la actitud de sospecha y me abra nuevas posibilidades,\ncada giro como una puerta abierta hacia lo indeterminado? &nbsp;\u00bfEse suceso se producir\u00e1 por la pantalla?<\/p>\n\n\n\n<p class=\"wp-block-paragraph\">El momento del destello de claridad luminosa. \u201cA la\nescucha de la luz\u201d, dice Jean Luc Nancy. <\/p>\n\n\n\n<p class=\"wp-block-paragraph\">\u00bfCu\u00e1l escucha? La sesi\u00f3n psicoanal\u00edtica en el recinto del analista, obra como el \u00e1mbito que produce el eco de los dichos del analizante en su tanto repetirse, hasta que se escucha a si mismo misma enunciando de otro modo, porque por fin se ha escuchado. Reorganiza as\u00ed el c\u00f3digo de sus valoraciones y de su inscribirse y proyectarse. <\/p>\n\n\n\n<p class=\"wp-block-paragraph\">&nbsp;Si est\u00e1 en\ncuesti\u00f3n la efectividad de la escucha, como la reverberaci\u00f3n en la que me\nescucho al fin, est\u00e1 en entredicho el proceso mismo. \u00bfD\u00f3nde se realiza? No\nopera el dispositivo anal\u00edtico, \u00bfc\u00f3mo se manifiesta el aura singular\u00edsima del\nacontecimiento? &nbsp;Me pregunto con W. Benjamin\nrefiri\u00e9ndose al arte y su reproductibilidad t\u00e9cnica, es decir, que si en\nmodalidad virtual se cumple la promesa infalible del psicoan\u00e1lisis de hallar\nrespuestas.<\/p>\n\n\n\n<p class=\"wp-block-paragraph\">&nbsp;Oaxaca en\netapa de sem\u00e1foro multidireccional, a discreci\u00f3n. 15 de junio de 2020.<\/p>\n\n\n\n<p class=\"has-small-font-size wp-block-paragraph\">&nbsp;Facebook:\nhttp:\/\/www.facebook.com\/OlimpiaFloresMirabilia<\/p>\n\n\n\n<p class=\"has-small-font-size wp-block-paragraph\">Twitter: @euphrasina<\/p>\n","protected":false},"excerpt":{"rendered":"<p>Psicoan\u00e1lisis por la pantalla<\/p>\n","protected":false},"author":3,"featured_media":18201,"comment_status":"open","ping_status":"open","sticky":false,"template":"","format":"standard","meta":{"_monsterinsights_skip_tracking":false,"footnotes":""},"categories":[691,133,134],"tags":[],"class_list":["post-21812","post","type-post","status-publish","format-standard","has-post-thumbnail","category-691","category-desobediencia","category-olimpia-flores-ortiz"],"_links":{"self":[{"href":"https:\/\/redsemlac.com\/semmexico\/wp-json\/wp\/v2\/posts\/21812","targetHints":{"allow":["GET"]}}],"collection":[{"href":"https:\/\/redsemlac.com\/semmexico\/wp-json\/wp\/v2\/posts"}],"about":[{"href":"https:\/\/redsemlac.com\/semmexico\/wp-json\/wp\/v2\/types\/post"}],"author":[{"embeddable":true,"href":"https:\/\/redsemlac.com\/semmexico\/wp-json\/wp\/v2\/users\/3"}],"replies":[{"embeddable":true,"href":"https:\/\/redsemlac.com\/semmexico\/wp-json\/wp\/v2\/comments?post=21812"}],"version-history":[{"count":0,"href":"https:\/\/redsemlac.com\/semmexico\/wp-json\/wp\/v2\/posts\/21812\/revisions"}],"wp:featuredmedia":[{"embeddable":true,"href":"https:\/\/redsemlac.com\/semmexico\/wp-json\/wp\/v2\/media\/18201"}],"wp:attachment":[{"href":"https:\/\/redsemlac.com\/semmexico\/wp-json\/wp\/v2\/media?parent=21812"}],"wp:term":[{"taxonomy":"category","embeddable":true,"href":"https:\/\/redsemlac.com\/semmexico\/wp-json\/wp\/v2\/categories?post=21812"},{"taxonomy":"post_tag","embeddable":true,"href":"https:\/\/redsemlac.com\/semmexico\/wp-json\/wp\/v2\/tags?post=21812"}],"curies":[{"name":"wp","href":"https:\/\/api.w.org\/{rel}","templated":true}]}}