{"id":21713,"date":"2020-06-11T20:13:57","date_gmt":"2020-06-11T20:13:57","guid":{"rendered":"https:\/\/redsemlac.com\/semmexico\/?p=21713"},"modified":"2023-07-21T16:24:24","modified_gmt":"2023-07-21T21:24:24","slug":"periodista-sonorense-habria-fallecido-por-intoxicacion-por-monoxido-de-carbono","status":"publish","type":"post","link":"https:\/\/redsemlac.com\/semmexico\/periodista-sonorense-habria-fallecido-por-intoxicacion-por-monoxido-de-carbono\/","title":{"rendered":"Periodista sonorense habr\u00eda fallecido por intoxicaci\u00f3n por mon\u00f3xido de carbono"},"content":{"rendered":"\n<ul class=\"wp-block-list\"><li><strong>Fiscal\u00eda sostiene que continuar\u00e1 investigando <\/strong><\/li><\/ul>\n\n\n\n<ul class=\"wp-block-list\"><li><strong>Tambi\u00e9n se report\u00f3 el asesinato de otro informador en Cajeme<\/strong><\/li><\/ul>\n\n\n\n<p class=\"wp-block-paragraph\"><strong>Redacci\u00f3n<\/strong><\/p>\n\n\n\n<p class=\"wp-block-paragraph\">SemM\u00e9xico,\nCiudad Obreg\u00f3n, Son., 10 de junio, 2020.- La Fiscal\u00eda General de Justicia del\nEstado de Sonora (FGJE) inform\u00f3 que la muerte de la periodista Alma Ang\u00e9lica A.D., y Jaime G.N., localizados sin vida\nayer, se debi\u00f3 a una intoxicaci\u00f3n por mon\u00f3xido de carbono.<\/p>\n\n\n\n<p class=\"wp-block-paragraph\">Los\nestudios de Carboxihemoglobina practicados en los cuerpos, en las instalaciones\nde Medicina Legal, de la FGJE, revel\u00f3 que se detect\u00f3 una concentraci\u00f3n letal de\nmon\u00f3xido de carbono en la sangre de las personas fallecidas, se\u00f1ala en un\ncomunicado.<\/p>\n\n\n\n<p class=\"wp-block-paragraph\">Ambos\nfueron localizados alrededor de las 07:20 horas de este mi\u00e9rcoles 10 de junio,\nen una de las habitaciones de un hotel ubicado a un costado del kil\u00f3metro 218.3\nde la Carretera Internacional, tramo Ciudad Obreg\u00f3n-Navojoa.<\/p>\n\n\n\n<p class=\"wp-block-paragraph\">Acudieron\nsocorristas de la Cruz Roja, determinaron que estaban sin vida, a simple vista\nno se presenciaron signos de violencia, se proces\u00f3 el lugar por personal de la\nFiscal\u00eda de Justicia en busca de indicios para el esclarecimiento de los\nhechos. <\/p>\n\n\n\n<p class=\"wp-block-paragraph\">Al\nser trasladados los cuerpos a las instalaciones de la FGJE en Ciudad Obreg\u00f3n,\nla autopsia no encontr\u00f3 evidencia de violencia f\u00edsica. <\/p>\n\n\n\n<p class=\"wp-block-paragraph\">Los\npar\u00e1metros de la Carboxihemoglobina indican nivel que por debajo del 10 % es\nnormal; del 10 al 20 % es subcl\u00ednica, afecci\u00f3n que no presenta signos o\ns\u00edntomas; superior al 20 % puede ser t\u00f3xico y superior al 40% puede ser letal.<\/p>\n\n\n\n<p class=\"wp-block-paragraph\">De\nla muestra extra\u00edda en Ang\u00e9lica present\u00f3 una concentraci\u00f3n preliminar de\nCarboxihemoglobina superior al 60 %, por lo tanto, present\u00f3 una concentraci\u00f3n\nletal por mon\u00f3xido de carbono, en Jaime Alberto fue cerca del 70 %.<\/p>\n\n\n\n<p class=\"wp-block-paragraph\">Esto\nes que, las personas hoy occisas, estuvieron aspirando por largo tiempo el\nmon\u00f3xido de carbono emanado por el veh\u00edculo, que dejaron encendido durante su\nestancia en la habitaci\u00f3n.&nbsp; <\/p>\n\n\n\n<p class=\"wp-block-paragraph\">Revel\u00f3,\nque adem\u00e1s el cuerpo de la periodista presenta sangrado en la cabeza y se\nadvierte trayectoria de desplome desde su propia altura.&nbsp; No hubo indicios de violencia en el lugar del\nhallazgo y anunci\u00f3 que se continuar\u00e1 investigando.<\/p>\n\n\n\n<p class=\"wp-block-paragraph\">Alma\nAng\u00e9lica A.D. era reportera del Diario del Yaqui.<\/p>\n\n\n\n<p class=\"wp-block-paragraph\">Por otra parte, en esta entidad se dio a conocer el asesinato de  Jos\u00e9 Castillo, al parecer con arma blanca en la calle Privada San Mart\u00edn, colonia Campanario.<\/p>\n\n\n\n<p class=\"wp-block-paragraph\">Castillo\nten\u00eda un portal de noticias en Facebook titulado \u00abPrioridad M\u00e1xima\u00bb,\nespecializado en informaci\u00f3n polic\u00edaca. <\/p>\n\n\n\n<p class=\"wp-block-paragraph\">SEM\/sj<\/p>\n","protected":false},"excerpt":{"rendered":"<p>Tambi\u00e9n se report\u00f3 el asesinato de otro informador en Cajeme<\/p>\n","protected":false},"author":3,"featured_media":21714,"comment_status":"open","ping_status":"open","sticky":false,"template":"","format":"standard","meta":{"_monsterinsights_skip_tracking":false,"footnotes":""},"categories":[691,55],"tags":[],"class_list":["post-21713","post","type-post","status-publish","format-standard","has-post-thumbnail","category-691","category-periodistas"],"_links":{"self":[{"href":"https:\/\/redsemlac.com\/semmexico\/wp-json\/wp\/v2\/posts\/21713","targetHints":{"allow":["GET"]}}],"collection":[{"href":"https:\/\/redsemlac.com\/semmexico\/wp-json\/wp\/v2\/posts"}],"about":[{"href":"https:\/\/redsemlac.com\/semmexico\/wp-json\/wp\/v2\/types\/post"}],"author":[{"embeddable":true,"href":"https:\/\/redsemlac.com\/semmexico\/wp-json\/wp\/v2\/users\/3"}],"replies":[{"embeddable":true,"href":"https:\/\/redsemlac.com\/semmexico\/wp-json\/wp\/v2\/comments?post=21713"}],"version-history":[{"count":0,"href":"https:\/\/redsemlac.com\/semmexico\/wp-json\/wp\/v2\/posts\/21713\/revisions"}],"wp:featuredmedia":[{"embeddable":true,"href":"https:\/\/redsemlac.com\/semmexico\/wp-json\/wp\/v2\/media\/21714"}],"wp:attachment":[{"href":"https:\/\/redsemlac.com\/semmexico\/wp-json\/wp\/v2\/media?parent=21713"}],"wp:term":[{"taxonomy":"category","embeddable":true,"href":"https:\/\/redsemlac.com\/semmexico\/wp-json\/wp\/v2\/categories?post=21713"},{"taxonomy":"post_tag","embeddable":true,"href":"https:\/\/redsemlac.com\/semmexico\/wp-json\/wp\/v2\/tags?post=21713"}],"curies":[{"name":"wp","href":"https:\/\/api.w.org\/{rel}","templated":true}]}}