{"id":21564,"date":"2020-06-08T17:12:41","date_gmt":"2020-06-08T17:12:41","guid":{"rendered":"https:\/\/redsemlac.com\/semmexico\/?p=21564"},"modified":"2023-07-21T16:23:09","modified_gmt":"2023-07-21T21:23:09","slug":"miradas-de-reportero-37","status":"publish","type":"post","link":"https:\/\/redsemlac.com\/semmexico\/miradas-de-reportero-37\/","title":{"rendered":"Miradas de reportero"},"content":{"rendered":"\n<h2 class=\"wp-block-heading\">Caduc\u00f3 aquel 7 de junio. M\u00e1s libertad de prensa y nuevos obst\u00e1culos <\/h2>\n\n\n\n<p class=\"wp-block-paragraph\"><strong>Rogelio Hern\u00e1ndez L\u00f3pez<\/strong><\/p>\n\n\n\n<p class=\"wp-block-paragraph\">SemM\u00e9xico,\n8 de junio, 2020.- Sinceramente calcul\u00e9 que el Presidente L\u00f3pez Obrador ya no\nconvocar\u00eda a realizar acto formal para conmemorar, este 7 de junio, el d\u00eda de\nla libertad de prensa que impusieron en 1951, con visi\u00f3n convenenciera, empresarios\nde medios y Miguel Alem\u00e1n Vald\u00e9s. Que bueno que no lo hizo.<\/p>\n\n\n\n<p class=\"wp-block-paragraph\">Muchos\nperiodistas creemos que esa ha sido una rememoraci\u00f3n infamante. Hoy, sus motivaciones\nya son diacr\u00f3nicas. Debe desaparecer. Aquel modelo s\u00ed ensanch\u00f3 la libertad, pero\nde la empresa de prensa. Por consecuencia, entroniz\u00f3 un sistema de\nconveniencias mutuas en todo el pa\u00eds.<\/p>\n\n\n\n<p class=\"wp-block-paragraph\">Las\nmutuas conveniencias, crearon un r\u00e9gimen mercantil que propici\u00f3 el desarrollo\nde grandes corporativos. Ese modelo corporativista les facilit\u00f3 elegir,\ndosificar, administrar la informaci\u00f3n de inter\u00e9s p\u00fablico y acaparar el gasto\np\u00fablico publicitario en todos los niveles, lo que obstaculiz\u00f3, precariz\u00f3 y\nvulnerabiliz\u00f3 a empresas peque\u00f1as y a miles de periodistas.<\/p>\n\n\n\n<p class=\"wp-block-paragraph\"><strong>Viene\notro modelo<\/strong><\/p>\n\n\n\n<p class=\"wp-block-paragraph\">Poco a\npoco la libertad de prensa en M\u00e9xico ya no es se\u00f1or\u00edo de las grandes empresas;\nse ha ido diluyendo su supremac\u00eda en el mercado por la incorporaci\u00f3n de miles\nde nuevos actores por las nuevas tecnolog\u00edas. La libertad de la informaci\u00f3n y\nde la prensa se ampli\u00f3 tambi\u00e9n por la reducci\u00f3n de cotos que le daban poder al\nEstado en ese sistema de conveniencias, gracias tambi\u00e9n a las muchas movilizaciones\nciudadanas y la politizaci\u00f3n social; gracias al avance de los derechos\nsociales. Factor de avance son otras pr\u00e1cticas m\u00e1s profesionales, m\u00e1s \u00e9ticas,\nde cientos, y quiz\u00e1 miles, de periodistas bien formados que, a pesar de muchas\nprecariedades, realizan un ejercicio period\u00edstico de cercan\u00eda y de\nresponsabilidad social.<\/p>\n\n\n\n<p class=\"wp-block-paragraph\">La\ncaracter\u00edstica m\u00e1s importante que resta de aquel modelo (el elevado y\narbitrario gasto p\u00fablico en publicidad) ha comenzado a reducirse y a quitarle\nla forma de subsidio disfrazado para las grandes empresas que mercantilizan la\ninformaci\u00f3n. <\/p>\n\n\n\n<p class=\"wp-block-paragraph\">No se\nhab\u00eda tenido en M\u00e9xico tal liberaci\u00f3n de la informaci\u00f3n de inter\u00e9s p\u00fablico, de\nlibertad para hacer periodismo, de libertad de la prensa en general. Pero la\natajan varios fen\u00f3menos que el nuevo r\u00e9gimen podr\u00eda disminuir: las agresiones,\nla impunidad, la alta precariedad de periodistas profesionales, la obstrucci\u00f3n\ndel debate cr\u00edtico en el \u00e1mbito digital y un derecho de r\u00e9plica de gobernantes alegal\ne inequitativo. <\/p>\n\n\n\n<p class=\"wp-block-paragraph\">Veamos\npor partes:<\/p>\n\n\n\n<p class=\"wp-block-paragraph\"><strong>Aquel\nmodelo de los 80<\/strong><\/p>\n\n\n\n<p class=\"wp-block-paragraph\">Apenas\neste 30 de mayo de 2020 periodistas de distintas formaciones rememoramos el\nasesinato de Manuel Buend\u00eda Tellezgir\u00f3n porque simboliza el momento en que un\nperiodista destacado fue abatido en un contexto en que crec\u00edan y se tornaban\nincontrolables males como la corrupci\u00f3n y la delincuencia organizada. Evocamos las\nlimitaciones a la libertad de prensa que hab\u00eda en los a\u00f1os 80, cu\u00e1ndo Buend\u00eda\nera el columnista m\u00e1s influyente. En un ensayo que public\u00f3 la revista Z\u00f3calo\nanot\u00e9 lo siguiente:<\/p>\n\n\n\n<p class=\"wp-block-paragraph\">Si\nhab\u00eda vetos y censura indirecta. Los temas vetados para la cr\u00edtica eran: el\nPresidente de la Rep\u00fablica, su familia, el ej\u00e9rcito, dependencias que daban\nanuncios (IMSS, Hacienda, Loter\u00eda Nacional, etc\u00e9tera, etc\u00e9tera) el PRI (a menos\nque all\u00ed mismo se filtraran datos de priistas en conflicto con su partido), los\ngobernadores, (igual aqu\u00ed solo pasaban filtraciones), los socios o amigos del\ndue\u00f1o del medio y la Virgen de Guadalupe.<\/p>\n\n\n\n<p class=\"wp-block-paragraph\">Las\npartes actuaban por conveniencias mutuas<strong>.<\/strong> Los vetos no eran por censura previa\nde gobierno, se impon\u00edan con los mandos de los medios (autocensura\nconvenenciera), pero para garantizar su vigencia se auspiciaba el contexto\nfavorable para asumir que la prensa (y por tanto la informaci\u00f3n) eran sujetos\nen el r\u00e9gimen mercantil y no un servicio p\u00fablico. <\/p>\n\n\n\n<p class=\"wp-block-paragraph\">El\nEstado ten\u00eda un cat\u00e1logo de medidas duras y blandas para su control: administraci\u00f3n\noficial de la producci\u00f3n y venta del papel para impresos; entrega, arbitraria y\ngenerosa de la publicidad oficial; reparto monopolizado de ediciones impresas\n(Uni\u00f3n de Voceadores); permisos y tiempos muy controlados para la radio y\ntelevisi\u00f3n; condonaci\u00f3n o cobros arbitrarios de impuestos (Hacienda); descuentos\ngenerosos o pagos exorbitantes al IMSS; est\u00edmulos o apoyos econ\u00f3micos sin\nfacturas (rescates eventuales para pagos de n\u00f3mina, embutes regulares para\nfuncionarios y algunos columnistas, chayos para reporteros y reporteros\ngr\u00e1ficos). Y en caso de resistencias o descontroles, despidos recomendados,\ncobros de adeudos, cierres, clausuras o despojo de medios. La consecuencia\nnegativa para toda la sociedad era la \u201cadministraci\u00f3n\u201d de la informaci\u00f3n, poca\npluralidad de fuentes y de opiniones.<\/p>\n\n\n\n<p class=\"wp-block-paragraph\"><strong>Una\nfoto de 2015<\/strong><\/p>\n\n\n\n<p class=\"wp-block-paragraph\">En otro\nensayo, este para Freedom House para un informe a la ONU sobre derechos\nhumanos, comprar\u00e9 dos momentos de los a\u00f1os 80 con el 2015 y sobresal\u00edan algunos\ncambios positivos:<\/p>\n\n\n\n<p class=\"wp-block-paragraph\">Factores\nexternos que desarrollaron capacidades y libertades del periodismo<strong>. <\/strong>La evoluci\u00f3n\nacelerada de las nuevas tecnolog\u00edas propici\u00f3 m\u00e1s inversi\u00f3n de las grandes\nempresas; actividad boyante del mercado de la publicidad privada en los medios;\nacelerada academizaci\u00f3n de periodistas y comunicadores (miles de egresados);\npresencia destacada de periodistas y medios que promovieron un ejercicio menos\natado al sistema de conveniencias (unom\u00e1suno, Proceso, La Jornada, Reforma,\nMilenio y nuevos diarios digitales, muchos n\u00facleos de ex miembros de la Uni\u00f3n\nde Periodistas Democr\u00e1ticos en redacciones de todo el pa\u00eds). Todo eso\nrepercuti\u00f3 en m\u00e1s y mejores m\u00e9todos de trabajo, nuevas t\u00e9cnicas y m\u00e1s pautas\ndeontol\u00f3gicas para el periodismo. <\/p>\n\n\n\n<p class=\"wp-block-paragraph\">Algunos\ncambios del Estado.\nSigui\u00f3 sin aplicarse la censura previa; por libertad de medios y periodistas disminuyeron\nlos temas tab\u00fas; PIPSA ya no ten\u00eda el control del papel para medios impresos;\ntermin\u00f3 el reparto monopolizado de ediciones impresas (Uni\u00f3n de Voceadores);\npor nuevas leyes y acuerdos se redujo la discrecionalidad al otorgamiento de\nconcesiones, permiso y tiempos para la radio y televisi\u00f3n; disminuy\u00f3\nsensiblemente la entrega sin factura de est\u00edmulos o apoyos econ\u00f3micos (apoyos,\nembutes y chayos); en general las empresas de prensa regularizaron sus\nrelaciones con el IMSS (pero siguieron evadiendo declarar salarios reales). El\ngasto publicitario creci\u00f3 desmesuradamente y se aplic\u00f3 arbitrariamente y poco\ntransparente (hay c\u00e1lculos que entre 2012 y 2018 s\u00f3lo el ejecutivo federal\nerog\u00f3 entre 18 y 19 mil millones de pesos y al menos 50 por ciento m\u00e1s en\nestados y municipios); persisti\u00f3 el amago en condonaci\u00f3n o cobros arbitrarios\nde impuestos (Hacienda).<\/p>\n\n\n\n<p class=\"wp-block-paragraph\">Las\nconsecuencias fueron: ampliaci\u00f3n de la libertad de prensa por desarrollo de la\nautonom\u00eda operativa de medios industriales y medianos y el ejercicio m\u00e1s libre\nde cientos de periodistas; circul\u00f3 m\u00e1s informaci\u00f3n de inter\u00e9s p\u00fablico de\ncalidad y se ampli\u00f3 la pluralidad ideol\u00f3gica y pol\u00edtica en todas las\nplataformas. Lo m\u00e1s negativo fue que desde 1984 comenz\u00f3 el execrable ciclo de\nagravios y cr\u00edmenes a medios y personas vinculadas con el periodismo con un\n\u00edndice cercano al 96 por ciento de impunidad a pesar de que se hab\u00edan creado\nuna ley federal, 22 leyes en los estados, un mecanismo de protecci\u00f3n federal, 4\nmecanismos activos en los estados, una fiscal\u00eda especial de la federaci\u00f3n y\nfiscal\u00edas.<\/p>\n\n\n\n<p class=\"wp-block-paragraph\"><strong>Hacia\nun nuevo modelo<\/strong><\/p>\n\n\n\n<p class=\"wp-block-paragraph\">Independientemente\nde la incertidumbre que asola el futuro econ\u00f3mico de los medios de comunicaci\u00f3n\ny de la mayor\u00eda de empresas de prensa por el entorno de varias crisis y por la\nparalizaci\u00f3n que impuso la pandemia en el mundo, los valladares m\u00e1s importantes\nde hoy para ejercer un periodismo m\u00e1s libre y seguro en M\u00e9xico son:<\/p>\n\n\n\n<p class=\"wp-block-paragraph\">La\nviolencia que proviene tanto de servidores p\u00fablicos de distintos niveles que\nson criticados en medios impresos y digitales; la violencia irrefrenable de la\ndelincuencia organizada; la impunidad; el desempleo ampliado y la precarizaci\u00f3n\nlaboral de miles de mujeres y hombres periodistas profesionales la obstrucci\u00f3n\ndel debate cr\u00edtico en el \u00e1mbito digital y un derecho de r\u00e9plica de gobernantes\nalegal e inequitativo que crea atm\u00f3sferas de vulnerabilidad para el ejercicio.<\/p>\n\n\n\n<p class=\"wp-block-paragraph\">De las\nacciones del gobierno federal las principales que est\u00e1n pendientes de precisar:<\/p>\n\n\n\n<p class=\"wp-block-paragraph\">El modelo\nque realmente quieren para la comunicaci\u00f3n social del Estado para toda la\nsociedad.<\/p>\n\n\n\n<p class=\"wp-block-paragraph\">La\nnueva ley de comunicaci\u00f3n que ofrezca transparencia en los convenios de\npublicidad, con equidad para todos los medios de prensa (mercantiles, sociales,\nno lucrativos) y como auxilio a los medios p\u00fablicos reforzados para ampliar la\ninformaci\u00f3n de inter\u00e9s general. <\/p>\n\n\n\n<p class=\"wp-block-paragraph\">Apoyar\ny activar a la altura de los problemas que atienden al Mecanismo de Protecci\u00f3n\ny la Fiscal\u00eda Especial.<\/p>\n\n\n\n<p class=\"wp-block-paragraph\">Responder\na las peticiones de transparencia.<\/p>\n\n\n\n<p class=\"wp-block-paragraph\">Respetar\nla ley de r\u00e9plica. <\/p>\n\n\n\n<p class=\"wp-block-paragraph\">Y si\nhubiera que hacer otros pactos del Estado con actores del periodismo, tendr\u00eda\nque ser espec\u00edficamente con las y los trabajadores profesionales del periodismo\npara que impulsen formas de autoprotecci\u00f3n, de autoempleo y de capacitaci\u00f3n\npermanente para que sigan siendo, con libertad y seguridad, los garantes de la\ncirculaci\u00f3n de la informaci\u00f3n sin los retenes del inter\u00e9s mercantil y de los\npol\u00edticos.<\/p>\n\n\n\n<p class=\"wp-block-paragraph\">Por lo\npronto dos se\u00f1ales ser\u00edan dables: no generalizar cuando se replica o cr\u00edtica en\nel podio presidencial malas pr\u00e1cticas de algunos editores, opinadores o\nreporteros e institucionalizar una nueva fecha para las evaluaciones de la\nlibertad de prensa de las y los periodistas. Esa fecha simb\u00f3lica debiera ser el\n30 de mayo evocando a Manuel Buend\u00eda Tellezgir\u00f3n, uno de los primeros sacrificados\npor los nuevos males de M\u00e9xico que alcanzan al periodismo.<\/p>\n","protected":false},"excerpt":{"rendered":"<p>Caduc\u00f3 aquel 7 de junio. M\u00e1s libertad de prensa y nuevos obst\u00e1culos <\/p>\n","protected":false},"author":3,"featured_media":8473,"comment_status":"open","ping_status":"open","sticky":false,"template":"","format":"standard","meta":{"_monsterinsights_skip_tracking":false,"footnotes":""},"categories":[691,106,85],"tags":[],"class_list":["post-21564","post","type-post","status-publish","format-standard","has-post-thumbnail","category-691","category-mirada-de-reportero","category-rogelio-hernandez-lopez"],"_links":{"self":[{"href":"https:\/\/redsemlac.com\/semmexico\/wp-json\/wp\/v2\/posts\/21564","targetHints":{"allow":["GET"]}}],"collection":[{"href":"https:\/\/redsemlac.com\/semmexico\/wp-json\/wp\/v2\/posts"}],"about":[{"href":"https:\/\/redsemlac.com\/semmexico\/wp-json\/wp\/v2\/types\/post"}],"author":[{"embeddable":true,"href":"https:\/\/redsemlac.com\/semmexico\/wp-json\/wp\/v2\/users\/3"}],"replies":[{"embeddable":true,"href":"https:\/\/redsemlac.com\/semmexico\/wp-json\/wp\/v2\/comments?post=21564"}],"version-history":[{"count":0,"href":"https:\/\/redsemlac.com\/semmexico\/wp-json\/wp\/v2\/posts\/21564\/revisions"}],"wp:featuredmedia":[{"embeddable":true,"href":"https:\/\/redsemlac.com\/semmexico\/wp-json\/wp\/v2\/media\/8473"}],"wp:attachment":[{"href":"https:\/\/redsemlac.com\/semmexico\/wp-json\/wp\/v2\/media?parent=21564"}],"wp:term":[{"taxonomy":"category","embeddable":true,"href":"https:\/\/redsemlac.com\/semmexico\/wp-json\/wp\/v2\/categories?post=21564"},{"taxonomy":"post_tag","embeddable":true,"href":"https:\/\/redsemlac.com\/semmexico\/wp-json\/wp\/v2\/tags?post=21564"}],"curies":[{"name":"wp","href":"https:\/\/api.w.org\/{rel}","templated":true}]}}