{"id":2151,"date":"2016-11-14T17:46:53","date_gmt":"2016-11-14T17:46:53","guid":{"rendered":"https:\/\/redsemlac.com\/semmexico\/?p=2151"},"modified":"2023-07-21T14:23:44","modified_gmt":"2023-07-21T19:23:44","slug":"en-la-capital-de-zacatecas-habra-elecciones-extraordinarias","status":"publish","type":"post","link":"https:\/\/redsemlac.com\/semmexico\/en-la-capital-de-zacatecas-habra-elecciones-extraordinarias\/","title":{"rendered":"En la capital de Zacatecas habr\u00e1 elecciones extraordinarias"},"content":{"rendered":"\n<p class=\"wp-block-paragraph\"><a href=\"https:\/\/www.semmexico.com\/gallery-post.php?id=162#\">Redacci\u00f3n<\/a><\/p>\n\n\n\n<p class=\"wp-block-paragraph\">SemM\u00e9xico, Cd. de M\u00e9xico, 14 noviembre 2016.- El Observatorio de Participaci\u00f3n Pol\u00edtica de Mujeres en Zacatecas llam\u00f3 a las candidatas a cargos de elecci\u00f3n popular para que informen sobre los diversos tipos de violencia pol\u00edtica de que son v\u00edctimas.<br><br>En la capital zacatecana habra elecciones extraordinarias, cuya jornada comicial se realizar\u00e1 el pr\u00f3ximo 4 de diciembre, ante ello el Observatorio realiz\u00f3 su Segunda Sesi\u00f3n Ordinaria para definir acciones ante la violencia y discriminaci\u00f3n que a\u00fan viven las mujeres dentro de los partidos pol\u00edticos.<br><br>El pleno emitir\u00e1 un comunicado, dirigido a las candidatas, para darles a conocer el protocolo de atenci\u00f3n que se seguir\u00e1 en los casos en que se presente violencia pol\u00edtica contra ellas durante los comicios extraordinarios en que se elegir\u00e1 el Ayuntamiento de Zacatecas.<br><br>Adem\u00e1s, procurar\u00e1n mecanismos jur\u00eddicos para continuar con la eliminaci\u00f3n de la violencia pol\u00edtica por razones de g\u00e9nero, as\u00ed como visibilizar, de manera cualitativa, la violencia pol\u00edtica que viven las candidatas.<br><br>Las integrantes del Observatorio acordaron que el Comit\u00e9 Ejecutivo estar\u00e1 conformado por representantes de los tres organismos permanentes (TRIJEZ, IEEZ y Semujer), dos de estrat\u00e9gicos (Centro de Justicia para Mujeres y Comisi\u00f3n de Igualdad de la legislatura local) y dos de organizaciones civiles.<br><br>El objetivo del observatorio es coordinar las acciones estatales a favor de la participaci\u00f3n pol\u00edtica y en la toma de decisiones de las zacatecanas, a fin de lograr sinergias y generar pol\u00edticas p\u00fablicas a favor de la igualdad sustantiva entre hombres y mujeres.<br><br>Finalmente, durante esta segunda sesi\u00f3n ordinaria dieron a conocer la competencia de cada una de las partes que integran el Observatorio de Participaci\u00f3n Pol\u00edtica de las Mujeres de Zacatecas.<br><br>Asistieron representantes de Tribunal de Justicia Electoral del Estado (TRIJEZ), Instituto Electoral del Estado de Zacatecas (IEEZ) y la Secretar\u00eda de las Mujeres (Semujer).<br><br>Adem\u00e1s, de las comisiones de Igualdad de la Legislatura del Estado y de Derechos Humanos (CDHEZ), Centro de Justicia para Mujeres, Instituto Nacional de las Mujeres (Inmujeres), as\u00ed como la Coordinaci\u00f3n Feminista Olympia de Gouges y Observatorio de Agenda de G\u00e9nero Luna de Hypatia, y la Fundaci\u00f3n por la Diversidad y la Igualdad.<\/p>\n","protected":false},"excerpt":{"rendered":"<p>Redacci\u00f3n SemM\u00e9xico, Cd. de M\u00e9xico, 14 noviembre 2016.- El Observatorio de Participaci\u00f3n Pol\u00edtica de Mujeres en Zacatecas llam\u00f3 a las candidatas a cargos de elecci\u00f3n popular para que informen sobre los diversos tipos de violencia pol\u00edtica de que son v\u00edctimas. En la capital zacatecana habra elecciones extraordinarias, cuya jornada comicial se realizar\u00e1 el pr\u00f3ximo 4 [&hellip;]<\/p>\n","protected":false},"author":3,"featured_media":2152,"comment_status":"open","ping_status":"open","sticky":false,"template":"","format":"standard","meta":{"_monsterinsights_skip_tracking":false,"footnotes":""},"categories":[688,31],"tags":[],"class_list":["post-2151","post","type-post","status-publish","format-standard","has-post-thumbnail","category-688","category-elecciones-2016"],"_links":{"self":[{"href":"https:\/\/redsemlac.com\/semmexico\/wp-json\/wp\/v2\/posts\/2151","targetHints":{"allow":["GET"]}}],"collection":[{"href":"https:\/\/redsemlac.com\/semmexico\/wp-json\/wp\/v2\/posts"}],"about":[{"href":"https:\/\/redsemlac.com\/semmexico\/wp-json\/wp\/v2\/types\/post"}],"author":[{"embeddable":true,"href":"https:\/\/redsemlac.com\/semmexico\/wp-json\/wp\/v2\/users\/3"}],"replies":[{"embeddable":true,"href":"https:\/\/redsemlac.com\/semmexico\/wp-json\/wp\/v2\/comments?post=2151"}],"version-history":[{"count":0,"href":"https:\/\/redsemlac.com\/semmexico\/wp-json\/wp\/v2\/posts\/2151\/revisions"}],"wp:featuredmedia":[{"embeddable":true,"href":"https:\/\/redsemlac.com\/semmexico\/wp-json\/wp\/v2\/media\/2152"}],"wp:attachment":[{"href":"https:\/\/redsemlac.com\/semmexico\/wp-json\/wp\/v2\/media?parent=2151"}],"wp:term":[{"taxonomy":"category","embeddable":true,"href":"https:\/\/redsemlac.com\/semmexico\/wp-json\/wp\/v2\/categories?post=2151"},{"taxonomy":"post_tag","embeddable":true,"href":"https:\/\/redsemlac.com\/semmexico\/wp-json\/wp\/v2\/tags?post=2151"}],"curies":[{"name":"wp","href":"https:\/\/api.w.org\/{rel}","templated":true}]}}