{"id":21353,"date":"2020-06-01T19:28:25","date_gmt":"2020-06-01T19:28:25","guid":{"rendered":"https:\/\/redsemlac.com\/semmexico\/?p=21353"},"modified":"2023-07-21T16:23:14","modified_gmt":"2023-07-21T21:23:14","slug":"quidaaquientequida-busca-garantizar-los-derechos-de-trabajadoras-del-hogar","status":"publish","type":"post","link":"https:\/\/redsemlac.com\/semmexico\/quidaaquientequida-busca-garantizar-los-derechos-de-trabajadoras-del-hogar\/","title":{"rendered":"#CuidaAQuienTeCuida busca garantizar los derechos de trabajadoras del hogar"},"content":{"rendered":"\n<ul class=\"wp-block-list\"><li><strong> La iniciativa tiene un video realizado por Alfonso Cuar\u00f3n<\/strong><\/li><\/ul>\n\n\n\n<ul class=\"wp-block-list\"><li><strong> Solo el 1 % de las trabajadoras del hogar tienen seguridad social<\/strong><\/li><\/ul>\n\n\n\n<p class=\"wp-block-paragraph\"><strong>Redacci\u00f3n <\/strong><\/p>\n\n\n\n<p class=\"wp-block-paragraph\">SemM\u00e9xico,\nChilpancingo, Gro., 1 de junio, 2020.- El Centro de Apoyo y Capacitaci\u00f3n para el Empleadas del Hogar (CACEH) llam\u00f3 a\nla solidaridad con las personas trabajadoras del hogar para garantizar sus\nderechos laborales, al dar inicio a la campa\u00f1a <em>#CuidaAQuienTeCuida.<\/em><\/p>\n\n\n\n<p class=\"wp-block-paragraph\">Entre\notras acciones, la campa\u00f1a comprende un video hecho por el realizador\ncinematogr\u00e1fico Alfonso Cuar\u00f3n y busca que las personas empleadoras reflexionen\nsobre el trabajo que realizan las trabajadoras del hogar y que en su gran\nmayor\u00eda se quedaron sin empleo a consecuencia de la contingencia sanitaria.<\/p>\n\n\n\n<p class=\"wp-block-paragraph\">\u201cAl no\ncontar con seguro social, muchas trabajadoras quedan desprotegidas\necon\u00f3micamente y tambi\u00e9n en su derecho al cuidado de su salud. Adem\u00e1s, muchas\nde ellas han sido despedidas sin goce de salario sin pensar que muchas de ellas\nviven al d\u00eda, en condiciones precarias y que necesitan de un ingreso\u201d, se\u00f1al\u00f3\nMarcelina Bautista, vocera y fundadora de CACEH y del Sindicato Nacional de Trabajadores y\nTrabajadoras del Hogar (SINACTRAHO),<\/p>\n\n\n\n<p class=\"wp-block-paragraph\">Por otra\nparte, se sumaron instituciones p\u00fablicas como las secretar\u00edas de Gobernaci\u00f3n y\nBienestar, Instituto Nacional de las Mujeres (INMUJERES), el Consejo Nacional para Prevenir la Discriminaci\u00f3n (CONAPRED), la Comisi\u00f3n\nNacional para Prevenir y Erradicar la Violencia contra la Mujeres (CONAVIM) y\nel Instituto Nacional de Desarrollo Social (Indesol).<\/p>\n\n\n\n<figure class=\"wp-block-embed-twitter aligncenter wp-block-embed is-type-rich is-provider-twitter\"><div class=\"wp-block-embed__wrapper\">\n<blockquote class=\"twitter-tweet\" data-width=\"550\" data-dnt=\"true\"><p lang=\"es\" dir=\"ltr\">Muchas trabajadoras del hogar han perdido trabajos por la crisis \ud83d\ude25<br><br>Como trabajadoras esperamos que nuestros empleadores cumplan con nuestros derechos laborales y nos paguen nuestro salario. <a href=\"https:\/\/twitter.com\/hashtag\/HazLoCorrecto?src=hash&amp;ref_src=twsrc%5Etfw\">#HazLoCorrecto<\/a> <a href=\"https:\/\/twitter.com\/hashtag\/CuidaAQuienTeCuida?src=hash&amp;ref_src=twsrc%5Etfw\">#CuidaAQuienTeCuida<\/a><br>\ud83d\ude4b\u200d\u2640\ufe0f\ud83d\ude4b\u200d\u2642\ufe0fS\u00famate en  <a href=\"https:\/\/t.co\/ZUu3ADxq3L\">https:\/\/t.co\/ZUu3ADxq3L<\/a> <a href=\"https:\/\/t.co\/nCz0DyqnA5\">pic.twitter.com\/nCz0DyqnA5<\/a><\/p>&mdash; CACEH Nacional (@CACEHNACIONAL) <a href=\"https:\/\/twitter.com\/CACEHNACIONAL\/status\/1265284445319368705?ref_src=twsrc%5Etfw\">May 26, 2020<\/a><\/blockquote><script async src=\"https:\/\/platform.twitter.com\/widgets.js\" charset=\"utf-8\"><\/script>\n<\/div><\/figure>\n\n\n\n<p class=\"wp-block-paragraph\">En M\u00e9xico, 2.3 millones de personas&nbsp;&#8211; 90 por ciento mujeres- se\ndedican al trabajo en el hogar, al menos una de cada tres trabajadoras son\njefas de familia, dependen de sus ingresos diarios que suelen estar por debajo\ndel salario m\u00ednimo, para sostener a sus familias.<\/p>\n\n\n\n<p class=\"wp-block-paragraph\">Solo el uno por ciento de las trabajadoras del hogar\ntienen seguridad social y contrato, por lo que las personas empleadoras tienen\nla obligaci\u00f3n asumir los gastos de enfermedad, se\u00f1al\u00f3 el Instituto Nacional de\nlas Mujeres (Inmujeres), al sumarse a la campa\u00f1a <em>#CuidaAQuienTeCuida.<\/em><\/p>\n\n\n\n<p class=\"wp-block-paragraph\">Asimismo, las personas\nempleadoras tienen la obligaci\u00f3n de pagarles su sueldo \u00edntegro aun durante la\ntemporada de la Sana Distancia, asegura en un comunicado INMUJERES.<\/p>\n\n\n\n<p class=\"wp-block-paragraph\">Con&nbsp;los&nbsp;hashtags&nbsp;#CuidaAQuienTeCuida y #HazLoCorrecto,\nla campa\u00f1a busca crear conciencia entre la poblaci\u00f3n empleadora, a asumir su\nresponsabilidad y contin\u00faen pagando el salario sin restricci\u00f3n alguna, en lo\nque resta de la contingencia.<\/p>\n\n\n\n<p class=\"wp-block-paragraph\">A esta cruzada se han sumado Organizaciones de la sociedad civil como\nFondo Semillas, Nosotrxs, Hogar Justo Hogar, Instituto de Liderazgo Simone de\nBeauvoir (ILSB), WIEGO y el Sindicato Nacional de Trabajadores y Trabajadoras\ndel Hogar (SINACTRAHO), as\u00ed como organismos internacionales como ONU Mujeres y\nla Organizaci\u00f3n Internacional del Trabajo (OIT).<\/p>\n\n\n\n<p class=\"wp-block-paragraph\">El INMUJERES comparte la publicaci\u00f3n del Directorio de\nApoyos y Servicios para Trabajadoras del Hogar Remuneradas en la liga <a href=\"http:\/\/cedoc.inmujeres.gob.mx\/documentos_download\/101297.pdf\">http:\/\/cedoc.inmujeres.gob.mx\/documentos_download\/101297.pdf<\/a> y difunde &nbsp;el correo <a href=\"mailto:trabajodelhogar@conapred.org.mx\">trabajodelhogar@conapred.org.mx<\/a> del CONAPRED, para la presentaci\u00f3n de cualquier queja relacionada con\nactos discriminatorios.<\/p>\n\n\n\n<p class=\"wp-block-paragraph\">SEM\/jap-em\/sj<\/p>\n","protected":false},"excerpt":{"rendered":"<p> La iniciativa tiene un video realizado por Alfonso Cuar\u00f3n<\/p>\n","protected":false},"author":3,"featured_media":21354,"comment_status":"open","ping_status":"open","sticky":false,"template":"","format":"standard","meta":{"_monsterinsights_skip_tracking":false,"footnotes":""},"categories":[691,135],"tags":[],"class_list":["post-21353","post","type-post","status-publish","format-standard","has-post-thumbnail","category-691","category-emergencia-sanitaria-covid-19"],"_links":{"self":[{"href":"https:\/\/redsemlac.com\/semmexico\/wp-json\/wp\/v2\/posts\/21353","targetHints":{"allow":["GET"]}}],"collection":[{"href":"https:\/\/redsemlac.com\/semmexico\/wp-json\/wp\/v2\/posts"}],"about":[{"href":"https:\/\/redsemlac.com\/semmexico\/wp-json\/wp\/v2\/types\/post"}],"author":[{"embeddable":true,"href":"https:\/\/redsemlac.com\/semmexico\/wp-json\/wp\/v2\/users\/3"}],"replies":[{"embeddable":true,"href":"https:\/\/redsemlac.com\/semmexico\/wp-json\/wp\/v2\/comments?post=21353"}],"version-history":[{"count":0,"href":"https:\/\/redsemlac.com\/semmexico\/wp-json\/wp\/v2\/posts\/21353\/revisions"}],"wp:featuredmedia":[{"embeddable":true,"href":"https:\/\/redsemlac.com\/semmexico\/wp-json\/wp\/v2\/media\/21354"}],"wp:attachment":[{"href":"https:\/\/redsemlac.com\/semmexico\/wp-json\/wp\/v2\/media?parent=21353"}],"wp:term":[{"taxonomy":"category","embeddable":true,"href":"https:\/\/redsemlac.com\/semmexico\/wp-json\/wp\/v2\/categories?post=21353"},{"taxonomy":"post_tag","embeddable":true,"href":"https:\/\/redsemlac.com\/semmexico\/wp-json\/wp\/v2\/tags?post=21353"}],"curies":[{"name":"wp","href":"https:\/\/api.w.org\/{rel}","templated":true}]}}