{"id":21349,"date":"2020-06-01T18:15:44","date_gmt":"2020-06-01T18:15:44","guid":{"rendered":"https:\/\/redsemlac.com\/semmexico\/?p=21349"},"modified":"2023-07-21T16:23:14","modified_gmt":"2023-07-21T21:23:14","slug":"miradas-de-reportero-36","status":"publish","type":"post","link":"https:\/\/redsemlac.com\/semmexico\/miradas-de-reportero-36\/","title":{"rendered":"Miradas de reportero"},"content":{"rendered":"\n<h2 class=\"wp-block-heading\">Propongo 5 pasitos al modelo presidencial de relaci\u00f3n con el periodismo<\/h2>\n\n\n\n<p class=\"wp-block-paragraph\"><strong>Rogelio Hern\u00e1ndez L\u00f3pez<\/strong><\/p>\n\n\n\n<p class=\"wp-block-paragraph\">SemM\u00e9xico, 1 de\njunio, 2020.- Periodistas y pol\u00edticos tenemos que reconocer p\u00fablicamente que\nest\u00e1 empeorando la credibilidad ciudadana en el presidente, en los medios, en el\nperiodismo y que eso afecta a la gobernabilidad.<\/p>\n\n\n\n<p class=\"wp-block-paragraph\">Veamos tres de los\ns\u00edntomas, acelerados en la contingencia actual. <\/p>\n\n\n\n<p class=\"wp-block-paragraph\">&#8212; Sube en grados\nde odio la polarizaci\u00f3n pol\u00edtica que tiene su escenario mayor en los medios\nconvencionales y digitales;<\/p>\n\n\n\n<p class=\"wp-block-paragraph\">&#8212; Sigue la ca\u00edda\nen la aceptaci\u00f3n y confianza popular a los medios, al periodismo tradicional,\nal presidente y a los otros gobernantes; <\/p>\n\n\n\n<p class=\"wp-block-paragraph\">&#8212; Aumentan las\nexpresiones masivas que descreen de la epidemia y agreden a personal m\u00e9dico y\ngente de gobierno.<\/p>\n\n\n\n<p class=\"wp-block-paragraph\">De prolongarse esas\ntendencias, adem\u00e1s de la pandemia, ser\u00e1n m\u00e1s frecuentes las protestas\ncallejeras, masivas y violentas, tanto las espont\u00e1neas como las impulsadas por los\nopositores al gobierno federal.<\/p>\n\n\n\n<p class=\"wp-block-paragraph\">Para mantener la\npaz relativa se necesita fortalecer la gobernabilidad. Y la comunicaci\u00f3n\npol\u00edtica es un instrumento indispensable, pero necesita una estrategia con\nvisi\u00f3n de Estado.<\/p>\n\n\n\n<p class=\"wp-block-paragraph\"><strong>Estrategia incompleta<\/strong><\/p>\n\n\n\n<p class=\"wp-block-paragraph\">Todo eso lo saben\nen Palacio Nacional y tienen una estrategia, pero con ambig\u00fcedades. Ejemplos:<\/p>\n\n\n\n<p class=\"wp-block-paragraph\">&#8212; Quieren eliminar\nel pago por publicidad a los medios comerciales de corporativos llamados\nconvencionales, pero en 2019 les pagaron casi mil millones de pesos.<\/p>\n\n\n\n<p class=\"wp-block-paragraph\">&#8212; Las constantes\nr\u00e9plicas (desacreditaciones) del titular del Ejecutivo Federal en las\nconferencias de prensa crean la percepci\u00f3n de que toda la prensa y los\nperiodistas \u201cson poco profesionales, corruptos y conservadores\u201d pero a ocho medios\nde prensa capitalinos y cientos de ellos en los estados les aumentaron m\u00e1s de\n400 millones de pesos en 2019.<\/p>\n\n\n\n<p class=\"wp-block-paragraph\">&#8212; Se declar\u00f3 que\nlos medios p\u00fablicos (IMER, Radio Educaci\u00f3n, Canal 11, Canal 22, SPR, Notimex)\nse convertir\u00edan en un sistema nacional, amplio, cre\u00edble, articulado; se\nhicieron nombramientos y en general se les dio libertad de conducci\u00f3n &#8211;como la\nmejor manera de equilibrar la informaci\u00f3n de los medios privados&#8212; pero sus\npresupuestos son y ser\u00e1n m\u00e1s magros.<\/p>\n\n\n\n<p class=\"wp-block-paragraph\">&#8212; Desde antes de\nla pandemia se anunciaron acciones de mitigaci\u00f3n (protecci\u00f3n social, empleos,\nsalarios, fondos para investigaci\u00f3n) y m\u00e1s garant\u00edas de seguridad para miles de\nperiodistas despedidos y agredidos en el pa\u00eds, pero no llegan las medidas\nprometidas y, por otro lado, la fiscal\u00eda especial y el mecanismo de protecci\u00f3n\nest\u00e1n amorcillados.<\/p>\n\n\n\n<p class=\"wp-block-paragraph\"><strong>Ca\u00eddas<\/strong><\/p>\n\n\n\n<p class=\"wp-block-paragraph\">Sigue la\ndisminuci\u00f3n de la confianza ciudadana en el presidente. Consulta Mitofsky\nregistra que para fines de mayo se hab\u00edan empatado 49.6 por ciento el Acuerdo\ncon el Desacuerdo en la gesti\u00f3n presidencial. Su aceptaci\u00f3n lleg\u00f3 a estar\narriba del 80 por ciento.<\/p>\n\n\n\n<p class=\"wp-block-paragraph\">Otros est\u00e1n peor.\nLa misma encuestadora registra que de febrero a mayo, ha ido bajando la\nconfianza en los empresarios hasta caer al 27.8 por ciento; en las redes\nsociales al 27.7; a los gobernadores al 25.1; a las autoridades municipales\n24.9; a los medios de comunicaci\u00f3n en general 18.9 por ciento. <\/p>\n\n\n\n<p class=\"wp-block-paragraph\">En presidencia y\nentre los cuadros pol\u00edticos de alto nivel de gobierno saben que necesitan mayor\ncredibilidad y gobernabilidad, que no pueden tener en contra a la mayor\u00eda de\nmedios y de periodistas. <\/p>\n\n\n\n<p class=\"wp-block-paragraph\">Su estrategia, no\ntransparentada, es arraigar otro modelo de comunicaci\u00f3n pol\u00edtica y realinear a\nla mayor\u00eda de medios convencionales bajo otras normas y alianzas, como lo\nmuestra la contrataci\u00f3n de publicidad.<\/p>\n\n\n\n<p class=\"wp-block-paragraph\"><strong>Solo seis\nvetados<\/strong><\/p>\n\n\n\n<p class=\"wp-block-paragraph\">Hace unos d\u00edas el\neconomista y periodista especializados en finanzas, Francisco Vidal Bonifaz\nmostr\u00f3 que el gasto real del gobierno federal en su conjunto durante 2019 fue\nde 2 mil 953 millones de pesos.<\/p>\n\n\n\n<p class=\"wp-block-paragraph\">El recorte fue de\n67.15 por ciento respecto a lo ejercido realmente en 2018 por el gobierno de\nEnrique Pe\u00f1a Nieto (8 mil 988 millones).<\/p>\n\n\n\n<p class=\"wp-block-paragraph\">No obstante, ese dr\u00e1stico\nrecorte, el primer a\u00f1o de gobierno con L\u00f3pez Obrador se pagaron casi mil\nmillones de pesos a 18 medios privados, grandes de los llamados convencionales,\ncomo lo indica un reporte especial de Mathieu Tourliere del 13 de abril en la\nrevista Proceso:<\/p>\n\n\n\n<p class=\"wp-block-paragraph\"><em>Capital Media,\nComercializadora Publicitaria Tik, El Heraldo, El Universal, Estrictamente\nDigital (Eje Central), Expansi\u00f3n, Grupo F\u00f3rmula, Grupo Imagen, La Cr\u00f3nica de\nhoy, La Raz\u00f3n, Letras Libres, MVS, Nexos, Notmusa (TV notas, R\u00e9cord y otros),\nOEM, Rack Star, Televisa y TV Azteca. <\/em><\/p>\n\n\n\n<p class=\"wp-block-paragraph\">Las dos televisoras\nmayores \u201cpor sus coberturas y rapidez para informar\u201d, acapararon otra vez la\nmayor\u00eda del gasto p\u00fablico federal en publicidad con 303 y 284 millones respectivamente.<\/p>\n\n\n\n<p class=\"wp-block-paragraph\">Los que, si fueron\nvetados de toda contrataci\u00f3n publicitaria en 2019, de acuerdo con los datos del\nsemanario son seis: <em>Callo de Hacha (Youtubero Jorge Roberto Avil\u00e9s V\u00e1zquez),\nEditorial Cl\u00edo (Su director de Enrique Krauze) L\u00f3pez D\u00f3riga (las 3 empresas), Mario\nRam\u00f3n Beteta, Pablo Hiriart y Ricardo Alem\u00e1n. <\/em>&nbsp;(ver cuadros).<\/p>\n\n\n\n<p class=\"wp-block-paragraph\"><strong>Rescate y\npreferencias para ocho<\/strong><\/p>\n\n\n\n<p class=\"wp-block-paragraph\">En sentido\ncontrario a las declaraciones de funcionarios de comunicaci\u00f3n social del actual\ngobierno que \u201cno se privilegia o castiga a medios y periodistas\u201d, en 2019 se rescataron\na 8 empresas period\u00edsticas del veto o semi veto que les impuso la presidencia\nde Pe\u00f1a Nieto.<\/p>\n\n\n\n<figure class=\"wp-block-gallery columns-1 is-cropped wp-block-gallery-1 is-layout-flex wp-block-gallery-is-layout-flex\"><ul class=\"blocks-gallery-grid\"><li class=\"blocks-gallery-item\"><figure><img decoding=\"async\" src=\"https:\/\/redsemlac.com\/semmexico\/wp-content\/uploads\/2020\/06\/Menos-publicidad-970x1024.jpg\" alt=\"\" data-id=\"21351\" data-full-url=\"https:\/\/redsemlac.com\/semmexico\/wp-content\/uploads\/2020\/06\/Menos-publicidad.jpg\" data-link=\"https:\/\/redsemlac.com\/semmexico\/?attachment_id=21351\" class=\"wp-image-21351\"\/><\/figure><\/li><li class=\"blocks-gallery-item\"><figure><img decoding=\"async\" src=\"https:\/\/redsemlac.com\/semmexico\/wp-content\/uploads\/2020\/06\/Ma\u0301s-publicidad-1024x604.jpg\" alt=\"\" data-id=\"21350\" data-full-url=\"https:\/\/redsemlac.com\/semmexico\/wp-content\/uploads\/2020\/06\/Ma\u0301s-publicidad.jpg\" data-link=\"https:\/\/redsemlac.com\/semmexico\/?attachment_id=21350\" class=\"wp-image-21350\"\/><\/figure><\/li><\/ul><\/figure>\n\n\n\n<p class=\"wp-block-paragraph\">Los rescatados para\npublicidad oficial que ten\u00edan veto total fueron dos: <em>Aristegui Noticias<\/em>\ny <em>Contral\u00ednea<\/em>.<\/p>\n\n\n\n<p class=\"wp-block-paragraph\">Los que ten\u00edan veto\nparcial y les incrementaron sustancialmente el monto de los convenios fueron <em>Reforma<\/em>\ny <em>Proceso <\/em>(los m\u00e1s criticados por el presidente).<\/p>\n\n\n\n<p class=\"wp-block-paragraph\">Los que aumentaron\nm\u00e1s a pesar de que ya eran considerables ese tipo de ingresos fueron <em>La\nJornada<\/em> y <em>Milenio<\/em>. <\/p>\n\n\n\n<p class=\"wp-block-paragraph\">Dos agencias\nintermediaron buena parte de los convenios publicitarios con medios de los\nestados y presumiblemente a los digitales de reciente creaci\u00f3n: <em>Editores y\nPublicaciones de Medios de los Estados<\/em> y <em>Medios Masivos Mexicanos<\/em>\ncomo se percibe en el cuadro con informaci\u00f3n de proceso.<\/p>\n\n\n\n<p class=\"wp-block-paragraph\">No obstante, en el\nsureste comenzaron a ser privilegiados <em>Por Esto<\/em> y <em>Tabasco Hoy.<\/em><\/p>\n\n\n\n<p class=\"wp-block-paragraph\"><strong>Cinco\nsencillas propuestas para esa estrategia <\/strong><\/p>\n\n\n\n<p class=\"wp-block-paragraph\"><strong>UNA.\nTransparentar las pol\u00edticas p\u00fablicas que han definido para su estrategia<\/strong>. Cuando a un gobierno le gu\u00eda la raz\u00f3n de Estado en\nsu comunicaci\u00f3n pol\u00edtica, las medidas deben ir m\u00e1s all\u00e1 del partido o corrientes\npol\u00edticos que lo apoyen, ver el presente y futuro del pa\u00eds como Naci\u00f3n con leyes\ny pol\u00edticas generales claras y transparentes. Las ma\u00f1aneras son una peque\u00f1a\nparte de su estrategia.<\/p>\n\n\n\n<p class=\"wp-block-paragraph\"><strong>DOS. No\nachicar m\u00e1s el gasto p\u00fablico federal en publicidad.<\/strong> La instrucci\u00f3n presidencial de reducir en 2020 hasta\n70 por ciento los gastos en servicios general del cap\u00edtulo 3000 del gobierno\nfederal significar\u00eda bajar los 2 mil 452 millones de pesos aprobados por el\nCongreso a 735. 7 millones a la comunicaci\u00f3n social y publicidad (cap\u00edtulo\n3600). De hacerlo, demasiada informaci\u00f3n de inter\u00e9s p\u00fablico dejar\u00eda de circular\ny convencer, lo que aumentar\u00eda la polarizaci\u00f3n con la mayor\u00eda de medios y desconcierto\nmasivo por falta de certezas. Los medios p\u00fablicos, los aliados y los entes con\ndifusi\u00f3n digital son insuficientes.<\/p>\n\n\n\n<p class=\"wp-block-paragraph\"><strong>TRES. Impulsar\ncon leyes y trato preferencial los servicios del periodismo no lucrativo<\/strong>. Un sujeto social de la comunicaci\u00f3n social, poco valorado\npor el gobierno es el que se ha perfilado por las crisis en los medios y el\ndesarrollo de la era digital: los cientos de peque\u00f1as empresas de periodistas\nprofesionales que trabajan para sobrevivir y se esfuerzan por informar, opinar\ny analizar con otra visi\u00f3n \u00e9tica de servicio social, por ejemplo, la Alianza de\nMedios de la Red de Periodistas de a Pie (Amapola, Chiapas Paralelo, Lado B, La\nVerdad Ju\u00e1rez, P\u00e1gina 3, Perimetral, Pie de P\u00e1gina, Ra\u00edchali, Zona Docs,\nInnadaga, Trinchera y Voz Alterna).<\/p>\n\n\n\n<p class=\"wp-block-paragraph\">Al reconocer a este\nnuevo tipo de empresas como sujetos jur\u00eddicos. mercantil y social se les\npedir\u00eda que se comprometan a reinvertir utilidades en capacitaci\u00f3n y alcance\ndel medio, aplicar un c\u00f3digo de \u00e9tica auto dise\u00f1ado y contar defensor de los\np\u00fablicos designado por los mismos periodistas.<\/p>\n\n\n\n<p class=\"wp-block-paragraph\"><strong>CUATRO.\nMantener el impulso al desarrollo de los medios p\u00fablicos.<\/strong> Esto significar\u00eda no reducirles el presupuesto de\n2020, no acotar la libertad de sus profesionales para generar y difundir\ninformaci\u00f3n de inter\u00e9s p\u00fablico y facilitarles la autogeneraci\u00f3n de ingresos\npara manejar publicidad de empresas privadas y organizaciones sociales. Por\nsupuesto en su b\u00fasqueda de lograr mayores coberturas y credibilidad hay que\natajar a tiempo conflictos que les desacreditan como el que padece la agencia\nde noticias Notimex.<\/p>\n\n\n\n<p class=\"wp-block-paragraph\"><strong>CINCO. Ajustarse\na la Ley del Derecho de R\u00e9plica. <\/strong>&nbsp;La pr\u00e1ctica\npresidencial, que cunde con velocidad en servidores p\u00fablicos de todos los\nniveles, es discrepar p\u00fablicamente (descr\u00e9dito) con medios o periodistas. Eso ha\ncreado tensiones e inconformidades hasta de organismos internacionales porque,\nentre otras cosas \u201cdesacreditan, les crean vulnerabilidad y facilitan que los\nagredan terceros.\u201d Cuando haya falsedad o calumnias en medios y periodistas deben\nacudir a los procedimientos de la Ley de R\u00e9plica y dejar de exhibirlos para el\npat\u00edbulo canallesco de las redes sociales y as\u00ed evitar que ahonde la baja\ncredibilidad de pol\u00edticos y medios.<\/p>\n\n\n\n<p class=\"wp-block-paragraph\">Con estas medidas\nsencillas se podr\u00eda completar y transparentar la estrategia de comunicaci\u00f3n\nsocial del gobierno federal. La ambig\u00fcedad es uno de los ant\u00f3nimos de la\nsinceridad. Ser sincero (dicen periodistas veteranos, soci\u00f3logos y fil\u00f3sofos)\ndebe ser el valor mayor cuando se ejerce el periodismo profesional y la\npol\u00edtica, entendida \u00e9sta como el arte de gobernar en paz con la aceptaci\u00f3n o el\nconsenso de las mayor\u00edas.<\/p>\n","protected":false},"excerpt":{"rendered":"<p>Propongo 5 pasitos al modelo presidencial de relaci\u00f3n con el periodismo<\/p>\n","protected":false},"author":3,"featured_media":8473,"comment_status":"open","ping_status":"open","sticky":false,"template":"","format":"standard","meta":{"_monsterinsights_skip_tracking":false,"footnotes":""},"categories":[691,106,85],"tags":[],"class_list":["post-21349","post","type-post","status-publish","format-standard","has-post-thumbnail","category-691","category-mirada-de-reportero","category-rogelio-hernandez-lopez"],"_links":{"self":[{"href":"https:\/\/redsemlac.com\/semmexico\/wp-json\/wp\/v2\/posts\/21349","targetHints":{"allow":["GET"]}}],"collection":[{"href":"https:\/\/redsemlac.com\/semmexico\/wp-json\/wp\/v2\/posts"}],"about":[{"href":"https:\/\/redsemlac.com\/semmexico\/wp-json\/wp\/v2\/types\/post"}],"author":[{"embeddable":true,"href":"https:\/\/redsemlac.com\/semmexico\/wp-json\/wp\/v2\/users\/3"}],"replies":[{"embeddable":true,"href":"https:\/\/redsemlac.com\/semmexico\/wp-json\/wp\/v2\/comments?post=21349"}],"version-history":[{"count":0,"href":"https:\/\/redsemlac.com\/semmexico\/wp-json\/wp\/v2\/posts\/21349\/revisions"}],"wp:featuredmedia":[{"embeddable":true,"href":"https:\/\/redsemlac.com\/semmexico\/wp-json\/wp\/v2\/media\/8473"}],"wp:attachment":[{"href":"https:\/\/redsemlac.com\/semmexico\/wp-json\/wp\/v2\/media?parent=21349"}],"wp:term":[{"taxonomy":"category","embeddable":true,"href":"https:\/\/redsemlac.com\/semmexico\/wp-json\/wp\/v2\/categories?post=21349"},{"taxonomy":"post_tag","embeddable":true,"href":"https:\/\/redsemlac.com\/semmexico\/wp-json\/wp\/v2\/tags?post=21349"}],"curies":[{"name":"wp","href":"https:\/\/api.w.org\/{rel}","templated":true}]}}