{"id":21342,"date":"2020-06-01T18:05:21","date_gmt":"2020-06-01T18:05:21","guid":{"rendered":"https:\/\/redsemlac.com\/semmexico\/?p=21342"},"modified":"2023-07-21T16:23:14","modified_gmt":"2023-07-21T21:23:14","slug":"alfa-omega-21","status":"publish","type":"post","link":"https:\/\/redsemlac.com\/semmexico\/alfa-omega-21\/","title":{"rendered":"Alfa Omega"},"content":{"rendered":"\n<h2 class=\"wp-block-heading\"> \u201cPalillo\u201d, las Carpas de Barriada y la S\u00e1tira Pol\u00edtica Humor\u00edstica <\/h2>\n\n\n\n<p class=\"has-text-align-right has-small-font-size wp-block-paragraph\"><strong><em>El 30 de este mayo se cumplieron 36 a\u00f1os del asesinato  de mi amigo, compa\u00f1ero y compadre Manuel Buend\u00eda<\/em>.<\/strong><\/p>\n\n\n\n<p class=\"wp-block-paragraph\"><strong>Jorge Herrera Valenzuela<\/strong><\/p>\n\n\n\n<p class=\"wp-block-paragraph\">SemM\u00e9xico, 1 de junio, 2020.- Se iniciaba la d\u00e9cada\nde los a\u00f1os treinta cuando los g\u00e1nsteres asolaban en Estados Unidos y \u201cLos\nIntocables\u201d los persegu\u00edan, en este nuestro subdesarrollado pa\u00eds aparecieron\nlas primeras carpas para sustituir a \u201clos teatros de los ricos\u201d. Hombres con\nvisi\u00f3n empresarial y mexicanitos con esp\u00edritu art\u00edstico, y tambi\u00e9n mexicanitas,\ndieron vida a esos nuevos escenarios donde se iniciaron personajes del\nespect\u00e1culo, brillando en el teatro y a\u00f1os despu\u00e9s en el cine.<\/p>\n\n\n\n<p class=\"wp-block-paragraph\">De pronto brotaron las carpas en la Ciudad de\nM\u00e9xico, semidespoblada, semiurbanizada y muchos barrios circundantes a las\ncolonias residenciales Roma, Polanco, San Rafael, San \u00c1ngel. A espacios, de\npiso de tierra, llegaba un destartalado cami\u00f3n de redilas y sus tripulantes bajaban\ngrandes lonas grises, tablones de gran tama\u00f1o, lazos, cuerdas, alambres.\nLlegaban otros trabajadores y armaban el techado, tend\u00edan cuerdas y lazos.<\/p>\n\n\n\n<p class=\"wp-block-paragraph\">As\u00ed empezaban a funcionar las carpas, donde los\nespectadores ocupaban \u201csu asiento\u201d en los tablones acomodados sobre otros\npalos. Despu\u00e9s ya hubo para comprar sillas de madera y m\u00e1s adelante de l\u00e1mina.\nUna voz, a la puerta de la carpa, anunciaba: \u201c\u00a1Dos tandas por un boleto!\u201d y\nrepet\u00eda a grito abierto, fuerte, \u00a1Dos tandas por un boleto! Un peso era el\ncosto de la entrada.<\/p>\n\n\n\n<p class=\"wp-block-paragraph\">D\u00e9jenme comentar que fue mi condisc\u00edpulo\npreparatoriano y hoy galardonado poeta y reconocido jurista chiapaneco, don <strong>Julio Serrano Castillejos<\/strong>, quien me\nmotiv\u00f3 para recordar a\u00f1os del pasado y contestar\u00e9, al final, su interrogante de\nqu\u00e9 suceder\u00eda si en \u00e9stos d\u00edas hubieran c\u00f3micos que hicieran s\u00e1tira pol\u00edtica\ncon sentido humor\u00edstico. Julio me envi\u00f3 un correo electr\u00f3nico que empieza as\u00ed:\n\u201c<strong>No sabe don AMLO cu\u00e1ntas cuchufletas a\nsu costa se ha ahorrado con la desaparici\u00f3n de las carpas de barriada de la\nCiudad de M\u00e9xico<\/strong>\u201d. Tampoco hay pol\u00edticos en este pand\u00e9mico 2020, apunto yo.<\/p>\n\n\n\n<p class=\"wp-block-paragraph\">Record\u00f3 el licenciado Serrano Castillejos a los que\nen esas carpas comenzaron su carrera y al paso de los a\u00f1os ser\u00edan figuras del\ncine mexicano; en aquel entonces participaban en \u201csketches\u201d de tipo c\u00f3mico,\njugaban con las palabras, refer\u00edan dichos populares y algunos se burlaban de\nlos pol\u00edticos. <\/p>\n\n\n\n<p class=\"wp-block-paragraph\">No todos siguieron el mismo estilo art\u00edstico. De\nesas sencillas y polvorientas carpas salieron: Mario Moreno \u201cCantinflas\u201d,\nManuel Medel, Antonio Espino \u201cClavillazo\u201d, Adalberto Mart\u00ednez \u201cResortes\u201d,\nGerm\u00e1n Valdez, Fernando Soto \u201cMantequilla\u201d, Armando Soto Lamarina \u201cEl Chicote\u201d\ny surgieron quienes despu\u00e9s destacaron como actrices: Delia Maga\u00f1a y Amelia\nWilhelmy (consagrada como \u201cLa Guayaba\u201d en la pel\u00edcula Nosotros Los Pobres).<\/p>\n\n\n\n<p class=\"wp-block-paragraph\">\u201c<strong>Palillo<\/strong>\u201d\n<strong>y Uruchurtu <\/strong><\/p>\n\n\n\n<p class=\"wp-block-paragraph\">Al grupo de los fundadores del espect\u00e1culo\n\u201ccarperil\u201d que en la Ciudad de M\u00e9xico se extingui\u00f3 hace 60 a\u00f1os, perteneci\u00f3 el\nm\u00e1s c\u00e9lebre de los c\u00f3micos de lenguaje sat\u00edrico, al que llamaron \u201cEl Rey de las\nCarpas\u201d, al inolvidable <strong>Jes\u00fas Mart\u00ednez\nRenter\u00eda<\/strong>, un guadalajare\u00f1o que fue conocido en todo M\u00e9xico y al que iban a\nverlo y o\u00edrlo de todas partes de la Rep\u00fablica. <\/p>\n\n\n\n<p class=\"wp-block-paragraph\">Desde el inicio de su participaci\u00f3n en las carpas, a\nla edad de 19 a\u00f1os, por su delgadez, pues era muy flaco, espigado, adopta el\nsobrenombre o apodo de \u201c<strong>Palillo<\/strong>\u201d y\nexitosamente durante cinco a\u00f1os, en Guadalajara, presenta sus rutinas c\u00f3micas.\nTrasciende su fama y en 1937 lo contratan para actuar en el Teatro Colonial, de\nla Ciudad de M\u00e9xico, y permanece en ese lugar por siete a\u00f1os interrumpidos.\nPasa al Follies Bergere y se consagra como humorista sat\u00edrico-pol\u00edtico, siendo\nsu \u201cprimer cliente\u201d el jefe del Departamento Central del Distrito Federal, el\ningeniero hidalguense <strong>Javier Rojo G\u00f3mez<\/strong>,\na quien el c\u00f3mico llamaba \u201c<strong>Lamiel Poco\nComes<\/strong>\u201d. El entonces Regente ordenaba que lo multaran por faltas a la\nautoridad.<\/p>\n\n\n\n<p class=\"wp-block-paragraph\">Pero, el pero que nunca falta, \u201cPalillo\u201d tuvo que\nandar con un Amparo de la Justicia Federal en la bolsa del pantal\u00f3n, porque despu\u00e9s\nde sus s\u00e1tiras pol\u00edticas se giraba la orden de detenci\u00f3n. Su \u201ccoco\u201d fue el\nsonorense llamado \u201cRegente de Hierro\u201d, <strong>Ernesto\nP. Uruchurtu<\/strong>. Seis veces fue a prisi\u00f3n y en 10 ocasiones se orden\u00f3\nclausurar la carpa o el teatro donde actuaba. Muchas veces con solo pagar una\nmulta en el Juzgado Calificador (hoy tiene otro nombre) entraba y sal\u00eda de la\ndelegaci\u00f3n polic\u00edaca.<\/p>\n\n\n\n<p class=\"wp-block-paragraph\">Recuerda mi estimado Julio Serrano Castillejos que\ncuando los agentes se presentaban a detenerlo en pleno escenario, \u201cPalillo\u201d\nmostraba su Amparo y le dec\u00eda a su frustrado aprehensor: \u201c<strong>Va a detener a su sacrosanta jefecita, porque este su valedor trae un\nAmparo y a m\u00ed me la refinfinrulean<\/strong>\u201d. El p\u00fablico se carcajeaba y abucheaba a\nlos polic\u00edas. <\/p>\n\n\n\n<p class=\"wp-block-paragraph\">En el \u00faltimo a\u00f1o de su gobierno, 1958, don <strong>Adolfo Ruiz Cortines<\/strong> inaugur\u00f3 la Ciudad\nDeportiva de la Magdalena Mixhuca, construida a iniciativa de \u201cPalillo\u201d que\naport\u00f3 parte de sus ganancias como actor. El licenciado Uruchurtu asisti\u00f3 al\nevento. En 1983 se impuso&nbsp; el nombre\n\u201cJes\u00fas Mart\u00ednez Renter\u00eda\u201d al Estadio Deportivo de ese complejo que inicialmente\nfue para los deportistas de escasos recursos. Se cumpl\u00eda el sue\u00f1o del\njalisciense, quien en noviembre de 1994 dej\u00f3 este mundo.&nbsp; <\/p>\n\n\n\n<p class=\"wp-block-paragraph\">Mi muy querido <strong>Julio Serrano Castillejos<\/strong>,\nlamentablemente no hay figuras de la talla de \u201c<strong>Palillo<\/strong>\u201d y ya no tenemos \u201csketches\u201d como aquellos sat\u00edricos, \u201cAdi\u00f3s\nGuayabera M\u00eda\u201d o \u201c\u00a1Ag\u00e1rrenlo por Pillo!\u201d, con dedicatoria a los presidentes, en\nfunciones, Luis Echeverr\u00eda y Jos\u00e9 L\u00f3pez Portillo, respectivamente. <\/p>\n\n\n\n<p class=\"wp-block-paragraph\"><strong>A 50 a\u00f1os del mundial 70<\/strong><\/p>\n\n\n\n<p class=\"wp-block-paragraph\">Los aficionados al deporte m\u00e1s\npopular, el f\u00fatbol soccer, est\u00e1n recordando que hace 50 a\u00f1os se realiz\u00f3 en\nnuestro pa\u00eds el <strong>Mundial M\u00e9xico 70<\/strong>. Participaron\n16 pa\u00edses y jugaron en el Estadio Azteca, en el Jalisco de Guadalajara, en La\nBombonera de Toluca, as\u00ed como en los estadios de Puebla y de Le\u00f3n. La historia\nes muy conocida, Brasil conquistaba su tercer t\u00edtulo de Campe\u00f3n de la Copa\nMundial, mientras que el alem\u00e1n Gerd M\u00fcller con 10 goles anotados se llev\u00f3 el\ntrofeo de campe\u00f3n rompe redes. <\/p>\n\n\n\n<p class=\"wp-block-paragraph\">M\u00e9xico como anfitri\u00f3n hizo un\nmaravilloso papel y con su Selecci\u00f3n Nacional, dirigida por <strong>Ra\u00fal \u201cEl G\u00fcero\u201d C\u00e1rdenas,<\/strong> se col\u00f3 al\nsexto lugar despu\u00e9s de empatar a 0 con la Uni\u00f3n Sovi\u00e9tica, gole\u00f3 4-0 a El\nSalvador y le gan\u00f3 1-0 a B\u00e9lgica, pero en cuartos de finales cay\u00f3 4 a 1 frente\na Italia. Entre otros formaron parte de la Selecci\u00f3n, Nacho Calder\u00f3n y To\u00f1o\nMota, porteros, junto con Gustavo \u201cEl Halc\u00f3n\u201d Pe\u00f1a, Juan Manuel Alejandres, \u201cEl\nKalim\u00e1n\u201d Javier Guzm\u00e1n, Juan Ignacio Basaguren, \u201cEl Chololo\u201d D\u00edaz, Aar\u00f3n\nPadilla y Enrique Borja.<\/p>\n\n\n\n<p class=\"wp-block-paragraph\">Esa IX Edici\u00f3n de la Copa\nMundial FIFA se desarroll\u00f3 del 31 de mayo al 21 de junio de 1970. M\u00e9xico volvi\u00f3\na ser sede mundial en 1986, porque Colombia declin\u00f3. En el Estadio Azteca se\njug\u00f3 la final entre Argentina y Alemania Federal (la unificaci\u00f3n de las dos\nAlemanias, (Federal y Oriental, fue en 1989) y jam\u00e1s se olvidar\u00e1 que en la\nsemifinal entre Argentina e Inglaterra, <strong>Diego\nMaradona<\/strong> anot\u00f3 el gol \u201c<strong>con la mano\nde Dios<\/strong>\u201d y 4 minutos despu\u00e9s desde la media cancha retuvo el bal\u00f3n, se\nquit\u00f3 a cinco ingleses y meti\u00f3 <strong>el\nllamado gol del siglo<\/strong>. Jorge Burruchaga puso el 3-2 para que Argentina\nderrotara a Alemania y los ches ganaran su Segunda Copa Mundial. M\u00e9xico volvi\u00f3\na ocupar el sexto lugar. <\/p>\n\n\n\n<p class=\"wp-block-paragraph\"><strong>Adi\u00f3s a Mario A. Campa<\/strong><\/p>\n\n\n\n<p class=\"wp-block-paragraph\">Al estar comentando sobre el\nlibro \u201cVerdaderos Maestros del Periodismo\u201d, con mi estimado amigo y colega <strong>Jos\u00e9 Luis Uribe Ortega<\/strong>, presidente del\nClub Primera Plana, enmudec\u00ed al enterarme que el autor de la obra, <strong>Mario Andr\u00e9s Campa Landeros<\/strong>, falleci\u00f3\nel primero de este mes, fecha en que tambi\u00e9n parti\u00f3 <strong>Aurelio Silva Laurencio, <\/strong>El Hombre del Clavel. Un infarto al\ncoraz\u00f3n le quit\u00f3 la vida a quien fuera jefe de Redacci\u00f3n en El Universal, en\nNovedades y en Exc\u00e9lsior. Ahora dirig\u00eda el diario digital <strong>diarioalmomento.com.mx<\/strong>.<\/p>\n\n\n\n<p class=\"wp-block-paragraph\">Con Mario Andr\u00e9s conviv\u00ed y\ncolabor\u00e9 profesionalmente con \u00e9l. Un hombre empe\u00f1oso, con proyectos ambiciosos.\nPlaneaba una colecci\u00f3n de siete tomos para referir la experiencia de cada\nreportero en el ejercicio de la m\u00e1s noble profesi\u00f3n, el periodismo. Guardo un\nrecuerdo muy especial, porque Mario Andr\u00e9s me invit\u00f3 a comer en el Club Primera\nPlana. Nunca me imagin\u00e9 que era el invitado de honor y se reunieron alrededor\nde 50 mis compa\u00f1eros, a quienes agradec\u00ed las palabras que pronunciaron en torno\na mi persona. Jam\u00e1s lo olvidar\u00e9 porque fue un reconocimiento, no homenaje, a\nquien ahora hace estos comentarios. Un abrazo solidario para do\u00f1a Estela, su\nesposa e hijas Laura y Marion.<\/p>\n\n\n\n<p class=\"wp-block-paragraph\">Ese d\u00eda, un mi\u00e9rcoles de\noctubre de hace siete a\u00f1os, estaban Nacho Z\u00fa\u00f1iga, Miguel L\u00f3pez Azuara, Alfonso\nFern\u00e1ndez de C\u00f3rdova, Roberto L\u00f3pez Moreno, Chava Estrada, Abel Maga\u00f1a y muchos\nm\u00e1s. Confieso, me salieron las l\u00e1grimas por la emoci\u00f3n.<\/p>\n\n\n\n<p class=\"wp-block-paragraph\"><strong>P.D.<\/strong> Comenzar\u00e9\nesta especie de obituario comentando que hace 60 a\u00f1os el cine mexicano perdi\u00f3 a\ndos de sus personajes. La madrugada del 28 de mayo, frente a R\u00edo Rhin 63,\ndentro de un autom\u00f3vil platicaban la superguapa <strong>Evangelina Elizondo<\/strong> y <strong>Ram\u00f3n\nGay<\/strong>, cuando sorpresivamente lleg\u00f3 el ingeniero Jos\u00e9 Luis Paganoni Castro a\nincrepar al actor y tras breve discusi\u00f3n lo mat\u00f3 a balazos\u2026Al d\u00eda siguiente, 29\nde mayo, en la escalinata de entrada al centro nocturno La Fuentes, en\nInsurgentes Sur y Avenida Colonia del Valle, el capit\u00e1n Guillermo Lepe Ruiz\ndispar\u00f3 su pistola contra el joven actor <strong>Agust\u00edn\nde Anda, <\/strong>quien estaba a d\u00edas de contraer matrimonio con la bella tapat\u00eda <strong>Ana Bertha Lepe<\/strong>\u2026Los dos homicidas\nfueron procesados y sentenciados a varios a\u00f1os de prisi\u00f3n; ambos ya\nfallecieron\u2026Ahora al otro extremo, Informar\u00e9 del nacimiento de tres&nbsp; estrellas hermosas del ambiente cinematogr\u00e1fico.\nNinguna de las tres de origen mexicano. Ent\u00e9rese que el 27 de mayo de 1924 en\nBrasil naci\u00f3 <strong>Irasema Dili\u00e1n<\/strong>, cuyo\nnombre oficial fue Eva Irasema Warschalowska y muri\u00f3 en la Ciudad de M\u00e9xico en\n1996\u2026 La ojiverde y escultural <strong>Martha\nRoth Pizzo<\/strong> lleg\u00f3 a este mundo, el 29 de mayo de 1932, en Padua, Italia. Con\nsus padres arriba a la Capital Mexicana cuando ten\u00eda 6 a\u00f1os de edad. Esta\nartista fue esposa del compositor Rub\u00e9n Fuentes y fallece el 7 de octubre de\n2016\u2026Finalmente, tambi\u00e9n mayo 29 pero de 1959, en San Jos\u00e9, Costa Rica, lanz\u00f3\nsu primer llanto la que ser\u00eda, a los 19 a\u00f1os, <strong>Miss Costa Rica<\/strong>. S\u00ed, se trata de la superescultural <strong>Maribel Guardia<\/strong>, a quien registran como\nMaribel del Roc\u00edo Fern\u00e1ndez Garc\u00eda. Hoy tendr\u00e1 una fiesta muy austera gracias\nla pandemia. Recordaremos que en Acapulco se celebr\u00f3 el certamen Miss Universo\ny Maribel fue elegida Miss Fotog\u00e9nica.<\/p>\n\n\n\n<p class=\"wp-block-paragraph\"><a href=\"mailto:Jherrerav@live.com.mx\"><strong>Jherrerav@live.com.mx<\/strong><\/a><strong><\/strong><\/p>\n\n\n\n<p class=\"wp-block-paragraph\"><strong>Twitter @JorgeHyV<\/strong><\/p>\n\n\n\n<p class=\"wp-block-paragraph\"><strong>Facebook Jorge Herrera Valenzuela <\/strong><\/p>\n","protected":false},"excerpt":{"rendered":"<p>\u201cPalillo\u201d, las Carpas de Barriada y la S\u00e1tira Pol\u00edtica Humor\u00edstica <\/p>\n","protected":false},"author":3,"featured_media":21343,"comment_status":"open","ping_status":"open","sticky":false,"template":"","format":"standard","meta":{"_monsterinsights_skip_tracking":false,"footnotes":""},"categories":[691,94,110],"tags":[],"class_list":["post-21342","post","type-post","status-publish","format-standard","has-post-thumbnail","category-691","category-jorge-herrera-valenzuela","category-la-opinion-columnas"],"_links":{"self":[{"href":"https:\/\/redsemlac.com\/semmexico\/wp-json\/wp\/v2\/posts\/21342","targetHints":{"allow":["GET"]}}],"collection":[{"href":"https:\/\/redsemlac.com\/semmexico\/wp-json\/wp\/v2\/posts"}],"about":[{"href":"https:\/\/redsemlac.com\/semmexico\/wp-json\/wp\/v2\/types\/post"}],"author":[{"embeddable":true,"href":"https:\/\/redsemlac.com\/semmexico\/wp-json\/wp\/v2\/users\/3"}],"replies":[{"embeddable":true,"href":"https:\/\/redsemlac.com\/semmexico\/wp-json\/wp\/v2\/comments?post=21342"}],"version-history":[{"count":0,"href":"https:\/\/redsemlac.com\/semmexico\/wp-json\/wp\/v2\/posts\/21342\/revisions"}],"wp:featuredmedia":[{"embeddable":true,"href":"https:\/\/redsemlac.com\/semmexico\/wp-json\/wp\/v2\/media\/21343"}],"wp:attachment":[{"href":"https:\/\/redsemlac.com\/semmexico\/wp-json\/wp\/v2\/media?parent=21342"}],"wp:term":[{"taxonomy":"category","embeddable":true,"href":"https:\/\/redsemlac.com\/semmexico\/wp-json\/wp\/v2\/categories?post=21342"},{"taxonomy":"post_tag","embeddable":true,"href":"https:\/\/redsemlac.com\/semmexico\/wp-json\/wp\/v2\/tags?post=21342"}],"curies":[{"name":"wp","href":"https:\/\/api.w.org\/{rel}","templated":true}]}}