{"id":21337,"date":"2020-06-01T17:46:29","date_gmt":"2020-06-01T17:46:29","guid":{"rendered":"https:\/\/redsemlac.com\/semmexico\/?p=21337"},"modified":"2023-07-21T16:23:14","modified_gmt":"2023-07-21T21:23:14","slug":"noestassola-video-de-la-iniciativa-spotlight","status":"publish","type":"post","link":"https:\/\/redsemlac.com\/semmexico\/noestassola-video-de-la-iniciativa-spotlight\/","title":{"rendered":"#NoEst\u00e1sSola video de la Iniciativa Spotlight"},"content":{"rendered":"\n<ul class=\"wp-block-list\"><li><strong> Un mensaje a las mujeres en una situaci\u00f3n de violencia al interior de sus hogares <\/strong><\/li><\/ul>\n\n\n\n<ul class=\"wp-block-list\"><li><strong>Durante la pandemia se ha incrementado la violencia contra las mujeres en todo el mundo<\/strong><\/li><\/ul>\n\n\n\n<p class=\"wp-block-paragraph\"><strong>Redacci\u00f3n<\/strong><\/p>\n\n\n\n<p class=\"wp-block-paragraph\">SemM\u00e9xico,\nCiudad de M\u00e9xico, 1 de junio, 2020.-&nbsp;La Iniciativa Spotlight en M\u00e9xico,\nprograma de Naciones Unidas y la Uni\u00f3n Europea con el Gobierno de M\u00e9xico para\nla prevenci\u00f3n y eliminaci\u00f3n del feminicidio, lanz\u00f3 el video #NoEst\u00e1sSola,\nenfocado en la prevenci\u00f3n de la violencia contra las mujeres en el hogar, en el\nmarco de las acciones emergentes en la materia en tiempos de COVID-19.<\/p>\n\n\n\n<p class=\"wp-block-paragraph\">Durante\nel distanciamiento f\u00edsico a causa de COVID-19, la violencia contra las mujeres\ny sus hijas e hijos en el hogar se ha incrementado en todo el mundo. Y M\u00e9xico\nno ha sido la excepci\u00f3n.<\/p>\n\n\n\n<p class=\"wp-block-paragraph\">Para\nlas mujeres y sus hijas o hijos, la casa no siempre es el lugar m\u00e1s seguro. La\nviolencia en su contra proviene de quienes est\u00e1n en su entorno m\u00e1s cercano:\npareja, esposo, padre, hermano, t\u00edo, abuelo, familiares y\/o quienes dicen ser\nsus amigos.<\/p>\n\n\n\n<p class=\"wp-block-paragraph\">Por\nello,&nbsp;la Iniciativa Spotlight en M\u00e9xico ha lanzado el video #NoEst\u00e1sSola,\ndice un comunicado.<\/p>\n\n\n\n<p class=\"wp-block-paragraph\">M\u00e1s\nque una campa\u00f1a, el video busca dar un mensaje a las mujeres que se encuentran\nen una situaci\u00f3n de violencia al interior de sus hogares para que reconozcan\nque no es normal y que no est\u00e1n solas; es un llamado para que busquen y\nobtengan ayuda, as\u00ed como una forma de&nbsp; visibilizar y contribuir a la\nprevenci\u00f3n y eliminaci\u00f3n de la violencia contra las mujeres en el hogar, tanto\ndurante el distanciamiento f\u00edsico a causa de COVID-19 como en los momentos\nposteriores que acompa\u00f1ar\u00e1n a la incorporaci\u00f3n paulatina de las mujeres en sus\nactividades despu\u00e9s de la contingencia.<\/p>\n\n\n\n<p class=\"wp-block-paragraph\">El\nobjetivo es hacerle saber a m\u00e1s mujeres en situaci\u00f3n de riesgo que existen\ninstituciones y organizaciones dise\u00f1adas para brindarles atenci\u00f3n, mantenerlas\na salvo y garantizar su seguridad, y que, desde las distintas instancias que\ncolaboran en la Iniciativa Spotlight, se est\u00e1n redoblando esfuerzos en materia\nde prevenci\u00f3n y atenci\u00f3n de la violencia contra mujeres y ni\u00f1as para estar a la\naltura que las circunstancias demandan.<\/p>\n\n\n\n<p class=\"wp-block-paragraph\">SEM\/sj<\/p>\n","protected":false},"excerpt":{"rendered":"<p>Durante la pandemia se ha incrementado la violencia contra las mujeres en todo el mundo<\/p>\n","protected":false},"author":3,"featured_media":21338,"comment_status":"open","ping_status":"open","sticky":false,"template":"","format":"standard","meta":{"_monsterinsights_skip_tracking":false,"footnotes":""},"categories":[691,135],"tags":[],"class_list":["post-21337","post","type-post","status-publish","format-standard","has-post-thumbnail","category-691","category-emergencia-sanitaria-covid-19"],"_links":{"self":[{"href":"https:\/\/redsemlac.com\/semmexico\/wp-json\/wp\/v2\/posts\/21337","targetHints":{"allow":["GET"]}}],"collection":[{"href":"https:\/\/redsemlac.com\/semmexico\/wp-json\/wp\/v2\/posts"}],"about":[{"href":"https:\/\/redsemlac.com\/semmexico\/wp-json\/wp\/v2\/types\/post"}],"author":[{"embeddable":true,"href":"https:\/\/redsemlac.com\/semmexico\/wp-json\/wp\/v2\/users\/3"}],"replies":[{"embeddable":true,"href":"https:\/\/redsemlac.com\/semmexico\/wp-json\/wp\/v2\/comments?post=21337"}],"version-history":[{"count":0,"href":"https:\/\/redsemlac.com\/semmexico\/wp-json\/wp\/v2\/posts\/21337\/revisions"}],"wp:featuredmedia":[{"embeddable":true,"href":"https:\/\/redsemlac.com\/semmexico\/wp-json\/wp\/v2\/media\/21338"}],"wp:attachment":[{"href":"https:\/\/redsemlac.com\/semmexico\/wp-json\/wp\/v2\/media?parent=21337"}],"wp:term":[{"taxonomy":"category","embeddable":true,"href":"https:\/\/redsemlac.com\/semmexico\/wp-json\/wp\/v2\/categories?post=21337"},{"taxonomy":"post_tag","embeddable":true,"href":"https:\/\/redsemlac.com\/semmexico\/wp-json\/wp\/v2\/tags?post=21337"}],"curies":[{"name":"wp","href":"https:\/\/api.w.org\/{rel}","templated":true}]}}