{"id":21327,"date":"2022-06-01T04:55:00","date_gmt":"2022-06-01T10:55:00","guid":{"rendered":"https:\/\/redsemlac.com\/semmexico\/?p=21327"},"modified":"2023-07-21T19:05:43","modified_gmt":"2023-07-22T00:05:43","slug":"efemerides-de-junio","status":"publish","type":"post","link":"https:\/\/redsemlac.com\/semmexico\/efemerides-de-junio\/","title":{"rendered":"Efem\u00e9rides de Junio"},"content":{"rendered":"\n<h2 class=\"wp-block-heading\" id=\"lo-que-tenemos-que-recordar-de-junio\"> Lo que tenemos que recordar de Junio<\/h2>\n\n\n\n<p class=\"has-large-font-size wp-block-paragraph\"><strong>1<\/strong><\/p>\n\n\n\n<p class=\"wp-block-paragraph\">1843,\naparece en Francia <strong>La Uni\u00f3n Obrera<\/strong>,\nde Flora Trist\u00e1n (1803-1844), precursora del socialismo y el feminismo. Es uno\nde los primeros alegatos a favor de los derechos de la clase obrera y de las\nmujeres.<\/p>\n\n\n\n<p class=\"wp-block-paragraph\">1862,\nnace la escritora <strong>Elvira Garc\u00eda y Garc\u00eda<\/strong>\n(1862-1951). Form\u00f3 parte de la generaci\u00f3n de mujeres ilustradas de la segunda\nmitad del siglo XIX en el Per\u00fa. En 1883 funda el Liceo Fanning, que dirigi\u00f3\ndurante 20 a\u00f1os. Anexo a \u00e9l, abri\u00f3 el primer jard\u00edn de la infancia en 1902. En\nsus libros y art\u00edculos period\u00edsticos defendi\u00f3 el acceso de las mujeres a la\neducaci\u00f3n y su derecho al trabajo. <\/p>\n\n\n\n<p class=\"wp-block-paragraph\">1911,\nel peri\u00f3dico <strong><em>The New York Times<\/em><\/strong> public\u00f3 que \u201cun grupo de mujeres mexicanas\nenv\u00edan carta con cientos de firmas que solicitan el derecho del sufragio al\npresidente Francisco Le\u00f3n de la Barra\u201d.<\/p>\n\n\n\n<p class=\"wp-block-paragraph\">1927,\nla revista <em>Mujer<\/em> realiza una\nentrevista a <strong>Mar\u00eda Santib\u00e1\u00f1ez<\/strong>, la\nprimera mexicana que hace de la fotograf\u00eda un oficio.<\/p>\n\n\n\n<p class=\"wp-block-paragraph\">2006,\nla profesora de Inmunolog\u00eda, <strong>Iris\nCitlali Estrada Garc\u00eda<\/strong>, comenz\u00f3 su estancia postdoctoral en la unidad de\nInmunolog\u00eda Humana del Consejo de Investigaciones M\u00e9dicas, de la Universidad de\nOxford, Reino Unido. Es integrante de la Asociaci\u00f3n Mexicana de Microbiolog\u00eda y\nde la Asociaci\u00f3n Americana de Inmunolog\u00eda. Asesora temporal de la Organizaci\u00f3n\nPanamericana de la Salud (OPS) para asuntos de biolog\u00eda molecular e inmunolog\u00eda\nde micro bacterias. Est\u00e1 en la b\u00fasqueda de nuevas herramientas para combatir\nenfermedades como la tuberculosis y la lepra. Perfecciona una prueba serol\u00f3gica\nr\u00e1pida para detectar pacientes activos con tuberculosis llamada TB-ST.<\/p>\n\n\n\n<p class=\"wp-block-paragraph\">2009,\npor decreto presidencial se fund\u00f3 la Comisi\u00f3n Nacional para Prevenir y\nErradicar la Violencia contra las Mujeres (<strong>CONAVIM<\/strong>)\ndando cumplimiento en lo dispuesto en la Ley General de Acceso de las Mujeres a\nuna Vida Libre de Violencia.<\/p>\n\n\n\n<p class=\"wp-block-paragraph\">2012,\nla Asamblea General de la ONU declar\u00f3 este como el <strong>D\u00eda Mundial de las Madres y Padres<\/strong>, para reconocer su labor y\nhonrar su trabajo en todo el mundo.<\/p>\n\n\n\n<p class=\"has-large-font-size wp-block-paragraph\"><strong>2<\/strong><\/p>\n\n\n\n<p class=\"wp-block-paragraph\">1868,\nen Per\u00fa, durante la rebeli\u00f3n de Juan Santos Atahualpa, aparece un batall\u00f3n de\n50 mujeres guerrillera al mando de <strong>Ana\nde Tarma<\/strong>, cuya vida y trayectoria son desconocidas.<\/p>\n\n\n\n<p class=\"wp-block-paragraph\">1928,\nfallece <strong>Adela Zamudio<\/strong>, escritora\nboliviana (2854-1928), fue una ferviente defensora de la libertad de cultos y\ndel derecho de las mujeres a tener autonom\u00eda en su vida. Sostuvo fuertes\npol\u00e9micas con el clero y los sectores conservadores de su \u00e9poca. En su memoria,\nel d\u00eda de su nacimiento, 11 de octubre, fue declarado D\u00eda de la Mujer Bolivariana.<\/p>\n\n\n\n<p class=\"wp-block-paragraph\">2010,\nmuere <strong>Diana \u00c1lvarez<\/strong> pionera del\nmovimiento feminista en Chihuahua y fundadora del Centro de Atenci\u00f3n a la Mujer\nde Trabajadora (CAMT). Integrante de la Coordinadora Nacional de Milenio\nFeminista, creada para monitorear los acuerdos de la Conferencia Mundial de\nPoblaci\u00f3n celebrada en El Cairo (1994). Particip\u00f3 en la reuni\u00f3n regional de\norganizaciones no gubernamentales de Am\u00e9rica Latina y el Caribe hacia Beijing,\nLima, Per\u00fa (2000).<\/p>\n\n\n\n<p class=\"wp-block-paragraph\">2011,\n<strong>Irma Cruz Gavil\u00e1n Garc\u00eda<\/strong>, como\npresidenta del Colegio Nacional de Ingenieros Qu\u00edmicos y de Qu\u00edmicos A.C.,\njunto con las y los presidentes de 12 colegios de profesionistas, fundaron el\nConsejo de Colegios de Profesionistas de M\u00e9xico. Irma Cruz Gavil\u00e1n Garc\u00eda es\nuna reconocida qu\u00edmica ambiental, pionera en la certificaci\u00f3n de Protecci\u00f3n\nAmbiental. Jefa de la Unidad de Gesti\u00f3n Ambiental de la Facultad de Qu\u00edmica de\nla UNAM. Naci\u00f3 el 3 de mayo de 1962.<\/p>\n\n\n\n<p class=\"has-large-font-size wp-block-paragraph\"><strong>3<\/strong><\/p>\n\n\n\n<p class=\"wp-block-paragraph\">1898,\nen Valladolid, Espa\u00f1a, nace la escritora <strong>Rosa\nChacel<\/strong> (1898-1994). Ingres\u00f3 a la escuela de Bellas Artes e 1915. Aunque su\nlabor como escritora es muy amplia, destaca como novelista. Antes de morir,\nrecibi\u00f3 la medalla de Oro de las Bellas Artes. Fue colaboradora de la afamada\nRevista de Occidente. En 1938, parte al exilio. Es galardonada en 1987, con el\nPremio Nacional de las Letras otorgado por el Ministerio de Educaci\u00f3n, Cultura\ny Deportes.<\/p>\n\n\n\n<p class=\"wp-block-paragraph\">1956,\nnaci\u00f3 <strong>Josefina Cota Cota<\/strong>, primera\nSenadora por Baja California Sur en las Legislaturas LX y LXI (2006-2012). Dirigente\nestatal de las mujeres de las comunidades agrarias.<\/p>\n\n\n\n<p class=\"wp-block-paragraph\">1981,\nse firma el acuerdo de <strong>la 67 reuni\u00f3n de\nla Organizaci\u00f3n Internacional del Trabajo<\/strong> para crear el Convenio sobre la igualdad\nde oportunidades y el trato entre los trabajadores y trabajadoras: trabajadores\ncon responsabilidades familiares, que entr\u00f3 en vigor el 11 de agosto de 1983.<\/p>\n\n\n\n<p class=\"wp-block-paragraph\">1981,\n<strong>Alicia Jurado<\/strong> (22 de mayo de 1922 \u2013\n9 de mayo de 2011) escritora argentina, miembra de N\u00famero de la Academia\nArgentina de las Letras. Autora de novelas, cuentos, bogar\u00edas y memorias.\nRecibi\u00f3 el Primer Premio Municipal de Novela y de Ensayo, y el Premio\nInteramericano Alberti-Sarmiento. Fue presidenta del PEN Club Internacional. Su\nlibro Genio y Figura de Borges, reeditado varias veces, es la primera y m\u00e1s importante\nbiograf\u00eda de este escritor, con quien tuvo una estrecha amistad. <\/p>\n\n\n\n<p class=\"wp-block-paragraph\">1986,\nmuere en la Ciudad de M\u00e9xico, <strong>Amalia\nGonz\u00e1lez Caballero de Castillo Led\u00f3n<\/strong>, intelectual y pol\u00edtica que promovi\u00f3\nel teatro de la comedia en la ciudad de M\u00e9xico, escribi\u00f3 prosa, ensayo y\nteatro. Fund\u00f3 el Ateneo de las Mujeres y trabaj\u00f3 incansablemente por el voto\nfemenino. Naci\u00f3 el 18 de agosto de 1898.<\/p>\n\n\n\n<p class=\"has-large-font-size wp-block-paragraph\"><strong>4<\/strong><\/p>\n\n\n\n<p class=\"wp-block-paragraph\">1911,\nnace en Oaxaca, <strong>Patricia Bustamante Cox<\/strong>,\nmejor conocida como Patricia Cox, autora de 21 obras. Pionera de la novela\nhist\u00f3rica en M\u00e9xico. Lo mismo escribi\u00f3 de Sor Juana que de la historia de la\nFundidora de Monterrey.<\/p>\n\n\n\n<p class=\"wp-block-paragraph\">1912,\nla estadounidense <strong>Harriet Quimby<\/strong>, se\nconvierte en la primera mujer en atravesar el Canal de la Mancha en un\naeroplano. Ese mismo a\u00f1o, el 1 de julio, tratando de batir el record de\nvelocidad en la bah\u00eda de Nueva York, su avi\u00f3n cay\u00f3 en picada y muri\u00f3 ahogada.\nQuimby naci\u00f3 el 11 de mayo de 1875, en Arcadia, Michigan, EE.UU.<\/p>\n\n\n\n<p class=\"wp-block-paragraph\">1919: En la ciudad de&nbsp;Washington, el\nCongreso de Estados Unidos aprueba <strong>la Enmienda\n19 a la Constituci\u00f3n<\/strong>, la cual otorga el derecho al voto \u00fanicamente a las\nmujeres que&nbsp;no posean piel oscura. Estados Unidos fue uno de los \u00faltimos\npa\u00edses del mundo en garantizar el sufragio universal (reci\u00e9n en 1967).<\/p>\n\n\n\n<p class=\"wp-block-paragraph\">1956,\nnace <strong>Emma Cer\u00f3n D\u00edaz<\/strong> en la Ciudad de\nM\u00e9xico. Ingeniera de profesi\u00f3n. En 1985 se desplaz\u00f3 a Atoyac de \u00c1lvarez,\nGuerrero, para trabajar con mujeres campesinas e ind\u00edgenas. Coordin\u00f3 y fue\nSecretaria T\u00e9cnica del Comit\u00e9 por una Maternidad sin Riesgos (1995). Milit\u00f3 en\nMujeres Guerrerenses por la Democracia de la que fue presidenta (1997) y\nconfund\u00f3 el Colectivo Nosotras (1998). Es perito en materia de violencia\nfeminicida.<\/p>\n\n\n\n<p class=\"wp-block-paragraph\">2000,\nen la ceremonia realizada en la Universidad de Cambridge, Massachussets, la\nperiodista chilena <strong>Alejandra Matus<\/strong>,\nrecibe el Premio a la Libertad de Expresi\u00f3n \u201cVasyl Stus\u201d, otorgado por el PEN\nInternacional. Es autora del El Libro Negro de la Justicia Chilena, fue\nperseguida por la justicia y su publicaci\u00f3n censurada.<\/p>\n\n\n\n<p class=\"wp-block-paragraph\">2004: El Gobierno espa\u00f1ol aprueba el anteproyecto de <strong>Ley Org\u00e1nica contra la violencia<\/strong>\nejercida sobre las mujeres.<\/p>\n\n\n\n<p class=\"has-large-font-size wp-block-paragraph\"><strong>5<\/strong><\/p>\n\n\n\n<p class=\"wp-block-paragraph\">1646,\nnace en Venecia, <strong>Elena Cornaro Piscopia<\/strong>,\nfil\u00f3sofa y matem\u00e1tica italiana. La Universidad\nde Padua le neg\u00f3 el doctorado en Teolog\u00eda. El 25 de junio de 1678, se gradu\u00f3. Rinaldini le\notorg\u00f3 la insignia de doctora en teolog\u00eda. Fue una de las primeras mujeres que\nrecibi\u00f3 un t\u00edtulo acad\u00e9mico avanzado. Dedic\u00f3 los \u00faltimos siete a\u00f1os de su vida\nal estudio y la caridad. Falleci\u00f3 en Padua el 26 de julio de 1684 de&nbsp;tuberculosis,\nfue sepultada en la&nbsp;Bas\u00edlica de Santa Justina.<\/p>\n\n\n\n<p class=\"wp-block-paragraph\">1846,\nnace <strong>Trinidad Mar\u00eda Enr\u00edquez<\/strong>,\nescritora y defensora del acceso de las mujeres a la educaci\u00f3n en Per\u00fa. En\n1873, fue la primera mujer que logr\u00f3 ser aceptada por la Universidad de San\nAntonio Abad del Cuzco, donde curs\u00f3 la carrera de Derecho. Muri\u00f3 el 20 de abril de 1891,&nbsp;Lima, Per\u00fa.<\/p>\n\n\n\n<p class=\"wp-block-paragraph\">1901,\nnace en la ciudad de M\u00e9xico, <strong>Rosario\nCabrera L\u00f3pez<\/strong>, pintura que form\u00f3 parte de la primera generaci\u00f3n de mujeres\nque form\u00f3 parte de la Academia de San Carlos. Creadora de un vasto material,\nentre \u00f3leos y dibujos que expresan el arte acad\u00e9mico postrevolucionario.<\/p>\n\n\n\n<p class=\"wp-block-paragraph\">1960,\nnace la economista <strong>Flor Mar\u00eda Cervantes\nRojas<\/strong> en la Ciudad de M\u00e9xico. Luego del asesinato de Columba Vega,\ntrabajadora del peri\u00f3dico El Sur, junto con las periodistas Gabriela Berm\u00fadez,\nAline Castellanos y Pilar Monterrubio, organiza en Oaxaca el Grupo de Apoyo a\nla Educaci\u00f3n de la Mujer, el 8 de marzo de 1994.<\/p>\n\n\n\n<p class=\"has-large-font-size wp-block-paragraph\"><strong>6<\/strong><\/p>\n\n\n\n<p class=\"wp-block-paragraph\">1940,\nnaci\u00f3 en la Ciudad de M\u00e9xico, <strong>Annie\nPrado Semo<\/strong>, Profesora Em\u00e9rita de la Facultad de Ciencias de la UNAM. Fund\u00f3\nen 1980 el Laboratorio de Investigaci\u00f3n de Bioqu\u00edmica de esa instituci\u00f3n. Con\nsu revolucionaria hip\u00f3tesis sobre el origen epitelial de la fibrosis pulmonar\nideop\u00e1tica, contribuy\u00f3 a clarificar los mecanismos responsables del origen de\neste padecimiento, por lo que en la actualidad se le considera una autoridad\nmundial en este campo.<\/p>\n\n\n\n<p class=\"wp-block-paragraph\">1959,\nnace en la Ciudad de M\u00e9xico, <strong>Mar\u00eda\nAurora Mota,<\/strong> matem\u00e1tica, ecum\u00e9nica y defensora de los derechos sexuales\nl\u00e9sbico gay. En la d\u00e9cada de los noventa fund\u00f3 Pro Salud Sexual y Reproductiva\ny colabor\u00f3 con el Movimiento Abrazo de lucha contra el Sida y con el Colectivo\nNancy C\u00e1rdenas, en Nuevo Le\u00f3n. Fund\u00f3 G\u00e9nero, \u00c9tica y Salud Sexual (GESS, 1997)\ny la iglesia de Comunidad Metropolitana cuyo objetivo es atender las necesidades\nespirituales de la poblaci\u00f3n l\u00e9sbico, gay, bisexual y transg\u00e9nero.<\/p>\n\n\n\n<p class=\"wp-block-paragraph\">1974,\nmuere a los 44 a\u00f1os de edad <strong>Lilia\nCarrillo<\/strong>, pintora de la corriente abstraccionista, form\u00f3 parte del grupo\nque revolucion\u00f3 el lenguaje pict\u00f3rico en M\u00e9xico, transgrediendo el discurso\nestereotipado de \u201clo mexicano\u201d. Perteneci\u00f3 a la Generaci\u00f3n de la Ruptura.\nExpuso en Washington, Nueva York, Tokio, Lima, Sao Paulo, Madrid, Barcelona,\nBogot\u00e1 y Cuba. Naci\u00f3 un 2 de noviembre de 1930.<\/p>\n\n\n\n<p class=\"wp-block-paragraph\">2000,\nse crea el Consejo para el Desarrollo Integral de la Mujer, hoy Instituto de la\nMujer Tamaulipeca. <\/p>\n\n\n\n<p class=\"has-large-font-size wp-block-paragraph\"><strong>7<\/strong><\/p>\n\n\n\n<p class=\"wp-block-paragraph\">1848,\nnace en Aguascalientes, la escritora y periodista mexicana, <strong>Dolores Jim\u00e9nez y Muro<\/strong>, ferviente\ndefensora de la Revoluci\u00f3n mexicana. Colabor\u00f3 con varias revistas de la \u00e9poca.\nFue directora de la Revista Potosina. Milit\u00f3 en el Partido Liberal Mexicano.\nPerteneci\u00f3 al grupo Socialismo Mexicano y trabaj\u00f3 a favor de la candidatura\npresidencial de Francisco I. Madero, fundando el Club Femenil\nAntirreeleccionista Hijas de Cuauht\u00e9moc. Muri\u00f3 el 15 de octubre de 1925 en la ciudad de\nM\u00e9xico, a la edad de 77 a\u00f1os.<\/p>\n\n\n\n<p class=\"wp-block-paragraph\">1922,\nnaci\u00f3 en Tuxpan, Veracruz, <strong>Luz Mar\u00eda\nZavaleta Islas de Elsner<\/strong>, primera diputada federal por Quintana Roo, de\n1964-1967. Tuvo a su cargo la presidencia del Congreso y contest\u00f3 el Segundo\nInforme del presidente Gustavo D\u00edaz Ordaz.<\/p>\n\n\n\n<p class=\"wp-block-paragraph\">1999,\n<strong>Cyntia Hamhung<\/strong>, m\u00e9dica tailandesa,\nrecibe el Premio Jonathan Mann, por crear un sistema de cl\u00ednicas de salud en su\npa\u00eds, donde presta asistencia a 20 mil personas refugiadas de Brimania. Es la\nprimera mujer que recibe ese premio. <\/p>\n\n\n\n<p class=\"wp-block-paragraph\">2002,\na ra\u00edz de la publicaci\u00f3n de una serie de art\u00edculos sobre personas desaparecidas\nen Guatemala durante la guerra civil en ese pa\u00eds, la periodista <strong>Marielos Monz\u00f3n<\/strong> recibe una amenaza de\nmuerte de una organizaci\u00f3n clandestina paramilitar, quien la declara \u201cenemiga\nde la patria\u201d. Un a\u00f1o despu\u00e9s se le otorg\u00f3 el Premio al Coraje Period\u00edstico de\nla Fundaci\u00f3n Internacional de Mujeres en los Medios. En 2005, Amnist\u00eda Internacional\nreconoci\u00f3 su labor a trav\u00e9s del programa de Radio Universidad donde da a\nconocer violaciones a los derechos humanos, por lo que se le otorga el Premio\nEspecial de Periodismo por los Derechos Humanos en Peligro.<\/p>\n\n\n\n<p class=\"wp-block-paragraph\">2006,\n<strong>Mar\u00eda del Consuelo Cuevas Cardona<\/strong>\nobtuvo el t\u00edtulo de Doctora en Ciencias por la UNAM, donde tambi\u00e9n estudi\u00f3 la\ncarrera de Biolog\u00eda y la maestr\u00eda en Ciencias Biol\u00f3gicas. Su l\u00ednea de\ninvestigaci\u00f3n es la historia de la biolog\u00eda en M\u00e9xico y la historia ambiental.\nEn 2004 recibi\u00f3 la Medalla Alfonso Caso que otorga la misma casa universitaria.<\/p>\n\n\n\n<p class=\"has-large-font-size wp-block-paragraph\"><strong>8<\/strong><\/p>\n\n\n\n<p class=\"wp-block-paragraph\">1876, muere <strong>George Sand<\/strong>,\nseud\u00f3nimo de la escritora francesa <strong>Aurore\nDupin<\/strong>. Muy joven se rebel\u00f3 contra las costumbres de su \u00e9poca. Abandon\u00f3 a su\nmarido por considerar que la vida conyugal era opresiva. Adopt\u00f3 ropas\nmasculinas. Como historiadora y por ser una de las primeras mujeres de su \u00e9poca\nen rebelarse contra los prejuicios sociales ha pasado a la historia. El\ngobierno de Francia declar\u00f3 2004, como el A\u00f1o de George Sand.<\/p>\n\n\n\n<p class=\"wp-block-paragraph\">1903, nace en\nBruselas, B\u00e9lgica,&nbsp;<strong>Marguerite Yourcenar<\/strong>, una delas voces\nm\u00e1s trascendentales de las letras francesas del siglo XX. Poeta, novelista, dramaturga y traductora. En 1947\nadopt\u00f3 la nacionalidad estadounidense, pero escribi\u00f3 solo en franc\u00e9s. Su novela\nm\u00e1s famosa es Memorias de Adriano (1951), as\u00ed como Opus Nigrum (1968), novela\ncon la que obtuvo el premio F\u00e9mina ese mismo a\u00f1o. En 1971, ingres\u00f3 a la\nAcademia Francesa y fue galardonada en 1986 con la Legi\u00f3n de Honor en Francia.\nMuri\u00f3 el 17 de diciembre de 1987, en Norheast Harbor, EE.UU.<\/p>\n\n\n\n<p class=\"wp-block-paragraph\">1904, nace en Chenecey-Buillon,&nbsp;Quingey,&nbsp;Francia, la pintora y poeta <strong>Alice\nRahon<\/strong>, de origen francomexicana. Una de las primeras mujeres de la escuela\nsurrealista, expuso en 1940 junto con Frida Kahlo en la Exposici\u00f3n\nInternacional de Surrealismo. Escribi\u00f3 tres poemarios. Vivi\u00f3 en M\u00e9xico casi 50\na\u00f1os, se la reconoce por su influencia en el Arte Moderno Mexicano. Muri\u00f3 en la\nCiudad de M\u00e9xico en 1987.<\/p>\n\n\n\n<p class=\"wp-block-paragraph\">1910, nace en Vi\u00f1a del Mar, Chile, la escritora <strong>Mar\u00eda Luisa Bombal<\/strong>, considerada una\nfigura clave de la literatura de su pa\u00eds en el siglo XX. Su narrativa estuvo\ncentrada en los conflictos de la mujer, dentro de atm\u00f3sferas de irrealidad,\nensue\u00f1o y fantas\u00eda. Sus libros m\u00e1s importantes son La \u00daltima Niebla (1935) y La\nAmortajada (1938). En 1977 recibi\u00f3 el Premio de la Academia Chilena de la\nLengua. Muri\u00f3 en Santiago de Chile el 6 de mayo de 1980.<\/p>\n\n\n\n<p class=\"wp-block-paragraph\">1910, naci\u00f3 en \u00c1lamos, Sonora, <strong>Mar\u00eda de Jes\u00fas Guirado Ibarra<\/strong>, primera diputada local por Navojoa.\nCosturera y administradora de la tienda mayorista m\u00e1s grande la entidad,\nsindicalista pionera, dirigente del Sindicato Femenil de Costureras, afiliada a\nla Central de Trabajadores de Sonora, de la que fue secretaria general. Muri\u00f3\nel 15 de noviembre de 1987.<\/p>\n\n\n\n<p class=\"wp-block-paragraph\">1978, naci\u00f3 en la Ciudad de M\u00e9xico <strong>Isabel Alicia Hubard Escalera<\/strong>, quien en\n1996 gan\u00f3 la Olimpiada Nacional de Matem\u00e1ticas. En abril de 2013, logr\u00f3 ser la\nprimera matem\u00e1tica en obtener el premio L\u00b4Or\u00e9al-UNESCO-AMC en el \u00e1rea de\nCiencias Exactas por sus investigaciones de poliedros.<\/p>\n\n\n\n<p class=\"wp-block-paragraph\">2003, muere <strong>Sara Josefina\nNewbery<\/strong>, tambi\u00e9n conocida como Safina. Antrop\u00f3loga y feminista argentina. Fue\nuna defensora del derecho de las mujeres a decidir sobre sus cuerpos y fund\u00f3 la\nComisi\u00f3n por el Derecho al Aborto en 1985. Primera representante de Cat\u00f3licas\npor el Derecho a decidir en ese pa\u00eds.<\/p>\n\n\n\n<p class=\"has-large-font-size wp-block-paragraph\"><strong>9<\/strong><\/p>\n\n\n\n<p class=\"wp-block-paragraph\">1793,\nla revolucionaria y defensora de los derechos de las mujeres durante la\nRevoluci\u00f3n Francesa, <strong>Olympe de Gouges<\/strong>\n(1748-1793), dirige una carta a la Convenci\u00f3n Nacional, intercediendo por sus\namigos girondinos que estaban detenidos o proscritos. Un mes m\u00e1s tarde es\napresada.<\/p>\n\n\n\n<p class=\"wp-block-paragraph\">1843,\nnace en Viena, Austria, <strong>Bertha von\nSuttner<\/strong>, pacifista, escritora, primera mujer en recibir el Premio Nobel de\nla Paz y segunda en recibir esta distinci\u00f3n lo que ocurri\u00f3 en 1905, y la\nsegunda mujer en obtenerlo, solo despu\u00e9s de Marie Curie<\/p>\n\n\n\n<p class=\"wp-block-paragraph\">1941,\nnaci\u00f3 en Villa Matamoros, Chihuahua, <strong>Diamantina\nReyes Esparza<\/strong>, primera Senadora por su estado en 1984. Despu\u00e9s de la muerte\ndel Senador propietario. Maestra normalista y diputada federal en el periodo de\n1970-1973.<\/p>\n\n\n\n<p class=\"wp-block-paragraph\">1941,\nnaci\u00f3 en la Ciudad de M\u00e9xico, <strong>Marcela\nFern\u00e1ndez Violante<\/strong>, cineasta. Realiz\u00f3 el documental Frida Kahlo en 1972 y\nobtuvo una Diosa de Plata y un Ariel a la mejor \u00f3pera prima.<\/p>\n\n\n\n<p class=\"wp-block-paragraph\">1994,\npor iniciativa de la Comisi\u00f3n Interamericana de Mujeres (CIM), la VII sesi\u00f3n\nplenaria de la Asamblea General de la OEA aprueba la <strong>Convenci\u00f3n Interamericana para Prevenir, Sancionar y Erradicar la\nViolencia contra la Mujer <\/strong>(Convenci\u00f3n Bel\u00e9m do Par\u00e1).<\/p>\n\n\n\n<p class=\"wp-block-paragraph\">2009,\nmuere en la ciudad de M\u00e9xico, <strong>Nellys\nPalomo S\u00e1nchez<\/strong>, psicoterapeuta e ingeniera. Milit\u00f3 en el Partido\nRevolucionario de los Trabajadores y Trabajadoras. Destaca su trabajo con\nind\u00edgenas de Chiapas. Fund\u00f3 la organizaci\u00f3n K\u00b4inal Antzetik (Tierra de\nMujeres). Naci\u00f3 el 23 de enero de 1956 en Cartagena, Colombia. Coordin\u00f3\ndiplomados en torno a bioenerg\u00e9tica, constelaciones familiares y trabajo de\ncrisis y cambio. Particip\u00f3 en una red de apoyo psicosocial en Centroam\u00e9rica,\ncuando estaba en v\u00edas de convertirse en el Instituto Internacional Serendipity.<\/p>\n\n\n\n<p class=\"wp-block-paragraph\">1903,\nse cas\u00f3 en secreto con Arthur Gundaccar von Sutter el 12 de junio de 1876. \u00c9l\npublicaba novelas y ella trabaj\u00f3 como periodista en plena guerra ruso-turca,\ncon el seud\u00f3nimo de B. Oulet. De regreso a Austria\nsigui\u00f3 escribiendo sobre el tema que ya le apasionaba: la paz, un pacifismo\n\u00e9tico y muy humano. Escribi\u00f3 <em>Die Waffen\nnieder!<\/em> (\u00a1Abajo las armas!,1889).&nbsp; En\n1910 se public\u00f3 Memorias. Muri\u00f3 en Viena el 21 de junio de 1914, poco despu\u00e9s\ndel comienzo de la Primera Guerra Mundial.<\/p>\n\n\n\n<p class=\"has-large-font-size wp-block-paragraph\"><strong>10<\/strong><\/p>\n\n\n\n<p class=\"wp-block-paragraph\">1920,\nnaci\u00f3 <strong>Mar\u00eda Esther Talamantes<\/strong>,\npionera del voto femenino en Zacatecas, fue la primera magistrada del Tribunal\nde lo Contencioso Administrativo del Distrito Federal. Defensora de los\nDerechos Humanos que cre\u00f3 la Academia Mexicana de Derechos Internacional,\nintegrante de la Primera Mesa Directiva de la Alianza de Mujeres de M\u00e9xico. <\/p>\n\n\n\n<p class=\"wp-block-paragraph\">1933,\nnace en Nueva Rosita, Coahuila, <strong>Margarita\nGarc\u00eda Flores<\/strong>, periodista y escritora.Desde 1953 y por m\u00e1s de 25 a\u00f1os, fue jefa de prensa y jefa de redacci\u00f3n de\nla Gaceta UNAM. Cubri\u00f3 el movimiento estudiantil de 1968. En 1973 fund\u00f3 la\nrevista Los Universitarios. Es cofundadora de la revista FEM. Premio Nacional de Periodismo de M\u00e9xico&nbsp;en&nbsp;<em>entrevista<\/em>, por su labor en&nbsp;Radio\nUNAM, en 1982.<\/p>\n\n\n\n<p class=\"wp-block-paragraph\">1982,\nes creada en la Ciudad de M\u00e9xico la <strong>Red\nNacional de Mujeres<\/strong>, con la participaci\u00f3n de ocho grupos de los estados de\nla Rep\u00fablica y 13 de la capital. Ah\u00ed se decide crear el \u00f3rgano informativo <strong><em>La\nBoletina<\/em><\/strong>, la cual queda a cargo del grupo Ven Seremos de Morelia,\nMichoac\u00e1n, mismo que hab\u00eda nacido el 10 de mayo anterior, con la participaci\u00f3n\nde 30 mujeres y la consigna: Ven a ser, ven a nacer, ven seremos, para despu\u00e9s\nvencer.<\/p>\n\n\n\n<p class=\"wp-block-paragraph\">1996,\na los 91 a\u00f1os muere en Cuernavaca, Morelos, <strong>Elizabeth Mar\u00eda Hollands<\/strong> (Betzy). Periodista y religiosa feminista\nbelga. Fund\u00f3 en 1969 el primer Centro de Documentaci\u00f3n de Mujeres de la \u00c9poca\nContempor\u00e1nea (CHIDAL). Particip\u00f3 en la fundaci\u00f3n de la asociaci\u00f3n civil Vejez\nen M\u00e9xico: Estudio y Acci\u00f3n (VEMEA), la Casa Ancianos y sus Amigos. Se inici\u00f3\nen Mujeres Cat\u00f3licas y fue corresponsal de guerra en Grecia y en la Espa\u00f1a\nfranquista.<\/p>\n\n\n\n<p class=\"wp-block-paragraph\">2011,\nla compositora y music\u00f3loga <strong>Leticia\nArmijo<\/strong> presenta su obra monumental en la Casa del Sonido. Directora del\nColectivo Mujeres en la M\u00fasica, obtuvo en 2007 el premio de SACM de Composici\u00f3n\nSinf\u00f3nica y el Premio de Composici\u00f3n Electroac\u00fastica que otorga el Ministerio\nde Cultura y Educaci\u00f3n de Espa\u00f1a.<\/p>\n\n\n\n<p class=\"has-large-font-size wp-block-paragraph\"><strong>11<\/strong><\/p>\n\n\n\n<p class=\"wp-block-paragraph\">1933,\nnaci\u00f3 en la Ciudad de M\u00e9xico, <strong>Estela\nS\u00e1nchez Quintanar<\/strong>, pionera en el estudio de la Bioqu\u00edmica en M\u00e9xico.\nReconocida en el mundo por sus estudios del ma\u00edz. Concluy\u00f3 su doctorado en\nBioqu\u00edmica en la Universidad de Wisconsin, EE.UU. y se convirti\u00f3 en la primera\nmexicana doctorada en esa disciplina. Cofundadora del Departamento de\nBioqu\u00edmica de la Facultad de Qu\u00edmica de la UNAM (1967) y su primera directora.<\/p>\n\n\n\n<p class=\"wp-block-paragraph\">1957,\nnace en Buenos Aires, Argentina, <strong>M\u00f3nica\nJasis Silberg<\/strong>, m\u00e9dica cirujana pionera en la investigaci\u00f3n sobre el impacto\ndel trabajo maquilador en la salud de las mujeres. En 1988 introdujo el\nprograma de prevenci\u00f3n de embarazo y de seguimiento prenatal. En 1994, fund\u00f3 el\nCentro de Mujeres, la primera organizaci\u00f3n feminista en Baja California Sur,\n\u00e9ste ha sido el motor de avance de los derechos humanos de las mujeres en esa\nentidad.<\/p>\n\n\n\n<p class=\"wp-block-paragraph\">2003,\nse public\u00f3 en el Diario Oficial de la Federaci\u00f3n la Ley Federal para Prevenir y\nErradicar la Discriminaci\u00f3n.<\/p>\n\n\n\n<p class=\"has-large-font-size wp-block-paragraph\"><strong>12<\/strong><\/p>\n\n\n\n<p class=\"wp-block-paragraph\">1791,\nen plena Revoluci\u00f3n Francesa, <strong>Etta Palm\nd\u00b4Alders<\/strong> (1743-1799) pronuncia ante la Asamblea Federativa del Club de\nAmigos de la Verdad, el Discurso sobre la injusticia de las leyes a favor de\nlos hombres, a expensas de las mujeres. Holandesa de origen perteneci\u00f3 al grupo\nde mujeres activista que tuvo una gran actuaci\u00f3n en los distintos escenarios de\nla Revoluci\u00f3n Francesa para propagandizar la causa de las mujeres. Fund\u00f3 la\nSociedad Patri\u00f3tica y de Beneficencia de las Amigas de la Verdad para ocuparse\nde la educaci\u00f3n de las ni\u00f1as pobres, defender los derechos pol\u00edticos de las\nmujeres y reclamar el divorcio.<\/p>\n\n\n\n<p class=\"wp-block-paragraph\">1945, fallece <strong>Mar\u00eda Luisa Ross Landa<\/strong>, originaria de Tulancingo, Hidalgo (14 de\nagosto de 1887). Periodista, escritora y activista por los derechos de las\nmujeres. Escribi\u00f3 en Mundo Ilustrado y El Imparcial. Cofundadora de El\nUniversal. En 1925, el Presidente Calles la comision\u00f3 para organizar el\nDepartamento de Radio Educaci\u00f3n del cual fue su primera directora.<\/p>\n\n\n\n<p class=\"wp-block-paragraph\">1953,\nnaci\u00f3 en Amatl\u00e1n de las Ca\u00f1as, Nayarit, <strong>Mar\u00eda\nHilaria Dom\u00ednguez Arvizu<\/strong>, primera diputada federal de su entidad, de\n976-1979, militante de la Confederaci\u00f3n Nacional Campesina de 1972, en 2014 fue\ndelegada de la Procuradur\u00eda Agraria. Diputada local de 1999-2002 y Diputada\nFederal de 2003-2006. Senadora suplente de 2006 a 2012.<\/p>\n\n\n\n<p class=\"has-large-font-size wp-block-paragraph\"><strong>13<\/strong><\/p>\n\n\n\n<p class=\"wp-block-paragraph\">1834,\nnace en Santo Domingo, Rep\u00fablica Dominicana, la poeta, <strong>Josefa Antonia Perdomo y Heredia<\/strong>. Su posici\u00f3n econ\u00f3mica le permiti\u00f3\nestudiar, en una \u00e9poca en que la educaci\u00f3n formal era privilegio reservado para\nel sexo masculino. Entre 1855 y 1856, bajo el seud\u00f3nimo de Luc\u00eda publica sus\npoemas en el peri\u00f3dico El Oasis, \u00f3rgano de difusi\u00f3n de la Sociedad Amantes de\nla Luz. Se le atribuye el haber sido la primera poeta de su pa\u00eds que publica.\nMuchos de sus poemas figuran en las primeras antolog\u00edas po\u00e9ticas nacionales de\nla segunda mitad del siglo XIX. Muri\u00f3 el 25 de mayo de 1896 en su ciudad natal.<\/p>\n\n\n\n<p class=\"wp-block-paragraph\">1923,\nen San Luis Potos\u00ed, M\u00e9xico, se expide el <strong>decreto\nque concede a las mujeres el derecho a votar<\/strong> y a ser electas en procesos\nmunicipales siempre que supieran leer y no pertenecieran a ninguna asociaci\u00f3n\nreligiosa; poco despu\u00e9s estos derechos fueron derogados.<\/p>\n\n\n\n<p class=\"has-large-font-size wp-block-paragraph\"><strong>14<\/strong><\/p>\n\n\n\n<p class=\"wp-block-paragraph\">1811,\nnace en Connecticut, la escritora y abolicionista estadounidense, <strong>Harriet Beecher Stowe<\/strong>, autora de la\nnovela La Caba\u00f1a del T\u00edo Tom, una severa denuncia a la esclavitud que se\npublic\u00f3 en 1852. En s\u00f3lo cinco a\u00f1os se vendieron 500 mil ejemplares y se\ntradujo a m\u00e1s de 20 idiomas. Falleci\u00f3 en Hartford, EE.UU. el 1 de julio de 1896\na la edad de 85 a\u00f1os.<\/p>\n\n\n\n<p class=\"wp-block-paragraph\">1832, nace en la ciudad de M\u00e9xico, <strong>Iridia Salazar Blanco<\/strong>, medalla de bronce en los Juegos Ol\u00edmpicos de\nAtenas en Taekwando. Gan\u00f3 tres medallas en el Campeonato Mundial de Taekwando,\nplata en 1999 en Edmonton, Canad\u00e1; Jeju, Corea del Sur en 2001, y Garmisch-\nPartenkirchen, Alemania en 2003. Medalla de oro en los Juegos Panamericanos en\nSanto Domingo, Dominicana en 2003 y en R\u00edo de Janeiro, Brasil en 2007. Dos medallas en el Campeonato Panamericano en Oranjestad, Aruba, en 2000, y en\nBuenos Aires, Argentina, en 2006.<\/p>\n\n\n\n<p class=\"wp-block-paragraph\">1873,\nnace en el estado de Colima la pintora <strong>\u00c1ngela\nBetancourt<\/strong>, destacada estudiante de la Escuela Nacional de Bellas Artes.\nEjerci\u00f3 la C\u00e1tedra de pintura en la Normal de Colima. Algunas de sus obras se\nencuentran en la pinacoteca universitaria Alfonso Michel.<\/p>\n\n\n\n<p class=\"wp-block-paragraph\">1980,\ninici\u00f3 la <strong>Segunda Conferencia Mundial de\nla Mujer<\/strong> celebrada en Copenhague, Dinamarca. Se evaluaron los procesos\nalcanzados a partir de la primera conferencia y se agregaron a la agenda los\ntemas de educaci\u00f3n, empleo y salud.<\/p>\n\n\n\n<p class=\"wp-block-paragraph\">&nbsp;2000, se decreta la creaci\u00f3n del <strong>Instituto de la Mujer Duranguense<\/strong>, como\nun organismo p\u00fablico descentralizado de la Administraci\u00f3n P\u00fablica Estatal, con\npersonalidad jur\u00eddica y patrimonio propios. Se public\u00f3 en el Peri\u00f3dico Oficial de gobierno\ndel estado el 18 de junio de 2000.<\/p>\n\n\n\n<p class=\"wp-block-paragraph\">2012,\nse publican en el Diario Oficial de la Federaci\u00f3n reformas <strong>para garantizar la reparaci\u00f3n del da\u00f1o a mujeres violentadas<\/strong>, as\u00ed\ncomo el tipo penal de feminicidio en el C\u00f3digo Federal. La reforma influy\u00f3 para\nque en diversas entidades federativas se iniciaran cambios y la inclusi\u00f3n del\ndelito adoptado, en la mayor\u00eda de los casos, el modelo establecido para la\nFederaci\u00f3n.<\/p>\n\n\n\n<p class=\"has-large-font-size wp-block-paragraph\"><strong>15<\/strong><\/p>\n\n\n\n<p class=\"wp-block-paragraph\">1956,\nlas peruanas acuden por primera vez a las urnas, luego de que se promulgara el\nvoto que reconoci\u00f3 ese derecho en 1955.<\/p>\n\n\n\n<p class=\"wp-block-paragraph\">1971, naci\u00f3 en la Ciudad de M\u00e9xico, la doctora <strong>Adriana Ortiz Rodr\u00edguez<\/strong> especialista en\nGeometr\u00eda Algebraica Real, campo con un alto grado de complejidad. Su tesis\nGeometr\u00eda Diferencial Proyectiva de Superficies Algebraicas Reales, abri\u00f3 la\npuerta de lo que ahora se denomina Geometr\u00eda Hessiana. Es investigadora de\ntiempo completo e integrante de la Comisi\u00f3n Especial y del Consejo Interno del\nInstituto de Matem\u00e1ticas de la UNAM desde 2013.<\/p>\n\n\n\n<p class=\"wp-block-paragraph\">1999,\nse estableci\u00f3 la Comisi\u00f3n de Equidad y G\u00e9nero en el Congreso del Estado de\nDurango.<\/p>\n\n\n\n<p class=\"wp-block-paragraph\">2000, un grupo de feministas apoy\u00f3 la\ncandidatura de Sara Lovera como diputada plurinominal por el PRD. Se reunieron\nen el Centro Social Veracruzano. Elaboraron una agenda. Destac\u00f3 la propuesta:\ncorresponsabilidad para consolidar la democracia.<\/p>\n\n\n\n<p class=\"has-large-font-size wp-block-paragraph\"><strong>16<\/strong><\/p>\n\n\n\n<p class=\"wp-block-paragraph\">1794, naci\u00f3 en Rep\u00fablica Dominicana, <strong>Mar\u00eda Trinidad S\u00e1nchez<\/strong>,\nindependentistas, quien con otras mujeres, confeccion\u00f3 la primera bandera de su\npa\u00eds (1844). Form\u00f3\nparte del Movimiento La Trinitaria. Cuando se descubri\u00f3 la insurrecci\u00f3n fue\napresada, el consejo de guerra orden\u00f3 su fusilamiento, por no delatar a sus\ncompatriotas, lo que ocurri\u00f3 el 27 de febrero de 1845, un a\u00f1o despu\u00e9s de la\nfundaci\u00f3n de la Rep\u00fablica.<\/p>\n\n\n\n<p class=\"wp-block-paragraph\">1845,\nnace en la ciudad de M\u00e9xico, <strong>\u00c1ngela\nPeralta<\/strong>, considerada la primera cantante mexicana de \u00f3pera de fama mundial,\npianista y ejecutante de arpa, compositora y empresaria. Muri\u00f3 en 1883 de\nfiebre amarilla, sus restos fueron trasladados en 1937 a la Rotonda de los\nPersonajes Ilustres.<\/p>\n\n\n\n<p class=\"wp-block-paragraph\">1879,\nnaci\u00f3 <strong>Victoriana Mart\u00ednez Chapa<\/strong>,\nprimera alcaldesa electa del Estado de Nuevo Le\u00f3n, para el municipio de Dr.\nGonz\u00e1lez en el periodo 1958-1960. Falleci\u00f3 el 29 de marzo de 1969.<\/p>\n\n\n\n<p class=\"wp-block-paragraph\">1902, nace en Hartford, Estados Unidos, <strong>Barbara McClintock<\/strong>, quien en 1983 gan\u00f3 el Premio Nobel de Medicina,\npor\nsus descubrimientos en el campo de la transposici\u00f3n gen\u00e9tica. Inici\u00f3 sus estudios en los que se\nespecializ\u00f3 en citogen\u00e9tica y etnobot\u00e1nica en 1927, despu\u00e9s de doctorarse en\nBiolog\u00eda. Ella fue quien inici\u00f3 la cartograf\u00eda gen\u00e9rica en ma\u00edz, describi\u00f3\nel primer&nbsp;mapa\nde ligamiento&nbsp;de este&nbsp;genoma&nbsp;y puso de relieve el papel de los tel\u00f3meros y\ncentr\u00f3meros. Por su trabajo ingres\u00f3 a la Academia Nacional de Ciencias de su\npa\u00eds en 1944. Sus trabajos se adelantaron al menos veinte a\u00f1os. Muri\u00f3 en Huntington, Estados\nUnidos,&nbsp;3 de septiembre&nbsp;de&nbsp;1992.<\/p>\n\n\n\n<p class=\"wp-block-paragraph\">1929,\nnace en la Ciudad de M\u00e9xico, <strong>Ifigenia\nMart\u00ednez y Hern\u00e1ndez<\/strong>, economista, pol\u00edtica, acad\u00e9mica y diplom\u00e1tica, adem\u00e1s\nde ser fundadora del partido de la Revoluci\u00f3n Democr\u00e1tica. Fue secretaria de\nHacienda, consejera para la Reforma Pol\u00edtica del Distrito Federal, diputada\nconstituyente de la Ciudad de M\u00e9xico, diputada federal y la primera Senadora\ndel PRD. Fue fundadora y presidenta de Mujeres por la Soberan\u00eda Nacional y la\nintegraci\u00f3n Latinoamericana.<\/p>\n\n\n\n<p class=\"wp-block-paragraph\">1994,\nla doctora en Ciencias Biom\u00e9dicas, <strong>Norma\nAraceli Bobadilla Sandoval<\/strong>, fue designada investigadora del Instituto de\nInvestigaciones Biom\u00e9dicas de la UNAM y del Instituto Nacional de Nutrici\u00f3n. Ha\ndesarrollado su trabajo en el \u00e1rea de Fisiolog\u00eda y Fisiopatolog\u00eda Renal. En\n2011, fue responsable del equipo de investigaci\u00f3n que desarroll\u00f3 una patente\npara diagn\u00f3stico urinario no invasivo, que detecta la insuficiencia renal\naguda.<\/p>\n\n\n\n<p class=\"wp-block-paragraph\">2004,\nla activista estadounidense de origen mexicano, <strong>Susan Reyna<\/strong>, recibe el Premio Community Health Leadership Program,\npor su trayectoria en el campo de la salud comunitaria. En su infancia vivi\u00f3\nviolencia familiar, por lo que en 1996 fund\u00f3 la Asociaci\u00f3n de Mujeres Unidas en\nJusticia, Educaci\u00f3n y Reforma (MUJER) para ayudar a v\u00edctimas de la violencia\nfamilia y abuso sexual.<\/p>\n\n\n\n<p class=\"has-large-font-size wp-block-paragraph\"><strong>17<\/strong><\/p>\n\n\n\n<p class=\"wp-block-paragraph\">1900,\nnace <strong>Mar\u00eda Tereza Montaya<\/strong>. A los 17\na\u00f1os fund\u00f3 su primera compa\u00f1\u00eda de teatro. Particip\u00f3 en la inauguraci\u00f3n del\nteatro o Palacio de Bellas Artes; en el a\u00f1o de 1922 fund\u00f3 su segunda compa\u00f1\u00eda.\nRecibi\u00f3 m\u00faltiples premios desde 1932 como actriz de teatro culto. Escribi\u00f3 su\nbiograf\u00eda: El teatro de mi vida, en 1956. Muri\u00f3 en 1970.<\/p>\n\n\n\n<p class=\"wp-block-paragraph\">1999,\nse crea por acuerdo del gobierno, el Instituto de la Mujer de Tlaxcala.<\/p>\n\n\n\n<p class=\"wp-block-paragraph\">2010,\n<strong>Mar\u00eda Isabel Guerrero Legarreta<\/strong> fue\nreconocida como Profesora Distinguida de la UAM por sus contribuciones en el\n\u00e1rea de la investigaci\u00f3n en Alimentos. Form\u00f3 el \u00c1rea de Bioqu\u00edmica de\nMacromol\u00e9culas, obtuvo la Maestr\u00eda en Alimentos por la Universidad de Reading,\nInglaterra, y el Doctorado en Alimentos con especialidad en alimentos de origen\nmuscular, por la Universidad de Guelph, Canad\u00e1. Integrante de la Academia\nMexicana de la Ciencia desde 1999 y Jurado del Premio Nacional de Ciencias y\nArtes, Modalidad Tecnolog\u00eda y Dise\u00f1o (2008).<\/p>\n\n\n\n<p class=\"has-large-font-size wp-block-paragraph\"><strong>18<\/strong><\/p>\n\n\n\n<p class=\"wp-block-paragraph\">1950,\nnace en la ciudad de M\u00e9xico, Mar\u00eda Eugenia Cort\u00e9s Rocha \u201cBusi Cort\u00e9s\u201d,\ndirectora y profesora de cine. Realiz\u00f3 cuatro series televisivas y 14 obras\nf\u00edlmicas. Por \u201cEl Secreto de Romelia\u201d (1988), recibi\u00f3 un Ariel y la Diosa de\nPlata como mejor \u00f3pera prima.<\/p>\n\n\n\n<p class=\"has-large-font-size wp-block-paragraph\"><strong>19<\/strong><\/p>\n\n\n\n<p class=\"wp-block-paragraph\">1945, nace en Birmania,\nla Premio Nobel de la Paz (1991), <strong>Aung\nSan Suu Kyi<\/strong>. En 2015 fue electa presidenta de su pa\u00eds cargo que no pudo\ndesempe\u00f1ar porque sus hijos tienen pasaporte extranjero, por su nacionalidad\nbrit\u00e1nica. Ha recibido diversas condecoraciones internacionales ha sido\ncriticada debido a la inacci\u00f3n con respecto a la limpieza \u00e9tnica de los\nRohiny\u00e1, una minor\u00eda musulmana.<\/p>\n\n\n\n<p class=\"wp-block-paragraph\">1956, nace en la Ciudad de M\u00e9xico, <strong>Norma Banda<\/strong>, quien inici\u00f3 su activismo feminista en el Grupo\nAut\u00f3nomo de Mujeres Universitarias, semillero del pensamiento feminista en la\nUNAM. Fund\u00f3 Acci\u00f3n Popular de Integraci\u00f3n Social (APIS, 1981) grupo enfocado en\nel desarrollo de propuestas y herramientas para mujeres de sectores populares y\na la formaci\u00f3n de mujeres l\u00edderes.<\/p>\n\n\n\n<p class=\"wp-block-paragraph\">1975, en la sede de la Canciller\u00eda en Tlatelolco, inicia la <strong>Primera Conferencia Internacional sobre la\nMujer<\/strong> de Naciones Unidas, as\u00ed como el A\u00f1o Internacional de la Mujer.<\/p>\n\n\n\n<p class=\"wp-block-paragraph\">2015, la Asamblea General de la ONU proclam\u00f3 este como el <strong>D\u00eda Internacional para la Eliminaci\u00f3n de la\nViolencia Sexual en los Conflictos<\/strong>, propiciando la solidaridad con las\npersonas que han vivido violencia sexual en \u00e9stos. <\/p>\n\n\n\n<p class=\"has-large-font-size wp-block-paragraph\"><strong>20<\/strong><\/p>\n\n\n\n<p class=\"wp-block-paragraph\">1905,\nnace en Nueva Orleans, la escritora estadounidense <strong>Lilian Helman<\/strong>. Periodista y dramaturga. Aguda observadora de la\nrealidad de su pa\u00eds, critic\u00f3 duramente la injusticia social y la intolerancia.\nEn la \u00e9poca de persecuci\u00f3n contra los comunistas, liderada por el senador\nMcCarty, fue perseguida por el Comit\u00e9 de Actividades Antiamericanas. Uno de sus\nlibros de memoria, Pentimento fue llevado al cine. Falleci\u00f3 el 30 de junio de\n1984, en el condado de Dukes, a la edad de 79 a\u00f1os.<\/p>\n\n\n\n<p class=\"wp-block-paragraph\">1933, muere en Mosc\u00fa,&nbsp;la revolucionaria\nsocialista alemana <strong>Clara Zetkin<\/strong>. Con Rosa de Luxemburgo, fund\u00f3 el Partido\nComunista Alem\u00e1n en 1818 y fue su representante en el Parlamento hasta 1932. Es\nconsiderada una precursora de la participaci\u00f3n de las mujeres en la pol\u00edtica.\nDefendi\u00f3 las reivindicaciones de las obreras y al derecho al sufragio femenino.\nSe le atribuye la creaci\u00f3n del D\u00eda Internacional de la Mujer. Edit\u00f3 y dirigi\u00f3\nel peri\u00f3dico La igualdad, \u00f3rgano de las mujeres socialista alemanas. Naci\u00f3 en\nWeiderau, imperio alem\u00e1n, el 5 de julio de 1857.<\/p>\n\n\n\n<p class=\"wp-block-paragraph\">1946, naci\u00f3 en\nJiquipilas, Chiapas, <strong>Blanca Ruth Esponda\nEspinosa<\/strong>, primera senadora por esa entidad en la LIV legislatura,\npresidenta de la Mesa Directiva del Senado en 1989 y de la Comisi\u00f3n de\nRegulaciones Exteriores. Jurista integrante de la Organizaci\u00f3n Internacional\ndel Trabajo. <\/p>\n\n\n\n<p class=\"wp-block-paragraph\">1949, en Costa Rica, durante la nonag\u00e9sima segunda acta de\nsesiones de la Asamblea Nacional Constituyente, <strong>33 diputados votan a favor del sufragio femenino<\/strong>, y ocho \u201ccreyeron\ninconveniente la participaci\u00f3n pol\u00edtica de las mujeres\u201d.<\/p>\n\n\n\n<p class=\"wp-block-paragraph\">1991,\nse realiza en Tuxtla Guti\u00e9rrez, Chiapas, el <strong>Primer Foro Nacional por la Maternidad Voluntaria y la Despenalizaci\u00f3n\ndel Aborto<\/strong>, en apoyo a los cambios legislativos que hubo ese a\u00f1o en el\nestado. Participaron feministas de 15 entidades. Se emiti\u00f3 una Declaraci\u00f3n\nNacional a favor de la Despenalizaci\u00f3n del Aborto.<\/p>\n\n\n\n<p class=\"wp-block-paragraph\">2001,\n<strong>D\u00eda Mundial del Refugiado y Refugiada<\/strong>,\ndeclaraci\u00f3n de la Asamblea General de las Naciones Unidas, que propone\nconsiderar dar asilo y protecci\u00f3n a hombres y mujeres obligados a salir de sus\npa\u00edses, sobre todo por conflictos armados o desamparo social y econ\u00f3mico.<\/p>\n\n\n\n<p class=\"has-large-font-size wp-block-paragraph\"><strong>21<\/strong><\/p>\n\n\n\n<p class=\"wp-block-paragraph\">1917,\nnace en Pachuca, Hidalgo, <strong>Margarita\nMichelena<\/strong>, poeta, cr\u00edtica literaria y periodista. Fue editora pol\u00edtica de\nlos peri\u00f3dicos Novedades y Exc\u00e9lsior. Fundadora del peri\u00f3dico Cotidiano,\nproducido exclusivamente por mujeres. Falleci\u00f3 el 27 de marzo de 1999 en la\nCiudad de M\u00e9xico.<\/p>\n\n\n\n<p class=\"wp-block-paragraph\">1946,\nse cre\u00f3 la <strong>Comisi\u00f3n de la Condici\u00f3n\nJur\u00eddica y Social de la Mujer (CSW)<\/strong> principal \u00f3rgano intergubernamental\ninternacional, dedicado a la promoci\u00f3n de la igualdad de g\u00e9nero y el empoderamiento\nde las mujeres.<\/p>\n\n\n\n<p class=\"wp-block-paragraph\">1947, <strong>Shirin Ebadi<\/strong>, naci\u00f3 en Hamad\u00e1n, Ir\u00e1n, es Premio Nobel de la\nPaz (2003). Abogada que en 1975 se convirti\u00f3 en presidenta de un tribunal de\njusticia en su pa\u00eds y apartada del cargo en 1979 tras la revoluci\u00f3n isl\u00e1mica.\nHasta 1992 pudo establecer su propio despacho donde asumi\u00f3 la defensa de\npersonas perseguidas pol\u00edticas como el del estudiante Ezzatollah\nEbrahimneyad, asesinado en el asalto de las milicias basiy\u00edes en 1999, lo que\nprovoc\u00f3 que fuera acusada de responsabilizar al presidente Jatam\u00ed, quien la\nencarcela y condena a 5 a\u00f1os de prisi\u00f3n, pero solo estuvo tres semanas en\nprisi\u00f3n. El Premio Nobel se le otorg\u00f3 por sus esfuerzos por la democracia y los\nderechos humanos, la lucha por los derechos de las mujeres y las ni\u00f1as, el 10\nde octubre de 2003.<\/p>\n\n\n\n<p class=\"wp-block-paragraph\">1953,\n<strong>Benazir Bhutto<\/strong>, nace en Karachi,\nPakist\u00e1n, quien fue primera ministra de su pa\u00eds en 1988-1990, reelecta en 1993-\n1996, cuando tuvo que dejar el cargo acusada de corrupci\u00f3n. Regres\u00f3 en 18 de\noctubre 2007, critic\u00f3 las medidas del presidente Pervez Musharraf, por lo que\nllam\u00f3 a protestar. En respuesta es asesinada el 27 de noviembre de 2007.<\/p>\n\n\n\n<p class=\"wp-block-paragraph\">1983, las artistas M\u00f3nica\nMayer Lucido y Maris Bustamante, junto con la fot\u00f3grafa Herminia Dosal, crean\nel grupo <strong>Polvo de Gallina Negra<\/strong>,\ndedicado a analizar la imagen de las mujeres en el arte y en los medios de\ncomunicaci\u00f3n, y a demandar pol\u00edticas p\u00fablicas para abrir oportunidades a\npintoras, m\u00fasicas, bailarinas y actrices.<\/p>\n\n\n\n<p class=\"wp-block-paragraph\">1989, <strong>D\u00eda\nInternacional por la Educaci\u00f3n no Sexista<\/strong>, proclamado por la Red de\nEducaci\u00f3n Popular entre Mujeres (REPEM), cuyo objetivo es promover el derecho\nde las mujeres a una educaci\u00f3n democr\u00e1tica, libre de estereotipos.<\/p>\n\n\n\n<p class=\"has-large-font-size wp-block-paragraph\"><strong>22<\/strong><\/p>\n\n\n\n<p class=\"wp-block-paragraph\">1915,\nnaci\u00f3 <strong>Ana Mar\u00eda Zapata Portillo<\/strong>,\nprimera presidenta municipal de Xochitepec, Morelos, en la gesti\u00f3n 1967-1969.\nFue tambi\u00e9n la primera diputada federal por el estado de Morelos. Dirigente\nagrarista de la CNC y feminista. Hija del general Emiliano Zapata. Muri\u00f3 el 28\nde febrero de 1910 en la ciudad de Cuautla.<\/p>\n\n\n\n<p class=\"wp-block-paragraph\">1956,\nen M\u00e9rida, Yucat\u00e1n, muere <strong>Consuelo\nZavala<\/strong>. Destacada educadora que presidi\u00f3 el hist\u00f3rico I Congreso Feminista\nde Yucat\u00e1n efectuado en enero de 1916. Se gradu\u00f3 a los 23 a\u00f1os como profesora\nde educaci\u00f3n b\u00e1sica y superior. En 1902 fund\u00f3 un colegio para mujeres, donde\nimparte educaci\u00f3n laica y cient\u00edfica. Por este motivo, el gobierno de Francisco\nI. Madero la env\u00eda a Francia en 1912 para perfeccionar sus conocimientos. M\u00e1s\ntarde participa en la Quinta Reuni\u00f3n del Congreso General de Educaci\u00f3n\nPrimaria. En 1948 recibe la Medalla Ignacio Manuel Altamirano, por su\ntrayectoria en la educaci\u00f3n. Naci\u00f3 en M\u00e9rida en 1874.<\/p>\n\n\n\n<p class=\"wp-block-paragraph\">1981,\nentra en vigencia la <strong>ley de divorcio<\/strong>\nen Espa\u00f1a.<\/p>\n\n\n\n<p class=\"wp-block-paragraph\">2001,\nse publica en el Peri\u00f3dico Oficial la creaci\u00f3n del <strong>Instituto de la Mujer del Estado de Baja California<\/strong>, para promover y\nfomentar las condiciones que posibiliten la equidad de oportunidades de las\nmujeres en el estado.<\/p>\n\n\n\n<p class=\"has-large-font-size wp-block-paragraph\"><strong>23<\/strong><\/p>\n\n\n\n<p class=\"wp-block-paragraph\">1879,\nnace en San Petersburgo, Rusia, la pintora <strong>Angelina\nBeloff<\/strong>, integrante de la Liga de Escritores y Artistas Revolucionarios\nfundado en 1933. En 2012 en el Museo Mural Diego Rivera se present\u00f3 la\nexposici\u00f3n \u201ctrazos de una vida\u201d, se exhibieron noventa obras entre \u00f3leos,\nacuarelas, fotograf\u00eda, impresos, t\u00edteres, gouaches, dibujos y retratos. Fue\nesposa de Diego Rivera. Muri\u00f3 el 30 de diciembre de 1969 en la CDMX.<\/p>\n\n\n\n<p class=\"wp-block-paragraph\">1950,\nun jurado reunido en la Facultad de Filosof\u00eda y Letras de la UNAM aprueba por\nunanimidad la tesis de la escritora <strong>Rosario\nCastellanos<\/strong> \u201cSobre Cultura Femenina\u201d, para obtener el grado de Maestra en\nFilosof\u00eda.<\/p>\n\n\n\n<p class=\"wp-block-paragraph\">2005,\nse acuerda el Reglamento Interior del Instituto Nacional de las Mujeres.<\/p>\n\n\n\n<p class=\"wp-block-paragraph\">2012,\nla Asamblea General de la ONU, declar\u00f3 el <strong>D\u00eda\nInternacional de las Viudas<\/strong>. El abuso que sufren las viudas y sus hijas e\nhijos, constituye una de las m\u00e1s graves violaciones a los derechos humanos\n(extrema pobreza, aislamiento, violencia, falta de vivienda, enfermedades y\ndiscriminaci\u00f3n).<\/p>\n\n\n\n<p class=\"has-large-font-size wp-block-paragraph\"><strong>24<\/strong><\/p>\n\n\n\n<p class=\"wp-block-paragraph\">1906,\nen Chile se organiza la <strong>Asociaci\u00f3n de\nCostureras Protecci\u00f3n, Ahorro y Defensa<\/strong> con el prop\u00f3sito de defender los\nderechos laborales de las trabajadoras de esta rama de las industrias.<\/p>\n\n\n\n<p class=\"wp-block-paragraph\">1997, <strong>Paloma\nBonfil S\u00e1nchez<\/strong>, historiadora nacida en la Ciudad de M\u00e9xico, el 21 de enero\nde 1958, realiza el Seminario las Mujeres Ind\u00edgenas y Rurales. Dedica su vida\nprofesional a la investigaci\u00f3n y trabajo de campo con mujeres ind\u00edgenas. Fue\nresponsable de la Comisi\u00f3n Nacional para el Desarrollo de los Pueblos\nInd\u00edgenas. Coordin\u00f3 el proyecto Las ni\u00f1as ind\u00edgenas, por un presente y un\nfuturo sin pobreza ni discriminaci\u00f3n, GIMTRAP-UNICEF<\/p>\n\n\n\n<p class=\"has-large-font-size wp-block-paragraph\"><strong>25<\/strong><\/p>\n\n\n\n<p class=\"wp-block-paragraph\">1866,\nnace en Santiago de Chile, <strong>Elo\u00edsa D\u00edaz Insunza<\/strong>,\nprimera titulada de Chile como M\u00e9dica y Cirujana. Debido a los prejuicios\nsociales de la \u00e9poca, deb\u00eda asistir a clases acompa\u00f1ada de su madre. En 1911 al\ncrearse el Servicio M\u00e9dico Escolar es nombrada como directora. Muri\u00f3 en su\nciudad natal el 1 de noviembre de 1950.<\/p>\n\n\n\n<p class=\"wp-block-paragraph\">1953,\nnace en la Ciudad de M\u00e9xico, <strong>Mar\u00eda\nColumba Quintero Mart\u00ednez<\/strong>. Fue integrante de la Marcha Mundial de las\nMujeres y de la Uni\u00f3n Nacional de Trabajadoras (UNT), de la Red Nacional de G\u00e9nero\ny Econom\u00eda (REDGE) y del Frente Feminista Nacional. Form\u00f3 parte del Sindicato\nde Trabajadores de la UNAM, del cual fue Secretaria de Acci\u00f3n Social para la\nMujer. En 2014 particip\u00f3 en el Foro Balance del Cumplimiento de la Plataforma\nde Acci\u00f3n de Beijing, en la Ciudad de M\u00e9xico.<\/p>\n\n\n\n<p class=\"wp-block-paragraph\">1944,\nmientras participaban en una protesta contra el r\u00e9gimen dictatorial de Jorge\nUbico, es asesinada la maestra guatemalteca <strong>Mar\u00eda Chinchilla<\/strong>, en cuya memoria se crea el D\u00eda del Maestro que se\ncelebra cada a\u00f1o el 25 de junio. Mar\u00eda Chinchilla naci\u00f3 en Asunci\u00f3n, Guatemala,\nel 2 de septiembre de 1909. <\/p>\n\n\n\n<p class=\"wp-block-paragraph\">1997,\nen M\u00e9xico queda establecido el reconocimiento legal de los derechos pol\u00edtico\nelectorales de las mujeres que obliga a los partidos pol\u00edticos a inscribir por lo\nmenos <strong>30 por ciento<\/strong> de las\ncandidaturas femeninas en las listas de puestos de elecci\u00f3n popular en calidad\nde propietarias, adem\u00e1s de asegurar que en las listas plurinominales una mujer\npor cada tres hombres.<\/p>\n\n\n\n<p class=\"wp-block-paragraph\">2003,\nla abogada y misionera seglar italiana, <strong>Annalena\nTonelli<\/strong> recibe la Condecoraci\u00f3n Nansen para Refugiados, en reconocimiento a\nlos 30 a\u00f1os de trabajo en Somalia para combatir la tuberculosis, la mutilaci\u00f3n\ngenital femenina y el Sida. Ese mismo a\u00f1o, el 5 de octubre fue asesinada por\nintegrantes de una secta fundamentalista, mientras trabajaba en un hospital del\nnorte de Somalia. Naci\u00f3 en Forl\u00ec, Italia, el 2 de abril de 1943.<\/p>\n\n\n\n<p class=\"has-large-font-size wp-block-paragraph\"><strong>26<\/strong><\/p>\n\n\n\n<p class=\"wp-block-paragraph\">1819,\nnace Buenos Aires, Argentina, <strong>Juana\nManso<\/strong> escritora, educadora y periodista. Considerada como una de las\nprecursoras m\u00e1s destacadas de la educaci\u00f3n femenina y defensora de la\nemancipaci\u00f3n de la mujer en Argentina. Pionera del periodismo feminista. En\n1852, funda en Brasil, O Jornal das Se\u00f1oras, publicaci\u00f3n destinada al\n\u201cmejoramiento social y la emancipaci\u00f3n de la mujer\u201d. Muri\u00f3 un 24 de abril de 1875, en la\ntierra donde naci\u00f3.<\/p>\n\n\n\n<p class=\"wp-block-paragraph\">1880,\nnace en Tuscumbia, Alabama, EE.UU., la escritora estadounidense <strong>Helen Adams Keller<\/strong>. Su vida fue un\nejemplo de valent\u00eda y tenacidad. Ciega y Sordomuda desde los 19 meses, fue\neducada por la pedagoga Anne Sullivan Macy, quien le ense\u00f1\u00f3 el lenguaje de los\nsordomudos. A trav\u00e9s del sistema Braille, Keller aprendi\u00f3 varios idiomas. En\n1907 se gradu\u00f3 en la Universidad con el t\u00edtulo de Magna cum Laude. En 1902,\npublic\u00f3 La Historia de mi Vida. Muri\u00f3 en Easton, Connecticut, el 1 de julio de\n1968.<\/p>\n\n\n\n<p class=\"wp-block-paragraph\">1892,\nnace en Hillsboro, Virginia Occidental, la novelista estadounidense <strong>Pearl Buck<\/strong>, ganadora del Premio Nobel\nde Literatura 1938. Su novela La Buena Tierra obtuvo en 1931 el Premio\nPulitzer. Su obra est\u00e1 influenciada por la historia china, producto de su larga\nestad\u00eda en ese pa\u00eds. Otras novelas, como La Semilla del Drag\u00f1ib (1942) y La\nPromesa (1943) apoyan la lucha de ese pa\u00eds contra el imperialismo japon\u00e9s.\nMuri\u00f3 en Danby, Vermont, el 6 de marzo de 1973.<\/p>\n\n\n\n<p class=\"wp-block-paragraph\">1912,\n<strong>Dolores Rubio \u00c1vila<\/strong> fue la primera\nen ocupar un cargo acad\u00e9mico en la Escuela Nacional de Ingenier\u00eda como\npreparadora del Gabinete de Mineralog\u00eda, Geolog\u00eda y Paleontolog\u00eda, hace m\u00e1s de\ncien a\u00f1os.<\/p>\n\n\n\n<p class=\"wp-block-paragraph\">1925,\nla escritora espa\u00f1ola <strong>Ana Mar\u00eda Matute<\/strong>\nnace en Barcelona. Es la tercera mujer en ingresar a la Real Academia de la\nLengua Espa\u00f1ola, ocup\u00f3 el sill\u00f3n que qued\u00f3 vacante tras el fallecimiento de la\nescritora Carmen Conde. Al conocer la noticia de su nombramiento dijo: \u201cla\nmujer tiene ahora mucho que decir en todos los aspectos de la vida y me parece\nque la presencia de la mujer en la Academia, ten\u00eda que haber sido mucho antes y\nen un mayor n\u00famero\u201d. En 2010 obtuvo el Premio Cervantes. Muri\u00f3 el 25 de junio\nde 2014.<\/p>\n\n\n\n<p class=\"wp-block-paragraph\">1987,\n<strong>D\u00eda Internacional de Apoyo a las\nV\u00edctimas de la Tortura<\/strong>, declarado por la ONU, con el objetivo de erradicar\nla tortura y la aplicaci\u00f3n efectiva de la Convenci\u00f3n contra la Tortura y otros Tratos\no Penas Crueles, Inhumanos o Degradantes.<\/p>\n\n\n\n<p class=\"wp-block-paragraph\">2008, Mar\u00eda del Carmen\nEl\u00fa Cayado, antrop\u00f3loga social, recibe el Premio Internacional por la Salud y\nla Dignidad de la Mujer del Fondo de Poblaci\u00f3n de las Naciones Unidas (UNFPA)\npor su trabajo para prevenir la muerte materna. En 1993 fue co-organizadora de\nla Primera Conferencia Nacional sobre Maternidad sin Riesgos en M\u00e9xico, de la\nque surgi\u00f3 el Comit\u00e9 Promotor por una Maternidad sin Riesgos, del cual fue\nSecretaria T\u00e9cnica durante 15 a\u00f1os. Fundadora de la Red por la Salud de las\nMujeres en Latinoam\u00e9rica y la Red por las Mujeres en el entonces Distrito\nFederal.<\/p>\n\n\n\n<p class=\"wp-block-paragraph\">2017,\nse promulg\u00f3 la <strong>Ley General para\nPrevenir, Investigar y Sancionar la Tortura y otros tratos o Penas Crueles<\/strong>,\nInhumanos o Degradantes que incorpora el agravante de violencia sexual.<\/p>\n\n\n\n<p class=\"has-large-font-size wp-block-paragraph\"><strong>27<\/strong><\/p>\n\n\n\n<p class=\"wp-block-paragraph\">1900,\nnace en Le\u00f3n, Guanajuato, <strong>Carmen\nCarrillo Ant\u00fanez<\/strong>, escultora del movimiento indigenista. Su obra m\u00e1s\nrepresentativa es la fuente de las Siete Regiones elaborada en bronce y\ncolocada en la zona norte de la Ciudad de Oaxaca (1956). Muri\u00f3 en la Ciudad de M\u00e9xico el 6 de enero de 1982.<\/p>\n\n\n\n<p class=\"wp-block-paragraph\">1919, naci\u00f3 <strong>Mar\u00eda del Socorro Blanc Ruiz<\/strong>, primera\npresidenta municipal en San Luis Potos\u00ed (1955). Profesora y abogada que se\ndestac\u00f3 por la defensa de los derechos electorales de las mujeres. Fundadora de\nla Sociedad de Geograf\u00eda y Estad\u00edstica y del Club Internacional de Mujeres de\nNegocios y Profesionistas, A.C.<\/p>\n\n\n\n<p class=\"wp-block-paragraph\">1946,\nnace en Par\u00eds, Francia, <strong>Anne-Marie\nMergier<\/strong>, periodista. Corresponsal de guerra en todas las guerras civiles de\nCentroam\u00e9rica. Se inici\u00f3 como cronista de la vida cotidiana cubriendo la\ndictadura chilena. Fundadora de la Revista Proceso en 1976, donde se hizo cargo\nde la secci\u00f3n internacional hasta 1990, cuando volvi\u00f3 a su pa\u00eds, donde es\ncorresponsal de la misma publicaci\u00f3n.<\/p>\n\n\n\n<p class=\"has-large-font-size wp-block-paragraph\"><strong>28<\/strong><\/p>\n\n\n\n<p class=\"wp-block-paragraph\">1973,\nse recibi\u00f3 como m\u00e9dica cirujana en la UNAM, <strong>Mar\u00eda Eugenia Ponce de Le\u00f3n Casta\u00f1eda<\/strong>. Obtuvo el grado de maestr\u00eda\nen Ense\u00f1anza Superior en la Universidad La Salle, con menci\u00f3n honor\u00edfica. Su\ntrayectoria es reconocida por su aportaci\u00f3n a favor de la ense\u00f1anza de la\nmedicina familiar y la investigaci\u00f3n en el campo de la atenci\u00f3n primaria.\nIntegrante de la Academia Nacional de Medicina en el \u00e1rea de Ense\u00f1anza de la\nMedicina.<\/p>\n\n\n\n<p class=\"wp-block-paragraph\">2011, La economista francesa <strong>Christine Lagarde<\/strong> es elegida directora\ndel&nbsp;Fondo Monetario Internacional&nbsp;(FMI), cargo en el que permaneci\u00f3\nhasta julio de 2019. Naci\u00f3 en Par\u00eds el 1 de enero de 1956. Abogada, economista\ny pol\u00edtica francesa. Desde noviembre de 2019 ocupa el cargo de Presidenta del\nBanco Central Europeo. <\/p>\n\n\n\n<p class=\"has-large-font-size wp-block-paragraph\"><strong>29<\/strong><\/p>\n\n\n\n<p class=\"wp-block-paragraph\">1897,\nen Silao, Guanajuato, nace <strong>Catalina\nDulch\u00e9 Escalante<\/strong>, m\u00e1s conocida con el seud\u00f3nimo de Catalina D\u00b4Ezell.\nDramaturga, novelista, poeta, guionista, periodista, poeta, actriz de cine\nmudo, es considerada una de las principales dramaturgas de principios del siglo\nXX. Muri\u00f3 el 3 de enero de 1950 en la Ciudad de M\u00e9xico.<\/p>\n\n\n\n<p class=\"wp-block-paragraph\">1929,&nbsp;<strong>Oriana Fallaci<\/strong>, escritora y\nperiodista, nace en Florencia, Italia. Considerada la reportera m\u00e1s importante\ndel mundo. Sus bi\u00f3grafos se\u00f1alan que revolucion\u00f3 el modo de hacer periodismo,\nense\u00f1ando que siempre hay que colocarse frente al poder no al lado del poder.\nC\u00e9lebre por sus entrevistas a Gandhi, Arafat, Miller, Kissinger, Fellini,\nScorsese, Gable, Galtieri, la duquesa de Alba, Gadafi, Sinatra y otros m\u00e1s.\nCubri\u00f3 las guerras de Vietnam, India, Pakist\u00e1n, oriente Medio y Latinoam\u00e9rica.\nEn M\u00e9xico estuvo presente en aquel 2 de octubre de 1968 en la plaza de\nTlatelolco, donde una bala del Ej\u00e9rcito la alcanz\u00f3. Muri\u00f3 en Florencia el 15 de\nseptiembre de 2006.<\/p>\n\n\n\n<p class=\"wp-block-paragraph\">1980,\n<strong>Vigdis Finnbogad\u00f3ttir<\/strong> es electa\nPresidenta de Islandia. La primera en alcanzar la presidencia de su pa\u00eds, cargo\nque ejerci\u00f3 durante varios periodos consecutivos hasta 1996. Ha sido Presidenta\nde la Comisi\u00f3n Mundial de la Organizaci\u00f3n de las Naciones Unidas para la\nEducaci\u00f3n, la Ciencia y la Cultura (UNESCO). Es una conocida defensora de los\nderechos de las mujeres. Despu\u00e9s de dejar la presidencia es nombrada miembra\nhonoraria vitalicia del Women\u00b4s Rights Association. Naci\u00f3 en Reikiavik,\nIslandia, el 15 de abril de 1930.<\/p>\n\n\n\n<p class=\"wp-block-paragraph\">1982, fallece la doctora <strong>Gabriela\nSalicrup L\u00f3pez<\/strong>, matem\u00e1tica y arquitecta mexicana, investigadora pionera en\nla rama de la Topolog\u00eda Categ\u00f3rica en la d\u00e9cada de los setenta y ochenta. El\nsal\u00f3n principal del instituto de Matem\u00e1ticas de la UNAM, lleva su nombre. Naci\u00f3\nen la Ciudad de M\u00e9xico el 2 de abril de 1935. <\/p>\n\n\n\n<p class=\"has-large-font-size wp-block-paragraph\"><strong>30<\/strong><\/p>\n\n\n\n<p class=\"wp-block-paragraph\">1907, nace en la Ciudad de M\u00e9xico, <strong>Adela Formoso de Obreg\u00f3n Santacilia<\/strong>,\nescritora, periodista y empresaria cultural. En 1943 creo la Universidad\nFemenina de M\u00e9xico, con una escuela de periodismo. En 1953 fund\u00f3 Nuestra\nPalabra, semanario de informaci\u00f3n general realizado \u00edntegramente por mujeres.\nAntes particip\u00f3 en la formaci\u00f3n de una Orquesta integrada por mujeres. En 1933\nform\u00f3 la Sociedad de Amigos del Teatro Mexicano y fue parte del grupo de\nintelectuales que fund\u00f3 el Ateneo Mexicano de Mujeres. Entre los m\u00faltiples\npremios que recibi\u00f3 se encuentra el Orange-Nassau que le otorg\u00f3 la Reina\nJuliana de Holanda. Muri\u00f3 el 7 de junio de 1981.<\/p>\n\n\n\n<p class=\"wp-block-paragraph\">1912,\nnace en Jalapa, Veracruz, <strong>Mar\u00eda Luisa\nDehesa G\u00f3mez Far\u00edas<\/strong>, la primera arquitecta titulada con menci\u00f3n honor\u00edfica\n(1937) por la entonces Universidad Nacional de M\u00e9xico. Con su tesis: \u201cCuartel de artiller\u00eda tipo\u201d,\nconcluy\u00f3 la primera parte de un ambiente dif\u00edcil y lleno de obst\u00e1culos, que\nsigui\u00f3 enfrentando como profesional en \u201cun mundo de hombres\u201d, lo que no le\nimpidi\u00f3 construir edificios de departamentos o residenciales, as\u00ed como tambi\u00e9n\ncomo funcionaria. Alguna vez lleg\u00f3 a decir que entend\u00eda m\u00e1s a los edificios que\na los seres humanos. Fue Directora de la Uni\u00f3n Internacional Femenina de\nArquitectos y fundadora de la Federaci\u00f3n de Universitarias Mexicanas. Fue condecorada con el\nPremio Ruth Rivera. Falleci\u00f3\nel 11 de marzo de 2009.<\/p>\n\n\n\n<p class=\"wp-block-paragraph\">1924, nace en la ciudad de M\u00e9xico <strong>Rosa Margot Ochoa Le\u00f3n<\/strong>, poeta,\nnarradora, dramaturga y periodista. Colaboradora de&nbsp;<em>La Afici\u00f3n<\/em>&nbsp;y&nbsp;<em>Ovaciones<\/em>. Premio del\nConsejo Editorial&nbsp;fem&nbsp;1978\npor&nbsp;<em>Corrientes secretas<\/em>.\nPremio Internacional Harvey L. Johnson otorgado por el Southwestern Council of\nLatin American Studies, 1988, por&nbsp;<em>Clamor\npopular II<\/em>.&nbsp; Entre sus obras\ndestacan En la Encrucijada (1963) y Secreto a voces (1965).<\/p>\n\n\n\n<p class=\"wp-block-paragraph\">1943,\nnace <strong>Carmen Mar\u00eda Pijoan Aguad\u00e9<\/strong>,\nAntrop\u00f3loga F\u00edsica. Destac\u00f3 por sus contribuciones al estudio de la osteolog\u00eda,\nla tafonom\u00eda y las poblaciones del M\u00e9xico Antiguo. \u00danica Investigadora Em\u00e9rita\nen Antropolog\u00eda F\u00edsica del INAH. Muri\u00f3 en la Ciudad de M\u00e9xico el 16 de marzo de\n2015.<\/p>\n\n\n\n<p class=\"wp-block-paragraph\">1955,\nnaci\u00f3 <strong>Patricia Kelly<\/strong>. De 1974 a 1992\nfue conductora, guionista, realizadora, productora y musicalizadora de Radio\nEducaci\u00f3n. Precursora del abordaje en radio de la sexualidad humana con el\nprograma Prohibido Tocar, producido por Marta Romo en 1986.&nbsp; Su columna del mismo nombre ha estado en\nimpresos y en televi\u00f3n. Productora del programa Ser Mujer, de TV UNAM (1990).\nAutora de Salud Sexual para Todos (1999, Grijalbo). En 2011 inici\u00f3 en la\nrevista femenina Plenilunia sobre temas del envejecimiento. En 2014 public\u00f3 Mujeres\nGrandes, 26 entrevistas a mayores de 70 a\u00f1os que contin\u00faan trabajando.<\/p>\n\n\n\n<p class=\"wp-block-paragraph\">2001,\nse cre\u00f3 el <strong>Instituto de la Mujer\nGuanajuatense<\/strong>, con autonom\u00eda y patrimonio propio.<\/p>\n\n\n\n<p class=\"wp-block-paragraph\">2002,\nfalleci\u00f3 <strong>Ana Cecilia Trevi\u00f1o, Bambi.<\/strong>\nDesarroll\u00f3 su carrera en Exc\u00e9lsior a partir de 1950. Trabaj\u00f3 en la Secci\u00f3n de\nSociales que ella convirti\u00f3 en Secci\u00f3n B. Ah\u00ed dio prioridad a la informaci\u00f3n\ncultural con entrevistas a escritores, artistas e intelectuales, adem\u00e1s de\ncr\u00f3nicas de sucesos de importancia art\u00edstica y literaria. Bambi se gradu\u00f3 como\nperiodista en 1949 por la Universidad Femenina. En 1951 recibi\u00f3 el Premio de Periodismo de\nPar\u00eds por su libro&nbsp;<em>Par\u00eds a los 2000 a\u00f1os.<\/em>&nbsp;En 1980 gan\u00f3 el\nPremio Nacional de Periodismo en M\u00e9xico en el g\u00e9nero de entrevista.&nbsp;Naci\u00f3\nen 1931.<\/p>\n\n\n\n<p class=\"has-medium-font-size wp-block-paragraph\"><strong>FUENTES<\/strong><\/p>\n\n\n\n<p class=\"has-small-font-size wp-block-paragraph\">Agenda 2014, Homenaje a mujeres periodistas. INMUJERES<\/p>\n\n\n\n<p class=\"has-small-font-size wp-block-paragraph\">Agenda 2015, Pioneras. INMUJERES<\/p>\n\n\n\n<p class=\"has-small-font-size wp-block-paragraph\">Agenda 2016, Mujeres en las Artes y la Cultura en M\u00e9xico. INMUJERES<\/p>\n\n\n\n<p class=\"has-small-font-size wp-block-paragraph\">Agenda 2017, Las mujeres en la Ciencia. INMUJERES<\/p>\n\n\n\n<p class=\"has-small-font-size wp-block-paragraph\">Efem\u00e9rides\nde las Mujeres, Ana Mar\u00eda Portugal. UNIFEM Regi\u00f3n Andina-Isis Internacional.\n2010<\/p>\n\n\n\n<p class=\"has-small-font-size wp-block-paragraph\">Mujeres\nde Oaxaca. Soledad Jarqu\u00edn Edgar. Conaculta-Consejo Ciudadano de Formaci\u00f3n y\nCultura Autogestiva de Oaxaca. 2014<\/p>\n\n\n\n<p class=\"has-small-font-size wp-block-paragraph\">Equipo\nde Investigaci\u00f3n de SemM\u00e9xico encabezado por Sara Lovera.<\/p>\n\n\n\n<p class=\"has-small-font-size wp-block-paragraph\"><a href=\"https:\/\/es.wikipedia.org\/\">https:\/\/es.wikipedia.org\/<\/a><\/p>\n\n\n\n<p class=\"has-small-font-size wp-block-paragraph\"><a href=\"https:\/\/www.ecured.cu\/\">https:\/\/www.ecured.cu\/<\/a><\/p>\n","protected":false},"excerpt":{"rendered":"<p>Lo que tenemos que recordar de Junio<\/p>\n","protected":false},"author":3,"featured_media":51449,"comment_status":"open","ping_status":"open","sticky":false,"template":"","format":"standard","meta":{"_monsterinsights_skip_tracking":false,"footnotes":""},"categories":[693,65],"tags":[],"class_list":["post-21327","post","type-post","status-publish","format-standard","has-post-thumbnail","category-693","category-efemerides"],"_links":{"self":[{"href":"https:\/\/redsemlac.com\/semmexico\/wp-json\/wp\/v2\/posts\/21327","targetHints":{"allow":["GET"]}}],"collection":[{"href":"https:\/\/redsemlac.com\/semmexico\/wp-json\/wp\/v2\/posts"}],"about":[{"href":"https:\/\/redsemlac.com\/semmexico\/wp-json\/wp\/v2\/types\/post"}],"author":[{"embeddable":true,"href":"https:\/\/redsemlac.com\/semmexico\/wp-json\/wp\/v2\/users\/3"}],"replies":[{"embeddable":true,"href":"https:\/\/redsemlac.com\/semmexico\/wp-json\/wp\/v2\/comments?post=21327"}],"version-history":[{"count":0,"href":"https:\/\/redsemlac.com\/semmexico\/wp-json\/wp\/v2\/posts\/21327\/revisions"}],"wp:featuredmedia":[{"embeddable":true,"href":"https:\/\/redsemlac.com\/semmexico\/wp-json\/wp\/v2\/media\/51449"}],"wp:attachment":[{"href":"https:\/\/redsemlac.com\/semmexico\/wp-json\/wp\/v2\/media?parent=21327"}],"wp:term":[{"taxonomy":"category","embeddable":true,"href":"https:\/\/redsemlac.com\/semmexico\/wp-json\/wp\/v2\/categories?post=21327"},{"taxonomy":"post_tag","embeddable":true,"href":"https:\/\/redsemlac.com\/semmexico\/wp-json\/wp\/v2\/tags?post=21327"}],"curies":[{"name":"wp","href":"https:\/\/api.w.org\/{rel}","templated":true}]}}