{"id":2129,"date":"2018-10-15T17:12:39","date_gmt":"2018-10-15T17:12:39","guid":{"rendered":"https:\/\/redsemlac.com\/semmexico\/?p=2129"},"modified":"2023-07-21T14:33:47","modified_gmt":"2023-07-21T19:33:47","slug":"son-alrededor-de-65-millones-y-configuran-una-amplia-diversidad-por-sus-origenes-etnicos","status":"publish","type":"post","link":"https:\/\/redsemlac.com\/semmexico\/son-alrededor-de-65-millones-y-configuran-una-amplia-diversidad-por-sus-origenes-etnicos\/","title":{"rendered":"Son alrededor de 65 millones y configuran una amplia diversidad por sus or\u00edgenes \u00e9tnicos"},"content":{"rendered":"\n<p class=\"wp-block-paragraph\">Mariela Jara<\/p>\n\n\n\n<p class=\"wp-block-paragraph\">SemM\u00e9xico\/IPS, Lima, Per\u00fa, 15 octubre 2018.- Las mujeres rurales de Am\u00e9rica Latina son determinantes en metas como un desarrollo sostenible en el campo, la seguridad alimentaria y la reducci\u00f3n del hambre en la regi\u00f3n. Pero se mantienen entre invisibles y vulnerables y requieren reconocimiento y pol\u00edticas p\u00fablicas para salir de la situaci\u00f3n de abandono.<\/p>\n\n\n\n<p class=\"wp-block-paragraph\">Suman alrededor de 65 millones y configuran una amplia diversidad por sus or\u00edgenes \u00e9tnicos, los territorios que ocupan, y por las actividades y roles que desempe\u00f1an, los que sin embargo carecen de valoraci\u00f3n por parte de los Estados, en una deuda que &nbsp;resalta cuando se celebra el&nbsp;<a href=\"http:\/\/www.unwomen.org\/es\/news\/in-focus\/rural-women-day\" target=\"_blank\" rel=\"noreferrer noopener\">D\u00eda Internacional de las Mujeres Rurales<\/a>, el 15 de octubre.<\/p>\n\n\n\n<p class=\"wp-block-paragraph\">\u201cEl Estado, sea gobernante local o nacional, nos tiene abandonadas, en su cabeza est\u00e1 sembrar fierro y cemento, no entienden que vivimos de la agricultura y que somos las mujeres las m\u00e1s afectadas porque nos encargamos de la alimentaci\u00f3n y de la salud de nuestras familias\u201d, manifest\u00f3 a IPS la aymara Yolanda Flores.<\/p>\n\n\n\n<p class=\"wp-block-paragraph\">Perteneciente a Iniciati, una aldea de unas 400 familias ind\u00edgenas y campesinas en el sure\u00f1o y andino departamento peruano de Puno, situada a m\u00e1s de 3.800 metros sobre el nivel del mar, Flores se dedica desde siempre a \u201chacer la chacra\u201d.<\/p>\n\n\n\n<p class=\"wp-block-paragraph\">Eso significa cultivar en su parcela, heredada de sus padres, papa, habas y granos como quinua y cebada que lava, muele con bat\u00e1n (utensilio de piedra de uso ancestral) y coloca como alimento cotidiano en su hogar. El remanente lo comercializa en forma comunitaria.<\/p>\n\n\n\n<p class=\"wp-block-paragraph\">\u201cCuando hacemos la chacra hablamos con nuestros productos, a cada papa abrazamos, le decimos qu\u00e9 ha pasado, por qu\u00e9 te has flojeado, por qu\u00e9 este gusano te ha entrado. Y cuando est\u00e1 grande le felicitamos, uno por uno, as\u00ed nuestro alimento tiene mucha energ\u00eda cuando comemos. Pero no entienden esa forma de vida de nosotros y se olvidan de la peque\u00f1a agricultura\u201d, dijo.<\/p>\n\n\n\n<p class=\"wp-block-paragraph\">As\u00ed como Flores, los millones de mujeres rurales de Am\u00e9rica Latina enfrentan la falta de reconocimiento a su trabajo productivo, as\u00ed como el que realizan para mantener el hogar, atender a la familia, criar a los hijos o cuidar a las personas enfermas y ancianas.<\/p>\n\n\n\n<p class=\"wp-block-paragraph\">Por esta situaci\u00f3n, la&nbsp;Organizaci\u00f3n de las Naciones Unidas para la Alimentaci\u00f3n y la Agricultura&nbsp;(FAO) urge incentivar en la regi\u00f3n compromisos de los Estados para revertir las hist\u00f3ricas desventajas que enfrentan e impiden su acceso a los recursos productivos, el disfrute de sus beneficios y el logro de su autonom\u00eda econ\u00f3mica.<\/p>\n\n\n\n<p class=\"wp-block-paragraph\">\u201cDependiendo del pa\u00eds, entre dos tercios y 85 por ciento de las horas que trabajan las mujeres rurales, es trabajo no remunerado\u201d, asegur\u00f3 a IPS el representante regional de la FAO para Am\u00e9rica Latina y el Caribe, Julio Berdegu\u00e9.<\/p>\n\n\n\n<p class=\"wp-block-paragraph\">El tambi\u00e9n subdirector general del organismo deplor\u00f3 que no reciban pago por el duro trabajo que desempe\u00f1an en la agricultura y que se incrementa cuando son jefas de familias, de sus unidades productivas o durante la temporada de cultivo.<\/p>\n\n\n\n<p class=\"wp-block-paragraph\">Pol\u00edticas p\u00fablicas contra discriminaci\u00f3n.<br><br>Mar\u00eda Elena Rojas, a cargo de la representaci\u00f3n de FAO en Per\u00fa, indic\u00f3 a IPS que si las mujeres rurales en los pa\u00edses latinoamericanos accedieran a la tenencia de la tierra, servicios financieros y asistencia t\u00e9cnica al igual que los hombres, incrementar\u00edan el rendimiento de sus parcelas entre 20 y 30 por ciento, y la producci\u00f3n agr\u00edcola mejorar\u00eda entre 2,5 y cuatro por ciento.<br><br>Ese incremento contribuir\u00eda a disminuir el hambre entre 12 y 15 por ciento.<br>\u201cEso demuestra el rol y aporte de la mujer rural y la necesidad de tener pol\u00edticas p\u00fablicas asertivas para lograrlo y que tengan oportunidades para ejercer sus derechos. Ninguna debe quedarse sin estudiar, sin alimentaci\u00f3n sana y salud de calidad. Son derechos y no algo imposible\u201d, expres\u00f3.<\/p>\n\n\n\n<p class=\"wp-block-paragraph\">\u201cEllas cumplen roles claves, producen y trabajan mucho m\u00e1s que los hombres. En las huertas, en las cosechas, en las siembras, hacen los cultivos, ven los animales, despu\u00e9s cargan desproporcionadamente con el trabajo de la casa, de los ni\u00f1os, etc\u00e9tera, pero no ven un peso\u201d, remarc\u00f3 desde Santiago de Chile, sede regional de la FAO.<\/p>\n\n\n\n<p class=\"wp-block-paragraph\">\u201cDecimos: queremos que las mujeres se queden en el campo.&nbsp; \u00a1Por Dios!, \u00bfpor qu\u00e9 se quedar\u00edan?, trabajan para el padre, despu\u00e9s trabajan para el marido o el compa\u00f1ero.&nbsp; \u00a1No se vale, no se vale!\u201d, exclam\u00f3 Berdegu\u00e9, para luego incidir en la necesidad de desterrar la justificaci\u00f3n del trabajo no remunerado de las mujeres rurales, pues impide el logro de su autonom\u00eda econ\u00f3mica.<\/p>\n\n\n\n<p class=\"wp-block-paragraph\">Explic\u00f3 que no tener ingresos propios, o que los generados con el fruto de su trabajo sean luego manejados por los varones, las coloca con menos poder en sus familias, en la comunidad, en el mercado y en la sociedad.<\/p>\n\n\n\n<p class=\"wp-block-paragraph\">\u201cImag\u00ednense que fuera al rev\u00e9s, que a nosotros, a los hombres, nos dijeran: ustedes trabajan, pero no van a recibir ni un peso. Ya hubi\u00e9ramos hecho la revoluci\u00f3n.&nbsp; Pero nos hemos acostumbrado que para la mujer rural eso est\u00e1 bien porque es el hogar, es la familia\u201d, plante\u00f3 Berdegu\u00e9.<\/p>\n\n\n\n<p class=\"wp-block-paragraph\">El representante regional hizo un llamado a los pa\u00edses a tomar conciencia de esa realidad y a afinar pol\u00edticas para corregir esa situaci\u00f3n de discriminaci\u00f3n.<\/p>\n\n\n\n<p class=\"wp-block-paragraph\">Una carga global de trabajo mayor que la de los hombres, la inseguridad econ\u00f3mica, el reducido acceso a recursos como tierra, agua, semillas, cr\u00e9ditos, capacitaci\u00f3n y asistencia t\u00e9cnica son algunos de los problemas comunes que enfrentan las mujeres rurales de Am\u00e9rica Latina ya sean agricultoras, recolectoras o asalariadas seg\u00fan&nbsp;el Atlas de las Mujeres Rurales ALC, publicado en 2017 por la FAO.<\/p>\n\n\n\n<p class=\"wp-block-paragraph\">Aun en esas circunstancias, ellas son protagonistas de cambio como ocurre con el impulso de la organizaci\u00f3n sindical de mujeres rurales en los sectores de agroexportaci\u00f3n.<\/p>\n\n\n\n<p class=\"wp-block-paragraph\">Con la mayor venta de productos no tradicionales a los mercados internacionales como flores, frutas y hortalizas, las mujeres han engrosado este sector,&nbsp;<a href=\"http:\/\/www.fao.org\/3\/a-i7916s.pdf\" target=\"_blank\" rel=\"noreferrer noopener\">indica otro estudio<\/a>&nbsp;regional, aunque muchas veces en condiciones de precariedad y con normas que no aseguran el trabajo decente.<\/p>\n\n\n\n<p class=\"wp-block-paragraph\"><strong>Sindicalizaci\u00f3n contra explotaci\u00f3n<\/strong><\/p>\n\n\n\n<p class=\"wp-block-paragraph\">Existen , sin embargo, experiencias de sindicalizaci\u00f3n para que las mujeres no sean explotadas, como la que protagoniza la afrodescendiente colombiana Adela Torres.<\/p>\n\n\n\n<p class=\"wp-block-paragraph\">Desde la infancia y siguiendo la tradici\u00f3n familiar, ella trabaj\u00f3 en una finca bananera en el municipio de Apartad\u00f3, en Urab\u00e1, una regi\u00f3n productora de banano para la exportaci\u00f3n ubicada en el caribe\u00f1o departamento de Antioquia.<\/p>\n\n\n\n<p class=\"wp-block-paragraph\">Ahora, con 54 a\u00f1os, dos hijas y dos nietas, Torres es la secretaria general del&nbsp;<a href=\"http:\/\/sintrainagro.org\/\" target=\"_blank\" rel=\"noreferrer noopener\">Sindicato Nacional de Trabajadores de la Industria Agropecuaria<\/a>&nbsp;(Sintraingro) que agrupa 268 fincas, desde donde promueve la inserci\u00f3n de mujeres rurales, en un sector de rostro masculino.<\/p>\n\n\n\n<p class=\"wp-block-paragraph\">&nbsp;\u201cCuando las mujeres ganan su propio dinero y lo administran, pueden mejorar su calidad de vida\u201d, dijo a IPS en di\u00e1logo telef\u00f3nico desde Apartad\u00f3.<\/p>\n\n\n\n<p class=\"wp-block-paragraph\">Considera que la participaci\u00f3n de las mujeres en la producci\u00f3n del banano debe ser equitativa y que su desempe\u00f1o merece el mismo reconocimiento.<\/p>\n\n\n\n<p class=\"wp-block-paragraph\">\u201cHemos conseguido que cada finca contrate a por lo menos dos mujeres m\u00e1s y entre los logros ya obtenidos est\u00e1n su contrato laboral, igualdad salarial, seguridad social e incentivos para educaci\u00f3n y vivienda\u201d, explic\u00f3.<\/p>\n\n\n\n<p class=\"wp-block-paragraph\">A su juicio, las mujeres rurales pasan muchas dificultades, muchas no terminan la escolaridad b\u00e1sica, son madres demasiado temprano y jefas de hogar, no tienen formaci\u00f3n t\u00e9cnica y no cuentan con apoyo del Estado.<\/p>\n\n\n\n<p class=\"wp-block-paragraph\">Pero pese a ese contexto, Con su trabajo ellas ganan seguridad para sacar adelante a sus hijos y superarse ellas mismas y contribuir a la seguridad alimentaria.<\/p>\n\n\n\n<p class=\"wp-block-paragraph\">Dar el salto a los espacios de visibilidad, es tambi\u00e9n un desaf\u00edo que Flores ha asumido en las alturas altoandinas de Puno para que sus propuestas y necesidades se escuchen.<\/p>\n\n\n\n<p class=\"wp-block-paragraph\">\u201cTenemos que ganar espacios de decisi\u00f3n y entrar como autoridades, esa es la lucha ahora, hablar por nosotras mismas. Yo estoy decidida y estoy animando a otras mujeres para hacer ese camino\u201d, dijo.<\/p>\n\n\n\n<p class=\"wp-block-paragraph\">Ante la indiferencia de los Estados, m\u00e1s acci\u00f3n y m\u00e1s presencia es la filosof\u00eda de Flores, tal como le ense\u00f1\u00f3 su abuela, que le repet\u00eda: \u201cNo seas floja y siempre trabaja\u201d. \u201cEse es el mensaje y lo llevo en mi mente, pero quisiera hacerlo con m\u00e1s apoyo y m\u00e1s derechos\u201d, dijo.<\/p>\n\n\n\n<p class=\"wp-block-paragraph\">SEM\/IPS\/mj\/sj&nbsp;<\/p>\n","protected":false},"excerpt":{"rendered":"<p>Mariela Jara SemM\u00e9xico\/IPS, Lima, Per\u00fa, 15 octubre 2018.- Las mujeres rurales de Am\u00e9rica Latina son determinantes en metas como un desarrollo sostenible en el campo, la seguridad alimentaria y la reducci\u00f3n del hambre en la regi\u00f3n. Pero se mantienen entre invisibles y vulnerables y requieren reconocimiento y pol\u00edticas p\u00fablicas para salir de la situaci\u00f3n de [&hellip;]<\/p>\n","protected":false},"author":3,"featured_media":2130,"comment_status":"open","ping_status":"open","sticky":false,"template":"","format":"standard","meta":{"_monsterinsights_skip_tracking":false,"footnotes":""},"categories":[689,30],"tags":[],"class_list":["post-2129","post","type-post","status-publish","format-standard","has-post-thumbnail","category-689","category-dia-internacional-de-la-mujer-rural"],"_links":{"self":[{"href":"https:\/\/redsemlac.com\/semmexico\/wp-json\/wp\/v2\/posts\/2129","targetHints":{"allow":["GET"]}}],"collection":[{"href":"https:\/\/redsemlac.com\/semmexico\/wp-json\/wp\/v2\/posts"}],"about":[{"href":"https:\/\/redsemlac.com\/semmexico\/wp-json\/wp\/v2\/types\/post"}],"author":[{"embeddable":true,"href":"https:\/\/redsemlac.com\/semmexico\/wp-json\/wp\/v2\/users\/3"}],"replies":[{"embeddable":true,"href":"https:\/\/redsemlac.com\/semmexico\/wp-json\/wp\/v2\/comments?post=2129"}],"version-history":[{"count":0,"href":"https:\/\/redsemlac.com\/semmexico\/wp-json\/wp\/v2\/posts\/2129\/revisions"}],"wp:featuredmedia":[{"embeddable":true,"href":"https:\/\/redsemlac.com\/semmexico\/wp-json\/wp\/v2\/media\/2130"}],"wp:attachment":[{"href":"https:\/\/redsemlac.com\/semmexico\/wp-json\/wp\/v2\/media?parent=2129"}],"wp:term":[{"taxonomy":"category","embeddable":true,"href":"https:\/\/redsemlac.com\/semmexico\/wp-json\/wp\/v2\/categories?post=2129"},{"taxonomy":"post_tag","embeddable":true,"href":"https:\/\/redsemlac.com\/semmexico\/wp-json\/wp\/v2\/tags?post=2129"}],"curies":[{"name":"wp","href":"https:\/\/api.w.org\/{rel}","templated":true}]}}