{"id":21147,"date":"2020-05-26T18:52:15","date_gmt":"2020-05-26T18:52:15","guid":{"rendered":"https:\/\/redsemlac.com\/semmexico\/?p=21147"},"modified":"2023-07-21T16:19:48","modified_gmt":"2023-07-21T21:19:48","slug":"llama-monreal-a-no-profundizar-la-polarizacion-por-el-bien-de-mexico","status":"publish","type":"post","link":"https:\/\/redsemlac.com\/semmexico\/llama-monreal-a-no-profundizar-la-polarizacion-por-el-bien-de-mexico\/","title":{"rendered":"Llama Monreal a no profundizar la polarizaci\u00f3n por el bien de M\u00e9xico"},"content":{"rendered":"\n<p class=\"wp-block-paragraph\"><strong>Elda Montiel\u00a0<\/strong><\/p>\n\n\n\n<p class=\"wp-block-paragraph\">SemM\u00e9xico. Cd. de M\u00e9xico. 26 de mayo de 2020.- Un llamado a actuar con m\u00e1s inteligencia, con mayor prudencia, escuchando y no profundizar la polarizaci\u00f3n hizo el Coordinador de Morena en el Senado, Ricardo Monreal al considerar que M\u00e9xico vive momentos de crispaci\u00f3n social y pol\u00edtica provocados por la pandemia e incluso por un proyecto de naci\u00f3n distinto que encabeza Andr\u00e9s Manuel L\u00f3pez Obrador.<\/p>\n\n\n\n<p class=\"wp-block-paragraph\">Tras expresar su respaldo \u201cal proceso de cambio\u201d del Presidente de la Rep\u00fablica, precis\u00f3 que como legislador procura mantener los equilibrios y actuar con prudencia, en un momento \u00e1lgido de confrontaci\u00f3n y de profunda discrepancia, en un momento en que se definen pol\u00edticas p\u00fablicas futuras que van a incidir en el desarrollo de la naci\u00f3n.<\/p>\n\n\n\n<p class=\"wp-block-paragraph\">\u201cActuemos con altura de miras, sin odios, mezquindades, confrontaciones est\u00e9riles\u201d, concluy\u00f3.<\/p>\n\n\n\n<p class=\"wp-block-paragraph\">Precis\u00f3 que la resistencia al cambio ha propiciado la rebeli\u00f3n del capital, la rebeli\u00f3n, justa o injusta, de los gobernadores en sus estados, la rebeli\u00f3n de partidos pol\u00edticos y sus dirigentes y la rebeli\u00f3n de a quienes se les ha suprimido el caudal de privilegios de gobierno anteriores.<\/p>\n\n\n\n<p class=\"wp-block-paragraph\">En un mensaje difundido en sus redes sociales, Monreal \u00c1vila enfatiz\u00f3 que desde la campa\u00f1a, en todas las plazas se repet\u00eda que la transformaci\u00f3n, que encabezaba Andr\u00e9s Manuel L\u00f3pez Obrador, ser\u00eda radical para acabar con los privilegios, combatir a fondo la corrupci\u00f3n, modificar el quehacer pol\u00edtico, adem\u00e1s de que la mediocridad y la fanfarroner\u00eda de los pol\u00edticos quedar\u00eda en el ba\u00fal de los recuerdos con la austeridad como pol\u00edtica de Estado.<\/p>\n\n\n\n<p class=\"wp-block-paragraph\">Exhort\u00f3 a quienes simpatizan con otro sistema o r\u00e9gimen pol\u00edtico, a incorporarse al actual proceso de recomposici\u00f3n del pa\u00eds.<\/p>\n\n\n\n<p class=\"wp-block-paragraph\">\u201cSoy de los piensan, dijo, que debemos fortalecer al gobierno, que se pueden reconsideran puntos y temas sin abandonar el prop\u00f3sito fundamental, soy de los que piensan que todos ganar\u00edamos en un M\u00e9xico moderno, sin corrupci\u00f3n, sin impunidad, ni privilegios\u201d.<br><\/p>\n\n\n\n<figure class=\"wp-block-video aligncenter\"><video height=\"256\" style=\"aspect-ratio: 480 \/ 256;\" width=\"480\" controls src=\"https:\/\/redsemlac.com\/semmexico\/wp-content\/uploads\/2020\/05\/WhatsApp-Video-2020-05-25-at-7.49.13-PM.mp4\"><\/video><\/figure>\n","protected":false},"excerpt":{"rendered":"<p>Convoc\u00f3 a actuar con firmeza y autenticidad ante el clima de polarizaci\u00f3n, respetando la posici\u00f3n de los adversarios<\/p>\n","protected":false},"author":3,"featured_media":21148,"comment_status":"open","ping_status":"open","sticky":false,"template":"","format":"standard","meta":{"_monsterinsights_skip_tracking":false,"footnotes":""},"categories":[691,50],"tags":[],"class_list":["post-21147","post","type-post","status-publish","format-standard","has-post-thumbnail","category-691","category-congreso"],"_links":{"self":[{"href":"https:\/\/redsemlac.com\/semmexico\/wp-json\/wp\/v2\/posts\/21147","targetHints":{"allow":["GET"]}}],"collection":[{"href":"https:\/\/redsemlac.com\/semmexico\/wp-json\/wp\/v2\/posts"}],"about":[{"href":"https:\/\/redsemlac.com\/semmexico\/wp-json\/wp\/v2\/types\/post"}],"author":[{"embeddable":true,"href":"https:\/\/redsemlac.com\/semmexico\/wp-json\/wp\/v2\/users\/3"}],"replies":[{"embeddable":true,"href":"https:\/\/redsemlac.com\/semmexico\/wp-json\/wp\/v2\/comments?post=21147"}],"version-history":[{"count":0,"href":"https:\/\/redsemlac.com\/semmexico\/wp-json\/wp\/v2\/posts\/21147\/revisions"}],"wp:featuredmedia":[{"embeddable":true,"href":"https:\/\/redsemlac.com\/semmexico\/wp-json\/wp\/v2\/media\/21148"}],"wp:attachment":[{"href":"https:\/\/redsemlac.com\/semmexico\/wp-json\/wp\/v2\/media?parent=21147"}],"wp:term":[{"taxonomy":"category","embeddable":true,"href":"https:\/\/redsemlac.com\/semmexico\/wp-json\/wp\/v2\/categories?post=21147"},{"taxonomy":"post_tag","embeddable":true,"href":"https:\/\/redsemlac.com\/semmexico\/wp-json\/wp\/v2\/tags?post=21147"}],"curies":[{"name":"wp","href":"https:\/\/api.w.org\/{rel}","templated":true}]}}