{"id":21065,"date":"2020-05-24T21:03:05","date_gmt":"2020-05-24T21:03:05","guid":{"rendered":"https:\/\/redsemlac.com\/semmexico\/?p=21065"},"modified":"2023-07-21T16:19:50","modified_gmt":"2023-07-21T21:19:50","slug":"un-pendiente-con-las-mujeres-es-la-justicia-sanchez-cordero","status":"publish","type":"post","link":"https:\/\/redsemlac.com\/semmexico\/un-pendiente-con-las-mujeres-es-la-justicia-sanchez-cordero\/","title":{"rendered":"Un pendiente con las mujeres es la justicia: S\u00e1nchez Cordero"},"content":{"rendered":"\n<ul class=\"wp-block-list\"><li><strong>Importante la voluntad pol\u00edtica para armonizar el tipo penal de feminicidio<\/strong><\/li><\/ul>\n\n\n\n<ul class=\"wp-block-list\"><li><strong>Llama a ejecutar de forma inmediata \u00f3rdenes de protecci\u00f3n y desalojar a los agresores de sus viviendas<\/strong><\/li><\/ul>\n\n\n\n<p class=\"wp-block-paragraph\"><strong>Elda Montiel <\/strong><\/p>\n\n\n\n<p class=\"wp-block-paragraph\">SemM\u00e9xico, Cd. de M\u00e9xico, 25 de mayo, 2020.- Es\nimportante tener la voluntad pol\u00edtica de los Congresos locales para homologar y\narmonizar el tipo penal de feminicidio, porque la peor de las violencias que sufren\nlas mujeres es que la priven de la vida, expres\u00f3 la Secretaria de Gobernaci\u00f3n,\nOlga S\u00e1nchez Cordero, durante la Asamblea Ordinaria de la Comisi\u00f3n Nacional de Tribunales\nSuperiores de Justicia (CONATRIB).<\/p>\n\n\n\n<p class=\"wp-block-paragraph\">Ante jueces y juezas, en videoconferencia,\nS\u00e1nchez Cordero consider\u00f3 que vale la pena pensar en la desocupaci\u00f3n inmediata\npor parte del agresor del domicilio conyugal en donde habite la v\u00edctima, porque\nmuchas veces no se puede sacar a la mujer, a sus hijos e hijas, o a toda la familia\ncuando sufren una agresi\u00f3n.<\/p>\n\n\n\n<p class=\"wp-block-paragraph\">La violencia contra la mujer es\nuno de los pendientes que tiene la justicia en M\u00e9xico consider\u00f3 por lo que es\nimportante la capacitaci\u00f3n en perspectiva de g\u00e9nero de quienes juzgan en\nnuestro pa\u00eds.<\/p>\n\n\n\n<p class=\"wp-block-paragraph\">\u201cUna mujer violentada tiene un alto riesgo de\nperder la vida, en manos de su agresor. Lo sabemos, hemos tenido conocimiento\nde ello\u201d y agreg\u00f3 que \u201cen ocasiones se pone en duda la veracidad de la\ndeclaraci\u00f3n de la mujer o se considera que la intenci\u00f3n del agresor no es\nquitar la vida, y esa mujer queda en el desamparo total con altas posibilidades\nde un tr\u00e1gico desenlace\u201d.<\/p>\n\n\n\n<p class=\"wp-block-paragraph\">Tenemos en la mano un instrumento legal muy\npoderoso que no debemos dejar de lado, apunt\u00f3 al referirse a la Ley General de\nAcceso de las Mujeres a una Vida Libre de Violencia, que contempla obviamente\nlas funciones que debemos desempe\u00f1ar, sobre todo, como juzgadores.\nLamentablemente esta ley no contempla las funciones que debe desempe\u00f1ar ni la\nPolic\u00eda, ni el Ministerio P\u00fablico, ni la Defensor\u00eda.&nbsp;<\/p>\n\n\n\n<p class=\"wp-block-paragraph\">S\u00ed creemos en que este sistema nacional bien aplicado\npara prevenir, atender, sancionar y erradicar la violencia contra las mujeres\ntiene por objeto que todos conjuntemos nuestros esfuerzos, nuestros\ninstrumentos, nuestros servicios, nuestras acciones interinstitucionales para\nsu prevenci\u00f3n, obviamente, erradicaci\u00f3n y sanci\u00f3n de esta violencia, dijo.<\/p>\n\n\n\n<p class=\"wp-block-paragraph\">S\u00e1nchez Cordero reconoci\u00f3 que, en un momento\ndeterminado, quienes juzgan pueden tener diferentes criterios en relaci\u00f3n a las\n\u00f3rdenes de protecci\u00f3n para las mujeres, y pidi\u00f3 hacer consciencia de que las\n\u00f3rdenes de protecci\u00f3n pueden ser la diferencia entre la vida y la muerte de las\nmujeres, si no se ejecutan de manera inmediata. <\/p>\n\n\n\n<p class=\"wp-block-paragraph\">Exhort\u00f3 a las y los integrantes de la Comisi\u00f3n Nacional de\nTribunales Superiores de Justicia a aplicar en forma inmediata estas\n\u00f3rdenes de protecci\u00f3n tanto a ni\u00f1as, ni\u00f1os y adolescentes como a las mujeres.<\/p>\n\n\n\n<p class=\"wp-block-paragraph\">La titular de la Secretar\u00eda de Gobernaci\u00f3n\ndijo que la instituci\u00f3n refrenda el compromiso de trabajar con ustedes, mano a\nmano con todos y cada uno, para lograr el fortalecimiento institucional de los\ntribunales. <\/p>\n\n\n\n<p class=\"wp-block-paragraph\">SEM\/em\/sj<\/p>\n","protected":false},"excerpt":{"rendered":"<p>Importante la voluntad pol\u00edtica para armonizar el tipo penal de feminicidio<\/p>\n","protected":false},"author":3,"featured_media":21067,"comment_status":"open","ping_status":"open","sticky":false,"template":"","format":"standard","meta":{"_monsterinsights_skip_tracking":false,"footnotes":""},"categories":[691,51],"tags":[],"class_list":["post-21065","post","type-post","status-publish","format-standard","has-post-thumbnail","category-691","category-ejecutivo"],"_links":{"self":[{"href":"https:\/\/redsemlac.com\/semmexico\/wp-json\/wp\/v2\/posts\/21065","targetHints":{"allow":["GET"]}}],"collection":[{"href":"https:\/\/redsemlac.com\/semmexico\/wp-json\/wp\/v2\/posts"}],"about":[{"href":"https:\/\/redsemlac.com\/semmexico\/wp-json\/wp\/v2\/types\/post"}],"author":[{"embeddable":true,"href":"https:\/\/redsemlac.com\/semmexico\/wp-json\/wp\/v2\/users\/3"}],"replies":[{"embeddable":true,"href":"https:\/\/redsemlac.com\/semmexico\/wp-json\/wp\/v2\/comments?post=21065"}],"version-history":[{"count":0,"href":"https:\/\/redsemlac.com\/semmexico\/wp-json\/wp\/v2\/posts\/21065\/revisions"}],"wp:featuredmedia":[{"embeddable":true,"href":"https:\/\/redsemlac.com\/semmexico\/wp-json\/wp\/v2\/media\/21067"}],"wp:attachment":[{"href":"https:\/\/redsemlac.com\/semmexico\/wp-json\/wp\/v2\/media?parent=21065"}],"wp:term":[{"taxonomy":"category","embeddable":true,"href":"https:\/\/redsemlac.com\/semmexico\/wp-json\/wp\/v2\/categories?post=21065"},{"taxonomy":"post_tag","embeddable":true,"href":"https:\/\/redsemlac.com\/semmexico\/wp-json\/wp\/v2\/tags?post=21065"}],"curies":[{"name":"wp","href":"https:\/\/api.w.org\/{rel}","templated":true}]}}