{"id":21044,"date":"2020-05-25T16:05:19","date_gmt":"2020-05-25T16:05:19","guid":{"rendered":"https:\/\/redsemlac.com\/semmexico\/?p=21044"},"modified":"2023-07-21T16:19:50","modified_gmt":"2023-07-21T21:19:50","slug":"opinion-521","status":"publish","type":"post","link":"https:\/\/redsemlac.com\/semmexico\/opinion-521\/","title":{"rendered":"Botella al Mar"},"content":{"rendered":"\n<h2 class=\"wp-block-heading\">Incertidumbre<\/h2>\n\n\n\n<p class=\"wp-block-paragraph\"><strong>Martha Canseco Gonz\u00e1lez<\/strong><\/p>\n\n\n\n<blockquote class=\"wp-block-quote has-text-align-right is-layout-flow wp-block-quote-is-layout-flow\"><p><em>\u00a1Otra vez! Tras la lucha que rinde <\/em> <\/p><p><em>Y la incertidumbre amarga<\/em>  <\/p><p><em>Del viajero que errante no sabe<\/em> <\/p><p> <em>D\u00f3nde dormir\u00e1 ma\u00f1ana<\/em> <\/p><cite> <strong><em> Rosal\u00eda de Castro<\/em><\/strong>. <\/cite><\/blockquote>\n\n\n\n<p class=\"wp-block-paragraph\">SemM\u00e9xico. 25 de mayo 2020.- Ac\u00e1 en\nHidalgo y desde antes de la cuarentena se organizaron distintos grupos de\nmujeres en Facebook con el fin de apoyarnos unas a otras, por ejemplo: \u201cHaditas\nPachuca\u201d, donde se ofertan y solicitan servicios y bienes. Otro m\u00e1s \u201cEntre\nnosotras nos cuidamos\u201d que al inicio trat\u00f3 de dar informaci\u00f3n sobre lugares\npeligrosos para nosotras o alertar sobre agresores machistas en el transporte\np\u00fablico, sin embargo, \u00e9sta leg\u00edtima intenci\u00f3n se vio opacada cuando algunas\nmujeres invitaron hombres al grupo, ah\u00ed todo se ech\u00f3 a perder, fue un verdadero\nfiasco. Aquello termin\u00f3 en insultos contra el feminismo, tambi\u00e9n dej\u00f3 ver que\nmuchas de ellas no se conciben con el derecho a defenderse y se ponen en una\nposici\u00f3n de sumisi\u00f3n ante el sexo opuesto buscando protecci\u00f3n, pura indefensi\u00f3n\naprendida.<\/p>\n\n\n\n<p class=\"wp-block-paragraph\">El m\u00e1s reciente se llama \u201cMorras\napoyando morras\u201d, donde por supuesto est\u00e1 prohibida la presencia masculina y se\npide que las mujeres interesadas en participar por lo menos no renieguen del\nfeminismo, se respete la opini\u00f3n de las dem\u00e1s y no haya insultos, es que\ndespu\u00e9s de la amarga experiencia, no qued\u00f3 de otra.<\/p>\n\n\n\n<p class=\"wp-block-paragraph\">Pues bien, todo esto para\ncomentarles lo que he observado en las \u00faltimas semanas en estos grupos. Yo\ndir\u00eda que bastante equitativa la proporci\u00f3n de mujeres solicitando apoyo\npsicol\u00f3gico, tanto como quienes est\u00e1n pidiendo lectura del tarot, \u00a1s\u00ed, tarot!<\/p>\n\n\n\n<p class=\"wp-block-paragraph\">Esto s\u00f3lo muestra la enorme\nincertidumbre que est\u00e1n experimentando tantas mujeres por la cuarentena, la\npandemia y la situaci\u00f3n econ\u00f3mica, por supuesto cada qui\u00e9n la enfrenta de\ndistintas maneras, hay quienes consultan a la o el terapeuta para plantarle\ncara y quienes acuden con la tarotista para escuchar lo que quieren escucha.<\/p>\n\n\n\n<p class=\"wp-block-paragraph\">Ya les comentaba en otra columna que\nhace meses entrevist\u00e9 a un grupo de mujeres v\u00edctimas de violencia que encontraron\nayuda en el Centro de Justicia para Mujeres de Hidalgo. El com\u00fan denominador en\ntodas ellas, fue precisamente la incertidumbre que tuvieron que gestionar ante el\ndivorcio, la renuncia a cierta comodidad econ\u00f3mica y el sostenimiento de hijas\ne hijos.<\/p>\n\n\n\n<p class=\"wp-block-paragraph\">\u00bfY ahora qu\u00e9 voy a hacer? se\npreguntaron todas en un inicio, y cada una de ellas me fue relatando c\u00f3mo con la\nayuda terap\u00e9utica fueron capaces de situarse en su presente y su circunstancia\npara, de ah\u00ed, enfrentar el reto del d\u00eda a d\u00eda. Dejaron de preocuparse de lo\npasado, porque pasado es y del futuro porque todav\u00eda no es.<\/p>\n\n\n\n<p class=\"wp-block-paragraph\">Al final, de lo \u00fanico que se\nlamentaban las seis mujeres con las que platiqu\u00e9 fue de no haber acudido antes\npor apoyo.<\/p>\n\n\n\n<p class=\"wp-block-paragraph\">Acabo de terminar de leer nuevamente\nLas Claves Feministas para la negociaci\u00f3n en el amor de Marcela Lagarde, es una\nobra escrita hace 19 a\u00f1os y ah\u00ed Marcela hace notar que, para bien de nosotras,\nes necesario que haya m\u00e1s mujeres terapeutas feminista, yo digo que nos siguen\nfaltando y mucho, por una simple raz\u00f3n, la ciencia sigue siendo patriarcal y\nmis\u00f3gina.<\/p>\n\n\n\n<p class=\"wp-block-paragraph\">Entre una terapeuta feminista y una\ntarotista, aunque conozco a una tarotista feminista, prefiero siempre a la\nprimera, por pura certeza.<\/p>\n\n\n\n<p class=\"wp-block-paragraph\">botellalmar2017@gmailcom<\/p>\n","protected":false},"excerpt":{"rendered":"<p>Incertidumbre<\/p>\n","protected":false},"author":3,"featured_media":9095,"comment_status":"open","ping_status":"open","sticky":false,"template":"","format":"standard","meta":{"_monsterinsights_skip_tracking":false,"footnotes":""},"categories":[691,98,84],"tags":[],"class_list":["post-21044","post","type-post","status-publish","format-standard","has-post-thumbnail","category-691","category-botella-al-mar","category-martha-canseco"],"_links":{"self":[{"href":"https:\/\/redsemlac.com\/semmexico\/wp-json\/wp\/v2\/posts\/21044","targetHints":{"allow":["GET"]}}],"collection":[{"href":"https:\/\/redsemlac.com\/semmexico\/wp-json\/wp\/v2\/posts"}],"about":[{"href":"https:\/\/redsemlac.com\/semmexico\/wp-json\/wp\/v2\/types\/post"}],"author":[{"embeddable":true,"href":"https:\/\/redsemlac.com\/semmexico\/wp-json\/wp\/v2\/users\/3"}],"replies":[{"embeddable":true,"href":"https:\/\/redsemlac.com\/semmexico\/wp-json\/wp\/v2\/comments?post=21044"}],"version-history":[{"count":0,"href":"https:\/\/redsemlac.com\/semmexico\/wp-json\/wp\/v2\/posts\/21044\/revisions"}],"wp:featuredmedia":[{"embeddable":true,"href":"https:\/\/redsemlac.com\/semmexico\/wp-json\/wp\/v2\/media\/9095"}],"wp:attachment":[{"href":"https:\/\/redsemlac.com\/semmexico\/wp-json\/wp\/v2\/media?parent=21044"}],"wp:term":[{"taxonomy":"category","embeddable":true,"href":"https:\/\/redsemlac.com\/semmexico\/wp-json\/wp\/v2\/categories?post=21044"},{"taxonomy":"post_tag","embeddable":true,"href":"https:\/\/redsemlac.com\/semmexico\/wp-json\/wp\/v2\/tags?post=21044"}],"curies":[{"name":"wp","href":"https:\/\/api.w.org\/{rel}","templated":true}]}}