{"id":21041,"date":"2020-05-25T16:00:41","date_gmt":"2020-05-25T16:00:41","guid":{"rendered":"https:\/\/redsemlac.com\/semmexico\/?p=21041"},"modified":"2023-07-21T16:19:50","modified_gmt":"2023-07-21T21:19:50","slug":"nosotras-si-les-creemos-red-de-psicologas-y-terapeutas-feministas","status":"publish","type":"post","link":"https:\/\/redsemlac.com\/semmexico\/nosotras-si-les-creemos-red-de-psicologas-y-terapeutas-feministas\/","title":{"rendered":"Nosotras s\u00ed les creemos: Red de Psic\u00f3logas y Terapeutas Feministas"},"content":{"rendered":"\n<ul class=\"wp-block-list\"><li><strong> La violencia machista en casa se increment\u00f3, se\u00f1alan y califican de desafortunadas las declaraciones de AMLO<\/strong><\/li><\/ul>\n\n\n\n<ul class=\"wp-block-list\"><li><strong> Vemos con enojo que descalifica nuestras denuncias p\u00fablicas y justifica la violencia que nos oprime y nos mata<\/strong><\/li><\/ul>\n\n\n\n<p class=\"wp-block-paragraph\"><strong>Redacci\u00f3n<\/strong><\/p>\n\n\n\n<p class=\"wp-block-paragraph\">SemM\u00e9xico,\nCd. de M\u00e9xico, 25 de mayo, 2020.- La Red de Psic\u00f3logas y Terapeutas Feministas\n\u201cles decimos a las mujeres de este pa\u00eds, que les creemos, que sabemos que\nexisten, que no mienten y que si usan el n\u00famero de emergencia es porque lo\nnecesitan\u201d, dicen en torno a las declaraciones \u201cdesafortunadas\u201d del presidente\nAndr\u00e9s Manuel L\u00f3pez Obrador y le hacen saber al Presidente \u201cque ellas son\nreales\u201d, est\u00e1n viviendo la pandemia, pero sobre todo padecen la violencia\nmachista.<\/p>\n\n\n\n<p class=\"wp-block-paragraph\">En una\ncarta p\u00fablica, ante las declaraciones del Presidente de M\u00e9xico del pasado 15 de\nmayo en la conferencia de prensa, la Red de Psic\u00f3logas y Terapeutas Feministas explican\nque al inicio del confinamiento crearon una L\u00ednea de apoyo a mujeres en crisis,\npara apoyar a las mujeres durante la crisis sanitaria y dado el incremento de\nviolencia familiar y de g\u00e9nero, que ocasiona trastornos ansiedad y depresi\u00f3n\nprovocados por el confinamiento y las formas m\u00e1s crueles de violencia que se\nhan agudizado en los hogares mexicanos. <\/p>\n\n\n\n<p class=\"wp-block-paragraph\">Desde\nel pasado 5 de abril y hasta el d\u00eda de hoy, refieren que han atendido aproximadamente\n400 solicitudes de mujeres en crisis. Este proyecto inici\u00f3 con las ganas de\nescuchar a esas mujeres, de ser intermediarias en su proceso y de aportarles\nherramientas para autogestionar sus emociones y tambi\u00e9n, en caso de que as\u00ed\nfuera necesario, canalizarlas a espacios especializados de atenci\u00f3n legal. <\/p>\n\n\n\n<p class=\"wp-block-paragraph\">Sin\nembargo, se\u00f1alan que, ante las \u00faltimas declaraciones desafortunadas del\nPresidente de M\u00e9xico, en torno de la falsedad del 90 % de las llamadas\nrealizadas por nosotras al 911, \u201cles decimos a las mujeres de este pa\u00eds, que\nles creemos, que sabemos que existen, que no mienten y que si usan el n\u00famero de\nemergencia es porque lo necesitan. <\/p>\n\n\n\n<p class=\"wp-block-paragraph\">\u201cAl\nPresidente de M\u00e9xico le decimos que, a varias semanas de trabajo de 12 horas\ndiarias hemos llegado a diversos hogares de casi todos los estados de la\nRep\u00fablica mexicana y a algunos pa\u00edses de la regi\u00f3n de Las Am\u00e9ricas; hemos as\u00ed,\nescuchado, acompa\u00f1ado y contenido a esas mujeres. Ellas son reales en nuestros\nreportes. Ellas no inventan y no mienten. <\/p>\n\n\n\n<p class=\"wp-block-paragraph\">\u201cEllas\nest\u00e1n viviendo violencia en sus hogares, en la calle o en su trabajo. Ellas\nest\u00e1n padeciendo emocional, econ\u00f3mica y f\u00edsicamente los embates de este virus\nllamado SARS CoV2, pero, sobre todo, est\u00e1n padeciendo la violencia machista. Lo\nsabemos porque nosotras las hemos escuchado y acompa\u00f1ado\u201d.<\/p>\n\n\n\n<p class=\"wp-block-paragraph\">La Red\nde Psic\u00f3logas y Terapeutas Feministas tambi\u00e9n se\u00f1alan a L\u00f3pez Obrador que como\nPresidente electo le recordaron que \u201cten\u00eda una gran tarea que cumplir con\nnosotras y desde los primeros d\u00edas de su mandato hemos visto que no ha podido\nrespondernos. <\/p>\n\n\n\n<p class=\"wp-block-paragraph\">\u201cPero\nahora vemos con enojo que descalifica nuestras denuncias p\u00fablicas, y con ello\njustifica la violencia que nos oprime y nos mata. No se lo podemos permitir.\nExigimos se aclare la informaci\u00f3n y que se refuercen las pol\u00edticas p\u00fablicas\npara atender estas violencias\u201d.<\/p>\n\n\n\n<p class=\"wp-block-paragraph\">SEM\/sj<\/p>\n","protected":false},"excerpt":{"rendered":"<p> Vemos con enojo que descalifica nuestras denuncias p\u00fablicas y justifica la violencia que nos oprime y nos mata<\/p>\n","protected":false},"author":3,"featured_media":21042,"comment_status":"open","ping_status":"open","sticky":false,"template":"","format":"standard","meta":{"_monsterinsights_skip_tracking":false,"footnotes":""},"categories":[691,54],"tags":[],"class_list":["post-21041","post","type-post","status-publish","format-standard","has-post-thumbnail","category-691","category-mujeres"],"_links":{"self":[{"href":"https:\/\/redsemlac.com\/semmexico\/wp-json\/wp\/v2\/posts\/21041","targetHints":{"allow":["GET"]}}],"collection":[{"href":"https:\/\/redsemlac.com\/semmexico\/wp-json\/wp\/v2\/posts"}],"about":[{"href":"https:\/\/redsemlac.com\/semmexico\/wp-json\/wp\/v2\/types\/post"}],"author":[{"embeddable":true,"href":"https:\/\/redsemlac.com\/semmexico\/wp-json\/wp\/v2\/users\/3"}],"replies":[{"embeddable":true,"href":"https:\/\/redsemlac.com\/semmexico\/wp-json\/wp\/v2\/comments?post=21041"}],"version-history":[{"count":0,"href":"https:\/\/redsemlac.com\/semmexico\/wp-json\/wp\/v2\/posts\/21041\/revisions"}],"wp:featuredmedia":[{"embeddable":true,"href":"https:\/\/redsemlac.com\/semmexico\/wp-json\/wp\/v2\/media\/21042"}],"wp:attachment":[{"href":"https:\/\/redsemlac.com\/semmexico\/wp-json\/wp\/v2\/media?parent=21041"}],"wp:term":[{"taxonomy":"category","embeddable":true,"href":"https:\/\/redsemlac.com\/semmexico\/wp-json\/wp\/v2\/categories?post=21041"},{"taxonomy":"post_tag","embeddable":true,"href":"https:\/\/redsemlac.com\/semmexico\/wp-json\/wp\/v2\/tags?post=21041"}],"curies":[{"name":"wp","href":"https:\/\/api.w.org\/{rel}","templated":true}]}}