{"id":20920,"date":"2020-05-21T01:48:25","date_gmt":"2020-05-21T01:48:25","guid":{"rendered":"https:\/\/redsemlac.com\/semmexico\/?p=20920"},"modified":"2023-07-21T16:19:53","modified_gmt":"2023-07-21T21:19:53","slug":"guerrero-161","status":"publish","type":"post","link":"https:\/\/redsemlac.com\/semmexico\/guerrero-161\/","title":{"rendered":"Falta de recursos y discriminaci\u00f3n enfrentan mujeres para ejercer derechos pol\u00edticos en Guerrero"},"content":{"rendered":"\n<p class=\"wp-block-paragraph\"><strong>Josefina Aguilar Pastor<\/strong><\/p>\n\n\n\n<p class=\"wp-block-paragraph\">SemM\u00e9xico. Chilpancingo, Guerrero, 20 de mayo de 2020.- Tener cobertura estatal con recursos limitados, dar acompa\u00f1amiento a las mujeres v\u00edctimas de violencia pol\u00edtica, y generar&nbsp;conciencia sobre pr\u00e1cticas de discriminaci\u00f3n que se siguen reproduciendo contra las mujeres en medios de comunicaci\u00f3n,&nbsp;son algunos de los principales retos, que el Instituto Electoral y Participaci\u00f3n Ciudadana (IEPC), &nbsp;enfrenta al interior del Observatorio &nbsp;de Participaci\u00f3n Pol\u00edtica de las Mujeres Guerrerenses.<\/p>\n\n\n\n<p class=\"wp-block-paragraph\">Se llev\u00f3 a cabo la reuni\u00f3n de trabajo virtual del Observatorio de&nbsp;Participaci\u00f3n Pol\u00edtica de las Mujeres Guerrerenses, en la que participaron las consejeras Vicenta Molina Revuelta, Rosio Calleja Ni\u00f1o, Cinthya Citlalli D\u00edaz Fuentes; el consejero, Edmar Le\u00f3n Garc\u00eda, Alejandra Ortega Guzm\u00e1n, titular de la Unidad de G\u00e9nero de este organismo electoral, as\u00ed como representantes de distintas organizaciones civiles de mujeres.<\/p>\n\n\n\n<p class=\"wp-block-paragraph\">En dicha reuni\u00f3n, Alejandra Ortega Guzm\u00e1n, como enlace del&nbsp;Observatorio &nbsp;de Participaci\u00f3n Pol\u00edtica de las Mujeres Guerrerenses, dio a conocer el informe de la participaci\u00f3n del IEPC Guerrero, en la reuni\u00f3n de observatorios Regionales, realizada el pasado 30 de marzo, en la que informaron sobre los obst\u00e1culos y retos que las mujeres enfrentan en el \u00e1mbito pol\u00edtico.<\/p>\n\n\n\n<p class=\"wp-block-paragraph\">Entre los principales retos en la participaci\u00f3n pol\u00edtica de las mujeres, identificados y dados a conocer por&nbsp;Ortega Guzm\u00e1n se encuentran: tener cobertura estatal con recursos limitados, debiendo recurrir al uso de las tecnolog\u00edas de la informaci\u00f3n para llegar a m\u00e1s mujeres; descentralizar los trabajos de promoci\u00f3n de los derechos pol\u00edticos de las mujeres, as\u00ed como dar acompa\u00f1amiento a las mujeres en el ejercicio del cargo, habiendo detectado que \u201ces en este momento donde hay m\u00e1s casos de violencia pol\u00edtica contra las mujeres\u201d.<\/p>\n\n\n\n<p class=\"wp-block-paragraph\">Tambi\u00e9n, dio cuenta de la necesidad de generar materiales que permitan a las mujeres conocer c\u00f3mo presentar las respectivas denuncias en materia de violencia pol\u00edtica contra las mujeres en las distintas dependencias; empatar actividades institucionales con las del Observatorio para lograr un mayor impacto; fortalecer la participaci\u00f3n de los partidos pol\u00edticos en la promoci\u00f3n de las actividades del observatorio; difundir el funcionamiento de los recursos destinados para la capacitaci\u00f3n pol\u00edtica de las mujeres y generar conciencia sobre pr\u00e1cticas de discriminaci\u00f3n que se siguen reproduciendo contra las mujeres en medios de comunicaci\u00f3n.<\/p>\n\n\n\n<p class=\"wp-block-paragraph\">En esta misma reuni\u00f3n, Ortega Guzm\u00e1n mencion\u00f3&nbsp;la importancia y necesidad de impulsar reformas a las constituciones locales y a la ley de responsabilidades administrativas, lineamientos y medidas afirmativas para garantizar la participaci\u00f3n de mujeres afromexicanas, ind\u00edgenas y dem\u00e1s mujeres en situaci\u00f3n de vulnerabilidad desde las norma electoral para garantizar el ejercicio de sus derechos pol\u00edticos, as\u00ed como la modificaci\u00f3n de leyes organizas municipales que limitan el acceso de las comunidades ind\u00edgenas y leyes locales que impactan los derechos de los pueblos y comunidades ind\u00edgenas.<\/p>\n\n\n\n<p class=\"wp-block-paragraph\">Se\u00f1al\u00f3 la necesidad de que el Observatorio de Participaci\u00f3n Pol\u00edtica de las Mujeres Guerrerenses desarrollen redes estrat\u00e9gicas entre sus hom\u00f3logos, para fortalecer los procesos de capacitaci\u00f3n, formaci\u00f3n y sensibilizaci\u00f3n que permitan fortalecer las capacidades de las mujeres pol\u00edticamente activas, desde las candidaturas hasta el ejercicio del cargo; dise\u00f1ar e implementar acciones afirmativas que permitan a las mujeres en el ejercicio del cargo, realizarlo de manera libre y eficiente, contar con material de f\u00e1cil lectura e incluyentes para acercar la informaci\u00f3n a toda la poblaci\u00f3n.<br><\/p>\n","protected":false},"excerpt":{"rendered":"<p>Se llev\u00f3 a cabo la reuni\u00f3n de trabajo virtual del Observatorio de Participaci\u00f3n Pol\u00edtica de las Mujeres Guerrerenses<\/p>\n","protected":false},"author":3,"featured_media":20921,"comment_status":"open","ping_status":"open","sticky":false,"template":"","format":"standard","meta":{"_monsterinsights_skip_tracking":false,"footnotes":""},"categories":[691,54],"tags":[],"class_list":["post-20920","post","type-post","status-publish","format-standard","has-post-thumbnail","category-691","category-mujeres"],"_links":{"self":[{"href":"https:\/\/redsemlac.com\/semmexico\/wp-json\/wp\/v2\/posts\/20920","targetHints":{"allow":["GET"]}}],"collection":[{"href":"https:\/\/redsemlac.com\/semmexico\/wp-json\/wp\/v2\/posts"}],"about":[{"href":"https:\/\/redsemlac.com\/semmexico\/wp-json\/wp\/v2\/types\/post"}],"author":[{"embeddable":true,"href":"https:\/\/redsemlac.com\/semmexico\/wp-json\/wp\/v2\/users\/3"}],"replies":[{"embeddable":true,"href":"https:\/\/redsemlac.com\/semmexico\/wp-json\/wp\/v2\/comments?post=20920"}],"version-history":[{"count":0,"href":"https:\/\/redsemlac.com\/semmexico\/wp-json\/wp\/v2\/posts\/20920\/revisions"}],"wp:featuredmedia":[{"embeddable":true,"href":"https:\/\/redsemlac.com\/semmexico\/wp-json\/wp\/v2\/media\/20921"}],"wp:attachment":[{"href":"https:\/\/redsemlac.com\/semmexico\/wp-json\/wp\/v2\/media?parent=20920"}],"wp:term":[{"taxonomy":"category","embeddable":true,"href":"https:\/\/redsemlac.com\/semmexico\/wp-json\/wp\/v2\/categories?post=20920"},{"taxonomy":"post_tag","embeddable":true,"href":"https:\/\/redsemlac.com\/semmexico\/wp-json\/wp\/v2\/tags?post=20920"}],"curies":[{"name":"wp","href":"https:\/\/api.w.org\/{rel}","templated":true}]}}