{"id":20854,"date":"2020-05-19T22:57:40","date_gmt":"2020-05-19T22:57:40","guid":{"rendered":"https:\/\/redsemlac.com\/semmexico\/?p=20854"},"modified":"2023-07-21T16:19:55","modified_gmt":"2023-07-21T21:19:55","slug":"opinion-515","status":"publish","type":"post","link":"https:\/\/redsemlac.com\/semmexico\/opinion-515\/","title":{"rendered":"Mujer y Poder"},"content":{"rendered":"\n<h2 class=\"wp-block-heading\"> En Defensa de nuestra vida privada <\/h2>\n\n\n\n<p class=\"wp-block-paragraph\"><strong>Natalia Vidales Rodr\u00edguez<\/strong><\/p>\n\n\n\n<p class=\"wp-block-paragraph\"><strong>No sabemos si en verdad la iniciativa fue propia o vino de Palacio Nacional.<\/strong><\/p>\n\n\n\n<p class=\"wp-block-paragraph\">SemM\u00e9xico. 19 de mayo de 2020.- Ayer, el dirigente de MORENA propuso un GRAN ACUERDO que hizo circular de forma oficial. Textualmente dijo: \u00a8EL INEGI debe entrar sin ning\u00fan impedimento a revisar el patrimonio inmobiliario y financiero de todas las personas y cada dos a\u00f1os debe de dar cuenta de los resultados que arroja la totalidad de los activos con los que cuenta cada mexicano\u2026. Y debe tambi\u00e9n tener acceso a las cuentas del Servicio de Administraci\u00f3n Tributaria y a toda la informaci\u00f3n financiera y burs\u00e1til de las personas\u00a8.<\/p>\n\n\n\n<p class=\"wp-block-paragraph\">As\u00ed, como lo leen. Y obvio, las protestas en las redes no se hicieron esperar. \u00bfCon que derecho? \u00bfCon que motivo va a entrar el gobierno a nuestros hogares a ver de que forma vivimos? \u00bfCon que intenciones si ya existe la Ley de Transparencia que obliga a los funcionarios p\u00fablicos a presentar puntual declaraci\u00f3n de bienes y a los empresarios a presentar sus declaraciones fiscales?<\/p>\n\n\n\n<p class=\"wp-block-paragraph\">Dudamos, como lo hacen otros ciudadanos, que el l\u00edder de MORENA haya hecho de motu propio el descabellado pronunciamiento.<\/p>\n\n\n\n<p class=\"wp-block-paragraph\">Mas bien pensamos que tan absurda idea vino de Palacio Nacional a ver si \u00a8pegaba\u00a8 ahora que hay tantos temas en el pandero y la propuesta pudo haber pasado desapercibida.&nbsp;&nbsp;<\/p>\n\n\n\n<p class=\"wp-block-paragraph\">Pero no, no peg\u00f3. Hoy el presidente L\u00f3pez Obrador calma las aguas y moment\u00e1neamente para esa intenci\u00f3n a todas luces violatoria de los derechos humanos.&nbsp;&nbsp;Pero lo sucedido debe alertarnos y motivarnos a protestar por&nbsp;&nbsp;la intromisi\u00f3n del gobierno en nuestra vida privada.<\/p>\n\n\n\n<p class=\"wp-block-paragraph\">Cada quien tiene el derecho de vivir como mejor le parezca y\u00a0gastar su dinero, bien habido, como le de la gana.\u00a0<\/p>\n\n\n\n<p class=\"wp-block-paragraph\">Si al presidente le gusta la austeridad republicana\u2026 es su decisi\u00f3n, pero no tiene derecho de imponer sus costumbres a otros.\u00a0\u00a0Si quienes cuentan con recursos quieren vivir con lujos, que lo hagan. \u00bfen qu\u00e9 nos perjudica eso?\u00a0\u00a0Ojal\u00e1 que todos los mexicanos pudi\u00e9ramos subir de nivel\u2026 no bajarlo.<\/p>\n\n\n\n<p class=\"has-text-color has-medium-font-size has-vivid-red-color wp-block-paragraph\"><strong><a href=\"http:\/\/www.mujerypoder.com.mx\/Notas%20del%20dia\/Imagenes\/opinion\/AUD-20200519-WA0011.mp3\" target=\"_blank\" rel=\"noreferrer noopener\" aria-label=\"Columna en audio (se abre en una nueva pesta\u00f1a)\">Columna en audio<\/a><\/strong><\/p>\n","protected":false},"excerpt":{"rendered":"<p>En Defensa de nuestra vida privada<\/p>\n","protected":false},"author":3,"featured_media":20855,"comment_status":"open","ping_status":"open","sticky":false,"template":"","format":"standard","meta":{"_monsterinsights_skip_tracking":false,"footnotes":""},"categories":[691,100,72],"tags":[],"class_list":["post-20854","post","type-post","status-publish","format-standard","has-post-thumbnail","category-691","category-mujer-y-poder","category-natalia-vidales"],"_links":{"self":[{"href":"https:\/\/redsemlac.com\/semmexico\/wp-json\/wp\/v2\/posts\/20854","targetHints":{"allow":["GET"]}}],"collection":[{"href":"https:\/\/redsemlac.com\/semmexico\/wp-json\/wp\/v2\/posts"}],"about":[{"href":"https:\/\/redsemlac.com\/semmexico\/wp-json\/wp\/v2\/types\/post"}],"author":[{"embeddable":true,"href":"https:\/\/redsemlac.com\/semmexico\/wp-json\/wp\/v2\/users\/3"}],"replies":[{"embeddable":true,"href":"https:\/\/redsemlac.com\/semmexico\/wp-json\/wp\/v2\/comments?post=20854"}],"version-history":[{"count":0,"href":"https:\/\/redsemlac.com\/semmexico\/wp-json\/wp\/v2\/posts\/20854\/revisions"}],"wp:featuredmedia":[{"embeddable":true,"href":"https:\/\/redsemlac.com\/semmexico\/wp-json\/wp\/v2\/media\/20855"}],"wp:attachment":[{"href":"https:\/\/redsemlac.com\/semmexico\/wp-json\/wp\/v2\/media?parent=20854"}],"wp:term":[{"taxonomy":"category","embeddable":true,"href":"https:\/\/redsemlac.com\/semmexico\/wp-json\/wp\/v2\/categories?post=20854"},{"taxonomy":"post_tag","embeddable":true,"href":"https:\/\/redsemlac.com\/semmexico\/wp-json\/wp\/v2\/tags?post=20854"}],"curies":[{"name":"wp","href":"https:\/\/api.w.org\/{rel}","templated":true}]}}