{"id":20851,"date":"2020-05-19T22:52:52","date_gmt":"2020-05-19T22:52:52","guid":{"rendered":"https:\/\/redsemlac.com\/semmexico\/?p=20851"},"modified":"2023-07-21T16:19:55","modified_gmt":"2023-07-21T21:19:55","slug":"reconocer-las-cifras-de-la-violencia-contra-las-mujeres-el-primer-paso-feministas-de-morena","status":"publish","type":"post","link":"https:\/\/redsemlac.com\/semmexico\/reconocer-las-cifras-de-la-violencia-contra-las-mujeres-el-primer-paso-feministas-de-morena\/","title":{"rendered":"Reconocer las cifras de la violencia contra las mujeres, el primer paso: feministas de Morena"},"content":{"rendered":"\n<p class=\"wp-block-paragraph\"><strong>Elda Montiel\u00a0<\/strong><\/p>\n\n\n\n<p class=\"wp-block-paragraph\">SemM\u00e9xico. Cd. de M\u00e9xico. 19 de mayo de 2020.- Reconocer las cifras de la violencia contra las mujeres y las ni\u00f1as en el pa\u00eds es apenas el primer paso,&nbsp;pues&nbsp;se requiere la concurrencia de distintos sectores adem\u00e1s del gubernamental para iniciar el proceso en el que se revierta la desigualdad oprobiosa contra la mitad de la poblaci\u00f3n en el pa\u00eds por el simple hecho de pertenecer al g\u00e9nero, se\u00f1alan las mujeres feministas de izquierda, simpatizantes y militantes de Morena al presidente Andr\u00e9s Manuel L\u00f3pez Obrador.&nbsp;<\/p>\n\n\n\n<p class=\"wp-block-paragraph\">En un mensaje dirigido al Ejecutivo definen su posici\u00f3n las mujeres feministas militantes en el que expresan \u201ces un imperativo \u00e9tico para nuestro partido, movimiento el que mujeres y ni\u00f1as tengan acceso a la justicia, puedan vivir sin miedo, es decir, libres de violencia en general, pero tambi\u00e9n de la violencia particular que implica pertenecer al g\u00e9nero femenino y, por supuesto, que no sufran exclusi\u00f3n frente a los privilegios que representa ser hombre\u201d.<\/p>\n\n\n\n<p class=\"wp-block-paragraph\">Reconocer las cifras, voluntad pol\u00edtica y programas son necesarios indica la \u201cRed Feminista para la Transformaci\u00f3n\u201d para que se den soluciones pr\u00e1cticas a realidades concretas, como tambi\u00e9n lo se\u00f1ala el proyecto de naci\u00f3n que presentamos ante la ciudadan\u00eda para promover el voto a favor de nuestro proyecto pol\u00edtico, durante el proceso electoral de 2018.&nbsp;<\/p>\n\n\n\n<p class=\"wp-block-paragraph\">Argumentan que el&nbsp;trasfondo de la violencia contra mujeres y ni\u00f1as no es la delincuencia com\u00fan o la descomposici\u00f3n social sino el sistema patriarcal machista y mis\u00f3gino que posiciona a las mujeres y ni\u00f1as en condiciones de clara desventaja y desigualdad frente a los hombres, al mismo tiempo que las convierte en objetos tocables, consumibles, violables, matables y desechables.&nbsp;<\/p>\n\n\n\n<p class=\"wp-block-paragraph\">El 40% de los feminicidas era pareja de las mujeres v\u00edctimas y perpetraron el delito en los hogares; el 60% de la v\u00edctima padec\u00eda violencia familiar. En 2019 cada 2 horas con 15 minutos, en promedio, se denunci\u00f3 una violaci\u00f3n de acuerdo con datos del Secretariado Ejecutivo del Sistema Nacional de Seguridad P\u00fablica, y del INEGI 2019.&nbsp;<\/p>\n\n\n\n<p class=\"wp-block-paragraph\">El 41.3% de las mujeres mayores de 15 a\u00f1os ha sido v\u00edctima de violencia sexual alguna vez en su vida; El 44 % de las mujeres ha sido v\u00edctima de violencia en la pareja (ENDIREH 16).<\/p>\n\n\n\n<p class=\"wp-block-paragraph\">No menos contundentes son las cifras de la violencia contra las ni\u00f1as, ni\u00f1os y adolescentes,&nbsp;que coloc\u00f3 al pa\u00eds, seg\u00fan la OCDE, como el primer lugar en abuso sexual infantil en 2019.<\/p>\n\n\n\n<p class=\"wp-block-paragraph\">Los principales perpetradores de agresiones sexuales contra la ni\u00f1ez son en el 30% de los casos los abuelos o padrastros, en el 13% los t\u00edos, en el 11% los padres biol\u00f3gicos, en el 10% los primos y en el 3% los hermanos. El 75% de los abusos contra las infancias se comete en el entorno del hogar (Consejo Ciudadano de la Ciudad de M\u00e9xico, 2019).<\/p>\n\n\n\n<p class=\"wp-block-paragraph\">Muchos casos de embarazo adolescente son producto de la violencia sexual contra ni\u00f1as y j\u00f3venes, pues el 27.6% de las ni\u00f1as de entre 10 y 14 a\u00f1os que tuvo un hijo o una hija, en 2016, inform\u00f3 que los hombres con las que sostuvieron la relaci\u00f3n sexual ten\u00edan entre 20 y 29 a\u00f1os (IPAS, 2018).<\/p>\n\n\n\n<p class=\"wp-block-paragraph\">En la brecha laboral se\u00f1alan que el ingreso promedio mensual por trabajo de las mujeres es 21% menor que el de los hombres. Apenas el 48.9% de las mujeres de entre 15 y 64 a\u00f1os de edad tiene un ingreso por el trabajo que realiza, frente al 78% de los hombres en el mismo rango (INEGI, 2019).<\/p>\n\n\n\n<p class=\"wp-block-paragraph\">El 82.5% de los 13.8 millones de personas sin ingresos propios son mujeres (INEGI, 2018), y el 76.7% del tiempo destinado a labores en el hogar, sin pago alguno, lo cubrieron las mujeres (INEGI, 2017).<\/p>\n\n\n\n<p class=\"wp-block-paragraph\">Se\u00f1alan la responsabilidad de la procuraci\u00f3n de justicia en el pa\u00eds, que tanto le debe a mujeres y ni\u00f1as, a las Fiscal\u00edas Estatales, as\u00ed como el que la prevenci\u00f3n de delitos y de seguridad p\u00fablica es responsabilidad de los gobiernos de los estados. Tambi\u00e9n sabemos que la academia y la iniciativa privada tienen una enorme responsabilidad para frenar la violencia en sus espacios, y evitar a toda costa la reproducci\u00f3n de estereotipos de g\u00e9nero que vulneran la dignidad de mujeres y ni\u00f1as.<\/p>\n\n\n\n<p class=\"wp-block-paragraph\">Las feministas de la Red para la Transformaci\u00f3n tras considerar que s\u00f3lo&nbsp;la Cuarta Transformaci\u00f3n puede dar respuestas y acompa\u00f1ar al movimiento feminista en sus demandas y mencionan que no pueden permitir que haya quien con sus intereses mezquinos quiera capitalizar pol\u00edticamente un movimiento leg\u00edtimo que lucha por la dignidad de las mujeres, no despu\u00e9s de la violencia y las injusticias que otros partidos desataron en nuestro pa\u00eds durante d\u00e9cadas.&nbsp;<\/p>\n\n\n\n<p class=\"wp-block-paragraph\">\u201cComo partido de izquierda que se encuentra en el poder debemos colocarnos del lado de aquellas personas a las que sist\u00e9micamente se les ha excluido y marginado, pues una sociedad que se desentiende de las personas en mayor condici\u00f3n de vulnerabilidad \u201crompe el principio de empat\u00eda que es factor indispensable de cohesi\u00f3n, instaura la ley del m\u00e1s fuerte y acaba en un total envilecimiento\u201d (Plan Nacional de Desarrollo 2019-2024).<\/p>\n\n\n\n<p class=\"wp-block-paragraph\">Le piden tomar cursos de acci\u00f3n radicalmente opuestos a los que administraciones anteriores empujaron y que si bien el bienestar social&nbsp;es fundamental para el desarrollo de cualquier sociedad y en el caso de la sociedad mexicana es prioritario.&nbsp;<\/p>\n\n\n\n<p class=\"wp-block-paragraph\">No se puede dejar a nadie atr\u00e1s ni las mujeres ni las sometidas a m\u00faltiples formas de violencia que les imposibilitan desarrollarse plenamente. \u201cLe tomamos la palabra, hay que dar un paso atr\u00e1s para que las especialistas feministas hablen\u201d.<\/p>\n\n\n\n<p class=\"wp-block-paragraph\">Lo firman 43 coordinadoras e integrantes de la Red Feminista para la Transformaci\u00f3n y 186 compa\u00f1eras militantes de Morena entre las que se encuentra Frida Guerrera. Y 90 compa\u00f1eros hombres como Rafael Barajas&nbsp;\u201cFisg\u00f3n\u201d (Presidente del Instituto Nacional de Formaci\u00f3n Pol\u00edtica), y Pedro Miguel Arce.&nbsp;<br><\/p>\n","protected":false},"excerpt":{"rendered":"<p>Reconocer las cifras, voluntad pol\u00edtica y programas son necesarios indica la \u201cRed Feminista para la Transformaci\u00f3n\u201d para que se den soluciones pr\u00e1cticas a realidades concretas<\/p>\n","protected":false},"author":3,"featured_media":20852,"comment_status":"open","ping_status":"open","sticky":false,"template":"","format":"standard","meta":{"_monsterinsights_skip_tracking":false,"footnotes":""},"categories":[691,54],"tags":[],"class_list":["post-20851","post","type-post","status-publish","format-standard","has-post-thumbnail","category-691","category-mujeres"],"_links":{"self":[{"href":"https:\/\/redsemlac.com\/semmexico\/wp-json\/wp\/v2\/posts\/20851","targetHints":{"allow":["GET"]}}],"collection":[{"href":"https:\/\/redsemlac.com\/semmexico\/wp-json\/wp\/v2\/posts"}],"about":[{"href":"https:\/\/redsemlac.com\/semmexico\/wp-json\/wp\/v2\/types\/post"}],"author":[{"embeddable":true,"href":"https:\/\/redsemlac.com\/semmexico\/wp-json\/wp\/v2\/users\/3"}],"replies":[{"embeddable":true,"href":"https:\/\/redsemlac.com\/semmexico\/wp-json\/wp\/v2\/comments?post=20851"}],"version-history":[{"count":0,"href":"https:\/\/redsemlac.com\/semmexico\/wp-json\/wp\/v2\/posts\/20851\/revisions"}],"wp:featuredmedia":[{"embeddable":true,"href":"https:\/\/redsemlac.com\/semmexico\/wp-json\/wp\/v2\/media\/20852"}],"wp:attachment":[{"href":"https:\/\/redsemlac.com\/semmexico\/wp-json\/wp\/v2\/media?parent=20851"}],"wp:term":[{"taxonomy":"category","embeddable":true,"href":"https:\/\/redsemlac.com\/semmexico\/wp-json\/wp\/v2\/categories?post=20851"},{"taxonomy":"post_tag","embeddable":true,"href":"https:\/\/redsemlac.com\/semmexico\/wp-json\/wp\/v2\/tags?post=20851"}],"curies":[{"name":"wp","href":"https:\/\/api.w.org\/{rel}","templated":true}]}}