{"id":20847,"date":"2020-05-19T21:17:28","date_gmt":"2020-05-19T21:17:28","guid":{"rendered":"https:\/\/redsemlac.com\/semmexico\/?p=20847"},"modified":"2023-07-21T16:19:13","modified_gmt":"2023-07-21T21:19:13","slug":"inicia-michoacan-proceso-para-reapertura-de-actividades","status":"publish","type":"post","link":"https:\/\/redsemlac.com\/semmexico\/inicia-michoacan-proceso-para-reapertura-de-actividades\/","title":{"rendered":"Inicia Michoac\u00e1n proceso para reapertura de actividades"},"content":{"rendered":"\n<ul class=\"wp-block-list\"><li><strong>A partir\ndel 1 de junio, inicia formalmente el proceso llamado \u201cla nueva convivencia\u201d.<\/strong><\/li><li><strong>Ser\u00e1 de\nmanera regionalizada y por municipios.<\/strong><\/li><\/ul>\n\n\n\n<p class=\"wp-block-paragraph\"><strong>Redacci\u00f3n<\/strong><\/p>\n\n\n\n<p class=\"wp-block-paragraph\">Morelia, Michoac\u00e1n, 19 de mayo de 2020.- Michoac\u00e1n se\nprepara para la reapertura de actividades econ\u00f3micas y sociales, proceso que\niniciar\u00e1 el pr\u00f3ximo 1 de junio, anunci\u00f3 esta tarde a trav\u00e9s de un video,\nSilvano Aureoles Conejo. Este regreso no se dar\u00e1 con medidas improvisadas o en\ndesorden, \u201cel gobierno no puede hacerlo solo, necesitamos de la responsabilidad\nde ustedes en sus hogares, en sus centros de trabajo y los espacios p\u00fablicos\u201d,\naclar\u00f3 el gobernador. <\/p>\n\n\n\n<p class=\"wp-block-paragraph\">El plan presentado, inicia con un periodo de preparaci\u00f3n a\npartir de hoy y hasta el 31 de mayo, en el cual contin\u00faa la vigencia plena de\nlas medidas sanitarias de sana distancia y la operaci\u00f3n exclusiva de las\nactividades esenciales. A partir del 1 de junio, comienzo formal del proceso\nllamado \u201cla nueva convivencia\u201d, se har\u00e1n p\u00fablicas las medidas sanitarias para\nabrir o cerrar espacios; esto ser\u00e1 de manera regionalizada y por municipios.\nDurante las \u00faltimas dos semanas del presente mes se instalar\u00e1n mesas de trabajo\ncon diferentes sectores, \u201cpara darles a conocer las medidas sanitarias y\nprotocolos que deber\u00e1n seguir una vez que lleguen la fecha de apertura, en el\nmes de junio.<\/p>\n\n\n\n<p class=\"wp-block-paragraph\">Silvano Aureoles tambi\u00e9n anunci\u00f3 que se descarta el regreso\ndel alumnado a los planteles escolares para concluir el ciclo escolar, \u201clas\nni\u00f1as, ni\u00f1os, j\u00f3venes, maestras y maestros no regresar\u00e1n a las clases\npresenciales y deber\u00e1 concluirse el ciclo escolar desde los hogares. Esta\ndecisi\u00f3n se toma porque no voy a exponer a que se contagien UN MILL\u00d3N\nTRESCIENTAS MIL ni\u00f1as y ni\u00f1os ni tampoco a su familia especialmente a sus\nabuelitas y abuelitos\u201d.<\/p>\n\n\n\n<p class=\"wp-block-paragraph\">El gobernador de Michoac\u00e1n solicit\u00f3 todo el respaldo de la poblaci\u00f3n, su comprensi\u00f3n y paciencia para lograr un proceso exitoso que permita retomar, con el menor n\u00famero de contagios, todas las actividades: \u201cTodo el esfuerzo que hemos hecho, el econ\u00f3mico, familiar y personal no habr\u00e1 valido la pena porque el riesgo de m\u00faltiples contagios y de muchas muertes est\u00e1 todav\u00eda presente\u201d.\u00a0 Y agreg\u00f3, \u201ctodo lo que hagamos a partir de hoy definir\u00e1 las siguientes semanas y meses\u201d. Se comprometi\u00f3 a renovar esfuerzos y no bajar la guardia frente a los retos que presenta la pandemia. \u201cMichoac\u00e1n lo ha hecho bien, pero la nueva convivencia nos obliga a prepararnos para hacerlo mejor\u201d, concluy\u00f3.<\/p>\n\n\n\n<p class=\"wp-block-paragraph\">SEM\/IL<\/p>\n","protected":false},"excerpt":{"rendered":"<p>A partir del 1 de junio, inicia formalmente el proceso llamado \u201cla nueva convivencia\u201d.<\/p>\n","protected":false},"author":3,"featured_media":20848,"comment_status":"open","ping_status":"open","sticky":false,"template":"","format":"standard","meta":{"_monsterinsights_skip_tracking":false,"footnotes":""},"categories":[691,51],"tags":[],"class_list":["post-20847","post","type-post","status-publish","format-standard","has-post-thumbnail","category-691","category-ejecutivo"],"_links":{"self":[{"href":"https:\/\/redsemlac.com\/semmexico\/wp-json\/wp\/v2\/posts\/20847","targetHints":{"allow":["GET"]}}],"collection":[{"href":"https:\/\/redsemlac.com\/semmexico\/wp-json\/wp\/v2\/posts"}],"about":[{"href":"https:\/\/redsemlac.com\/semmexico\/wp-json\/wp\/v2\/types\/post"}],"author":[{"embeddable":true,"href":"https:\/\/redsemlac.com\/semmexico\/wp-json\/wp\/v2\/users\/3"}],"replies":[{"embeddable":true,"href":"https:\/\/redsemlac.com\/semmexico\/wp-json\/wp\/v2\/comments?post=20847"}],"version-history":[{"count":0,"href":"https:\/\/redsemlac.com\/semmexico\/wp-json\/wp\/v2\/posts\/20847\/revisions"}],"wp:featuredmedia":[{"embeddable":true,"href":"https:\/\/redsemlac.com\/semmexico\/wp-json\/wp\/v2\/media\/20848"}],"wp:attachment":[{"href":"https:\/\/redsemlac.com\/semmexico\/wp-json\/wp\/v2\/media?parent=20847"}],"wp:term":[{"taxonomy":"category","embeddable":true,"href":"https:\/\/redsemlac.com\/semmexico\/wp-json\/wp\/v2\/categories?post=20847"},{"taxonomy":"post_tag","embeddable":true,"href":"https:\/\/redsemlac.com\/semmexico\/wp-json\/wp\/v2\/tags?post=20847"}],"curies":[{"name":"wp","href":"https:\/\/api.w.org\/{rel}","templated":true}]}}