{"id":20839,"date":"2020-05-19T18:37:11","date_gmt":"2020-05-19T18:37:11","guid":{"rendered":"https:\/\/redsemlac.com\/semmexico\/?p=20839"},"modified":"2023-07-21T16:19:13","modified_gmt":"2023-07-21T21:19:13","slug":"opinion-514","status":"publish","type":"post","link":"https:\/\/redsemlac.com\/semmexico\/opinion-514\/","title":{"rendered":"Entresemana"},"content":{"rendered":"\n<h2 class=\"wp-block-heading\"><strong>Con o sin paisaje\u2026<\/strong><\/h2>\n\n\n\n<p class=\"wp-block-paragraph\"><strong>Mois\u00e9s  S\u00e1nchez Lim\u00f3n.\u00a0<\/strong><\/p>\n\n\n\n<p class=\"wp-block-paragraph\">Va de cuento\u2026<\/p>\n\n\n\n<p class=\"wp-block-paragraph\">SemM\u00e9xico. Cd. de M\u00e9xico. 19 de mayo de 2020.- En aquellos d\u00edas cuando los salones de belleza no se llamaban est\u00e9ticas y los atend\u00edan cultoras de belleza \u2013hoy se divide la especialidad con estilistas&#8211;, preparadas en las llamadas carreras cortas que ofrec\u00edan academias particulares como los Institutos Patrulla con colegiaturas de descuento, junto con cursos r\u00e1pidos de taquimecanograf\u00eda para secretarias en espa\u00f1ol o ejecutivas, que llevaban la obligada materia de ingl\u00e9s, en los camellones de las colonias populares hab\u00eda f\u00edgaros de barriada que ofrec\u00edan su servicio a precios m\u00f3dicos.<\/p>\n\n\n\n<p class=\"wp-block-paragraph\">Por supuesto, estaban y sobreviven las peluquer\u00edas aunque sus tarifas ya no son del todo m\u00f3dicas, pero sin duda los maestros de la tijera, el peine y la navaja que se afila en una tira de vaqueta, tienen una especial forma de tratar al cliente.<\/p>\n\n\n\n<p class=\"wp-block-paragraph\">Pero, vaya, el tema es el de los f\u00edgaros de barriada que por lo general instalaban su silla e implementos para cortar el pelo bajo la sombra de un \u00e1rbol. En esos d\u00edas no hab\u00eda tanta charchina \u2013como recordaba Chava Flores a los carros viejos\u2014de forma tal que el escenario de transe\u00fantes era de admirarse, sobre todo porque los clientes eran hombres y mientras les cortaban el pelo ve\u00edan pasar a las chicas.<\/p>\n\n\n\n<p class=\"wp-block-paragraph\">Y usted dir\u00e1 cu\u00e1l es el motivo de esta referencia de tiempos idos, que millenials y reporteros de la generaci\u00f3n de las redes sociales y el copia y pega, o quienes asumen ser periodistas porque tienen un celular para grabar y sacar fotos que luego trepan al hilo indiscriminadamente, en una singular Torre de Babel de la que cada quien, a su estilo saca conclusiones o asume defensas oficiosas y se vuelve abogado del inquilino de Palacio y enemigo de los que \u00e9ste llama conservadores y, apenas, al inicio de semana conspiradores.<\/p>\n\n\n\n<p class=\"wp-block-paragraph\">Bueno, en esos d\u00edas en los que el pr\u00f3cer andaba jugando b\u00e9isbol en terrenos de Macuspana, los f\u00edgaros de camell\u00f3n de barriada preguntaban apenas el cliente se sentaba en la silla ex profeso:<\/p>\n\n\n\n<p class=\"wp-block-paragraph\">&#8211;\u00bfC\u00f3mo quiere el corte? \u00bfCon o sin paisaje?<\/p>\n\n\n\n<p class=\"wp-block-paragraph\">Generalmente se ped\u00eda con paisaje para disfrutar de la escenograf\u00eda. Sin paisaje, para apurar el corte, era con la vista hacia el tronco del \u00e1rbol. El precio del corte de pelo salvo excepciones, como el tipo cepillo, no variaba: con o sin paisaje. El peluquero le daba gusto al cliente.<\/p>\n\n\n\n<p class=\"wp-block-paragraph\">Valga esta larga referencia para aludir al deseo externado por el lincenciadopresidente cuando la pandemia del coronavirus tocaba a la puerta de territorio azteca. Andaba por La Rumorosa, e hizo un alto en el camino y cuando platicaba con un criador de perros, alz\u00f3 la vista hacia el lomo monta\u00f1oso y se sorprendi\u00f3 al ver las h\u00e9lices de turbogeneradores de energ\u00eda e\u00f3lica.<\/p>\n\n\n\n<p class=\"wp-block-paragraph\">Y se indign\u00f3 porque estos enormes equipos afean al paisaje. Como experto sabelotodo dijo que era una aberraci\u00f3n que esos aparatos estuvieran ah\u00ed, afeando al paisaje, un atentado a la naturaleza; se ech\u00f3 el conocido rollo contra este tipo de generaci\u00f3n de energ\u00eda, cuando se indign\u00f3 porque los turbogeneradores en la zona de La Ventosa, en Oaxaca, hab\u00edan sido instalados contra la voluntad de algunos ind\u00edgenas de esa localidad.<\/p>\n\n\n\n<p class=\"wp-block-paragraph\">Y como sus deseos son \u00f3rdenes y para que no haya m\u00e1s parques generadores de energ\u00eda e\u00f3lica que afeen el paisaje, porque ahora nos resulta ecologistas, defensor de la naturaleza, aunque el Tren Maya est\u00e9 programado con ma\u00f1osas autorizaciones otorgadas por la Semarnat, y tenga la oposici\u00f3n de ind\u00edgenas mayas, por citar a una de las etnias de aquella zona de la Pen\u00ednsula de Yucat\u00e1n.<\/p>\n\n\n\n<p class=\"wp-block-paragraph\">Total, par\u00e1frasis de Armando Ram\u00edrez, \u00bfqu\u00e9 tanto es tantito?, si se trata de una de las ideas anti neoliberales por m\u00e1s que fara\u00f3nicas del se\u00f1orpresidente, el asunto es que hab\u00eda que encontrar la mejor forma de darle gusto y evitar la proliferaci\u00f3n de esos rehiletes grandototes y de los paneles generadores de energ\u00eda solar, porque tambi\u00e9n afean al paisaje.<\/p>\n\n\n\n<p class=\"wp-block-paragraph\">Y he aqu\u00ed que mientras los mexicanos andamos en la preocupaci\u00f3n de qu\u00e9 puede pasar con el Covid-19 que hasta el inicio de la semana hab\u00eda superado los cinco mil muertos, supuestamente de la oficina de la ingeniera Roc\u00edo Nahle, secretaria de Energ\u00eda e impulsora de la refiner\u00eda de Dos Bocas, en la zona de Para\u00edso, Tabasco, sali\u00f3 una idea que al mejor estilo del sabadazo que amaina esc\u00e1ndalos, el viernes 15 se public\u00f3 con en el Diario Oficial de la Federaci\u00f3n con car\u00e1cter de decreto que emite la&nbsp;Pol\u00edtica de Confiabilidad, Seguridad, Continuidad y Calidad&nbsp;en el&nbsp;Sistema El\u00e9ctrico Nacional.<\/p>\n\n\n\n<p class=\"wp-block-paragraph\">La reacci\u00f3n inmediata fue de los embajadores de once naciones de la Uni\u00f3n Europea y de Canad\u00e1, acreditados en M\u00e9xico, que pidieron a la ingeniera Nahle reconsiderar esa decisi\u00f3n que atenta contra millonarios proyectos de inversi\u00f3n y obras que est\u00e1n en proceso en M\u00e9xico. Pero nada, nada.&nbsp;<\/p>\n\n\n\n<p class=\"wp-block-paragraph\">La secretaria de Energ\u00eda se mantuvo en lo dicho y en respaldo suyo entr\u00f3 el licenciado L\u00f3pez Obrador, justamente en la ma\u00f1anera con la espada desenvainada y descalific\u00f3 y acus\u00f3 y estigmatiz\u00f3 a los empresarios en general que, dijo, se beneficiaron de la reforma energ\u00e9tica aprobada en la administraci\u00f3n del licenciado Pe\u00f1a Nieto, pero igual desde aquellos d\u00edas en los que el tambi\u00e9n licenciado Carlos Salinas de Gortari abri\u00f3 la puerta a la inversi\u00f3n privada en la generaci\u00f3n de energ\u00eda el\u00e9ctrica.<\/p>\n\n\n\n<p class=\"wp-block-paragraph\">Si el licenciado Adolfo L\u00f3pez Mateos viviera, seguro le habr\u00eda recordado al inquilino de Palacio y a la ingeniera Nahle, que lo que \u00e9l nacionaliz\u00f3 est\u00e1 bien resguardado por la Constituci\u00f3n, pero en una econom\u00eda de mercado no se puede prescindir de la inversi\u00f3n privada porque el gobierno federal no tiene todos los recursos para atender las necesidades de una naci\u00f3n en desarrollo.<\/p>\n\n\n\n<p class=\"wp-block-paragraph\">Parece simple la ecuaci\u00f3n, por m\u00e1s que ahora salgan los expertos constitucionalistas y patrioteros que se envuelven en el l\u00e1baro patrio para despe\u00f1arse desde la banqueta. \u00bfPol\u00edticos, funcionarios p\u00fablicos y empresarios han hecho negocios malsanos con la explotaci\u00f3n petrolera y la generaci\u00f3n de electricidad?<\/p>\n\n\n\n<p class=\"wp-block-paragraph\">Hay que investigarlos y procesarlos, para eso est\u00e1 la ley. Pero hacerlos a un lado, con las consecuencias econ\u00f3micas que entra\u00f1an litigios en tribunales internacionales, es un desprop\u00f3sito sustentado en una realidad que los genios de la 4T no previeron.<\/p>\n\n\n\n<p class=\"wp-block-paragraph\">La ingeniera Nahle aduce que \u201cel a\u00f1o pasado en pico m\u00e1s alto de demanda, que fue en la semana 29 de 2019, el consumo fue de 50 mil megawatts, entonces tenemos un excedente de 30 mil megawatts, Afortunadamente tenemos un exceso de electricidad en el pa\u00eds, por eso es muy importante poner orden en el pa\u00eds\u201d. \u00bfEse excedente ser\u00e1 permanente? En la Pen\u00ednsula de Yucat\u00e1n no dicen lo mismo, porque es una regi\u00f3n de frecuentes apagones y tambi\u00e9n donde la administraci\u00f3n del licenciado L\u00f3pez Obrador descalific\u00f3 a la generaci\u00f3n de energ\u00eda e\u00f3lica.<\/p>\n\n\n\n<p class=\"wp-block-paragraph\">Bueno, la ingeniera Roc\u00edo Nahle declar\u00f3 ayer lo que se considera una decisi\u00f3n que atiende a la voluntad del se\u00f1orpresidente: el&nbsp;decreto&nbsp;gubernamental, estipulado en el&nbsp;acuerdo&nbsp;por el que se emite la&nbsp;Pol\u00edtica de Confiabilidad, Seguridad, Continuidad y Calidad&nbsp;en el&nbsp;Sistema El\u00e9ctrico Nacional&nbsp;&nbsp;no ahuyenta a la inversi\u00f3n&nbsp;en el pa\u00eds y&nbsp;es&nbsp;irreversible.<\/p>\n\n\n\n<p class=\"wp-block-paragraph\">Y qu\u00e9 dice el licenciado L\u00f3pez Obrador. Bueno, en la ma\u00f1anera un reportero casualmente le pidi\u00f3 su opini\u00f3n respecto de la batalla legal que anuncio el consejo Coordinador Empresarial contra, dijo, \u201cel Plan Energ\u00e9tico de su administraci\u00f3n\u201d<\/p>\n\n\n\n<p class=\"wp-block-paragraph\">Don Andr\u00e9s Manuel no llevaba preparada la respuesta pero acus\u00f3, sin pre\u00e1mbulos, total, la pregunta estaba sembrada:&nbsp;<\/p>\n\n\n\n<p class=\"wp-block-paragraph\">\u201cSe hab\u00edan apoderado del sector energ\u00e9tico, en particular de la industria petrolera y de la industria el\u00e9ctrica; y estaban conspirando para destruir a Pemex y a la Comisi\u00f3n Federal de Electricidad, y hay constancia de lo que estoy diciendo\u201d.<\/p>\n\n\n\n<p class=\"wp-block-paragraph\">Sostuvo que \u201cse entregaron contratos en el caso de Pemex, se dej\u00f3 de invertir para que se dejara de producir petr\u00f3leo, se entregaron estos contratos a particulares, con la llamada reforma energ\u00e9tica y seg\u00fan esos contratos, y as\u00ed lo dijeron, enga\u00f1ando a todo el pueblo, iban a significar m\u00e1s producci\u00f3n petrolera y m\u00e1s beneficios\u201d.<\/p>\n\n\n\n<p class=\"wp-block-paragraph\">Casualmente esta decisi\u00f3n con todo y sus fundamento de conspiraci\u00f3n, ocurre en la cresta de la crisis que tiene a Pemex en a loca, con una multimillonaria deuda. Y aun as\u00ed, sin negociaci\u00f3n y con la previsi\u00f3n de procesar a los responsables de esas causas esgrimidas, ahuyentan a la inversi\u00f3n. Les vali\u00f3 un pito el argumento de los embajadores de la UE y de Canad\u00e1.<\/p>\n\n\n\n<p class=\"wp-block-paragraph\">\u00bfHay pillos de cuello blanco? Sin duda, los empresarios no son hermanas de la caridad.<\/p>\n\n\n\n<p class=\"wp-block-paragraph\">Y el licenciado dice que \u201cest\u00e1n en todos sus derechos de acudir a los tribunales, como tambi\u00e9n nosotros tenemos el derecho de hacerlo en el marco de la legalidad vigente y en defensa de los intereses de los mexicanos. Si no ponemos orden pues va a seguir lo mismo, la corrupci\u00f3n, van a seguir viendo a M\u00e9xico como tierra de conquista\u201d.&nbsp;<\/p>\n\n\n\n<p class=\"wp-block-paragraph\">Vaya casualidades justicieras y patriotas cuando M\u00e9xico enfrenta una epidemia sanitaria. Tiempo, incluso, para deslizar una propuesta de Alfonso Ram\u00edrez Cuellar cubierta con piel de oveja. Creen que los mexicanos preferimos que nos tomen el pelo sin paisajito. Conste.<\/p>\n\n\n\n<p class=\"wp-block-paragraph\"><a href=\"mailto:sanchezlimon@gmail.com\" target=\"_blank\" rel=\"noreferrer noopener\">sanchezlimon@gmail.com<\/a><\/p>\n\n\n\n<p class=\"wp-block-paragraph\"><a href=\"http:\/\/www.entresemana.mx\/\" target=\"_blank\" rel=\"noreferrer noopener\">www.entresemana.mx<\/a><\/p>\n\n\n\n<p class=\"wp-block-paragraph\">@msanchezlimon&nbsp;<br><\/p>\n","protected":false},"excerpt":{"rendered":"<p>Con o sin paisaje\u2026<\/p>\n","protected":false},"author":3,"featured_media":15805,"comment_status":"open","ping_status":"open","sticky":false,"template":"","format":"standard","meta":{"_monsterinsights_skip_tracking":false,"footnotes":""},"categories":[691,105,83],"tags":[],"class_list":["post-20839","post","type-post","status-publish","format-standard","has-post-thumbnail","category-691","category-entresemana","category-moises-sanchez-limon"],"_links":{"self":[{"href":"https:\/\/redsemlac.com\/semmexico\/wp-json\/wp\/v2\/posts\/20839","targetHints":{"allow":["GET"]}}],"collection":[{"href":"https:\/\/redsemlac.com\/semmexico\/wp-json\/wp\/v2\/posts"}],"about":[{"href":"https:\/\/redsemlac.com\/semmexico\/wp-json\/wp\/v2\/types\/post"}],"author":[{"embeddable":true,"href":"https:\/\/redsemlac.com\/semmexico\/wp-json\/wp\/v2\/users\/3"}],"replies":[{"embeddable":true,"href":"https:\/\/redsemlac.com\/semmexico\/wp-json\/wp\/v2\/comments?post=20839"}],"version-history":[{"count":0,"href":"https:\/\/redsemlac.com\/semmexico\/wp-json\/wp\/v2\/posts\/20839\/revisions"}],"wp:featuredmedia":[{"embeddable":true,"href":"https:\/\/redsemlac.com\/semmexico\/wp-json\/wp\/v2\/media\/15805"}],"wp:attachment":[{"href":"https:\/\/redsemlac.com\/semmexico\/wp-json\/wp\/v2\/media?parent=20839"}],"wp:term":[{"taxonomy":"category","embeddable":true,"href":"https:\/\/redsemlac.com\/semmexico\/wp-json\/wp\/v2\/categories?post=20839"},{"taxonomy":"post_tag","embeddable":true,"href":"https:\/\/redsemlac.com\/semmexico\/wp-json\/wp\/v2\/tags?post=20839"}],"curies":[{"name":"wp","href":"https:\/\/api.w.org\/{rel}","templated":true}]}}