{"id":20833,"date":"2020-05-19T17:10:09","date_gmt":"2020-05-19T17:10:09","guid":{"rendered":"https:\/\/redsemlac.com\/semmexico\/?p=20833"},"modified":"2023-07-21T16:19:13","modified_gmt":"2023-07-21T21:19:13","slug":"ricardo-monreal-descarta-reforma-a-inegi-y-sat","status":"publish","type":"post","link":"https:\/\/redsemlac.com\/semmexico\/ricardo-monreal-descarta-reforma-a-inegi-y-sat\/","title":{"rendered":"Ricardo Monreal descarta reforma a INEGI y SAT"},"content":{"rendered":"\n<p class=\"wp-block-paragraph\"><strong>Redacci\u00f3n<\/strong><\/p>\n\n\n\n<p class=\"wp-block-paragraph\">SemM\u00e9xico. Ciudad de M\u00e9xico. 19 de mayo 2020.- En el Senado de la Rep\u00fablica se actuar\u00e1 con responsabilidad pol\u00edtica, siempre con di\u00e1logo y en b\u00fasqueda de consensos, afirm\u00f3 el senador, Ricardo Monreal, al descartar de manera tajante alguna posibilidad de cambiar facultades al SAT o al INEGI.<\/p>\n\n\n\n<p class=\"wp-block-paragraph\">\u00abQuiero decirles con toda contundencia que, en el\nSenado no hay iniciativa alguna para poder ampliar y otorgar nuevas facultades\nal INEGI\u00bb, dijo el pol\u00edtico.<\/p>\n\n\n\n<figure class=\"wp-block-video alignleft\"><video height=\"640\" style=\"aspect-ratio: 352 \/ 640;\" width=\"352\" controls src=\"https:\/\/redsemlac.com\/semmexico\/wp-content\/uploads\/2020\/05\/WhatsApp-Video-2020-05-18-at-5.00.52-PM.mp4\"><\/video><\/figure>\n\n\n\n<p class=\"wp-block-paragraph\">\u00abLa pandemia traer\u00e1 un nuevo orden mundial que todas y todos debemos dise\u00f1ar y avalar. En el Senado de la Rep\u00fablica no existe iniciativa sobre nuevas facultades del INEGI o del SAT, as\u00ed que actuaremos con prudencia y responsabilidad. No abandonemos el di\u00e1logo, es la mejor v\u00eda\u00bb, se\u00f1al\u00f3 el legislador morenista.<\/p>\n\n\n\n<p class=\"wp-block-paragraph\">Se ha generado confusi\u00f3n y polarizaci\u00f3n, un manifiesto del\npresidente de Morena implica una propuesta que a\u00fan no se ha discutido en las\nbases pol\u00edticas de Morena y que se refiere a la progresividad&nbsp; fiscal.<\/p>\n\n\n\n<p class=\"wp-block-paragraph\">Tampoco hay ninguna iniciativa que est\u00e9 proponiendo ampliar las facultades del SAT para estos prop\u00f3sitos de observar patrimonio, riqueza o capital. Les ofrecemos que cualquier nueva disposici\u00f3n que conforme el nuevo orden mundial lo vamos a discutir y a consensuar; \u00abaunque seamos mayor\u00eda, vamos a actuar de manera prudente y con consenso\u00bb, afirm\u00f3.<\/p>\n\n\n\n<p class=\"wp-block-paragraph\">El di\u00e1logo es siempre el mejor camino, afirm\u00f3 el presidente\nde la Junta de Coordinaci\u00f3n Pol\u00edtica del Senado en un videomensaje.<\/p>\n","protected":false},"excerpt":{"rendered":"<p>Se ha generado confusi\u00f3n y polarizaci\u00f3n, un manifiesto del presidente de Morena implica una propuesta que a\u00fan no se ha discutido en las bases pol\u00edticas de Morena y que se refiere a la progresividad  fiscal<\/p>\n","protected":false},"author":3,"featured_media":20834,"comment_status":"open","ping_status":"open","sticky":false,"template":"","format":"standard","meta":{"_monsterinsights_skip_tracking":false,"footnotes":""},"categories":[691,50],"tags":[],"class_list":["post-20833","post","type-post","status-publish","format-standard","has-post-thumbnail","category-691","category-congreso"],"_links":{"self":[{"href":"https:\/\/redsemlac.com\/semmexico\/wp-json\/wp\/v2\/posts\/20833","targetHints":{"allow":["GET"]}}],"collection":[{"href":"https:\/\/redsemlac.com\/semmexico\/wp-json\/wp\/v2\/posts"}],"about":[{"href":"https:\/\/redsemlac.com\/semmexico\/wp-json\/wp\/v2\/types\/post"}],"author":[{"embeddable":true,"href":"https:\/\/redsemlac.com\/semmexico\/wp-json\/wp\/v2\/users\/3"}],"replies":[{"embeddable":true,"href":"https:\/\/redsemlac.com\/semmexico\/wp-json\/wp\/v2\/comments?post=20833"}],"version-history":[{"count":0,"href":"https:\/\/redsemlac.com\/semmexico\/wp-json\/wp\/v2\/posts\/20833\/revisions"}],"wp:featuredmedia":[{"embeddable":true,"href":"https:\/\/redsemlac.com\/semmexico\/wp-json\/wp\/v2\/media\/20834"}],"wp:attachment":[{"href":"https:\/\/redsemlac.com\/semmexico\/wp-json\/wp\/v2\/media?parent=20833"}],"wp:term":[{"taxonomy":"category","embeddable":true,"href":"https:\/\/redsemlac.com\/semmexico\/wp-json\/wp\/v2\/categories?post=20833"},{"taxonomy":"post_tag","embeddable":true,"href":"https:\/\/redsemlac.com\/semmexico\/wp-json\/wp\/v2\/tags?post=20833"}],"curies":[{"name":"wp","href":"https:\/\/api.w.org\/{rel}","templated":true}]}}