{"id":20787,"date":"2020-05-18T17:50:17","date_gmt":"2020-05-18T17:50:17","guid":{"rendered":"https:\/\/redsemlac.com\/semmexico\/?p=20787"},"modified":"2023-07-21T16:19:14","modified_gmt":"2023-07-21T21:19:14","slug":"opinion-510","status":"publish","type":"post","link":"https:\/\/redsemlac.com\/semmexico\/opinion-510\/","title":{"rendered":"Botella al Mar"},"content":{"rendered":"\n<h2 class=\"wp-block-heading\"> Quien no quiere ver\u2026 <\/h2>\n\n\n\n<p class=\"wp-block-paragraph\"><strong>Martha Canseco Gonz\u00e1lez<\/strong><\/p>\n\n\n\n<p class=\"wp-block-paragraph\">SemM\u00e9xico, 18 de mayo, 2020.- El 25 de febrero\npasado di un taller de vocer\u00eda feminista para algunos organismos de la sociedad\ncivil de Hidalgo dedicados a la defensa de los Derechos Humanos. En otro tipo\nde capacitaciones hemos puesto los escenarios m\u00e1s dif\u00edciles que se puedan\npresentar. As\u00ed hicimos carteles para personas con debilidad visual y mensajes\nde audio para gente con sordera.<\/p>\n\n\n\n<p class=\"wp-block-paragraph\">Aqu\u00ed no fue la excepci\u00f3n, ped\u00ed que se pusieran en la\npostura m\u00e1s inconcebible y aberrante ante la cu\u00e1l tener que hacer un pronunciamiento\na trav\u00e9s de una vocera o vecero. Alguien sugiri\u00f3 el feminicidio de Beatriz\nGuti\u00e9rrez M\u00fcller, un escalofr\u00edo nos recorri\u00f3 la espalda s\u00f3lo de pensarlo, pero\nnos qued\u00f3 claro que incluso a ella le pueden violentar sus derechos humanos,\ncomo el m\u00e1s fundamental, el derecho a la vida por su mera condici\u00f3n de mujer y\nque la m\u00e1xima representaci\u00f3n del poder en nuestro pa\u00eds, tendr\u00eda entonces que\nacatarse a lo que dicta la ley al respecto.<\/p>\n\n\n\n<p class=\"wp-block-paragraph\">Hay muchas maneras de matar a una mujer en este\nsistema patriarcal, no solo de manera f\u00edsica, tambi\u00e9n social, cultural o\nintelectualmente. De hecho, ya est\u00e1 identificado el primer feminicidio\nmedi\u00e1tico de la historia, se trata del caso de Cristina Fern\u00e1ndez de Kirchner en\nArgentina, quien, siendo presidenta del pa\u00eds austral, fue literalmente\ncrucificada por los medios de comunicaci\u00f3n, la mayor\u00eda a manos de empresarios.<\/p>\n\n\n\n<p class=\"wp-block-paragraph\">D\u00edas despu\u00e9s del taller de vocer\u00eda, con asombro vi\ncomo Beatriz Guti\u00e9rrez M\u00fcller, apoyaba abiertamente en sus redes sociales la\nmarcha y el paro de mujeres del 8 y 9 de marzo y horas despu\u00e9s se desdec\u00eda. Ya\nimagino la escena en la casa presidencial. \u00a1Ser\u00e1s muy Doctora en Teor\u00eda\nLiteraria y feminista, pero aqu\u00ed yo soy el presidente y me apoyas! Y lo puedo\nimaginar muy bien porque lo vi en mi hogar. Una ocasi\u00f3n durante un incidente de\ntr\u00e1nsito, mi pap\u00e1 exigi\u00f3 que mi mam\u00e1 le apoyara, aunque era evidente que \u00e9l\nhab\u00eda cometido la imprudencia. Mi mam\u00e1 no cedi\u00f3, se hab\u00eda cansado de decirle\nque manejara con precauci\u00f3n.<\/p>\n\n\n\n<p class=\"wp-block-paragraph\">Es en la mayor\u00eda de las familias mexicanas, donde se\nreproducen rabiosamente los roles y los estereotipos de g\u00e9nero y el primer\nsitio donde se somete y esclaviza a las mujeres, para sostener la hegemon\u00eda\nmasculina. Y no lo digo yo, lo indican as\u00ed los datos de la ENDIREH, las\nencuestas que ha hecho el INMUJERES, las investigaciones de decenas de\nUniversidades.<\/p>\n\n\n\n<p class=\"wp-block-paragraph\">Por eso que Andr\u00e9s Manuel L\u00f3pez Obrador haya\ndesestimado el movimiento de mujeres, se\u00f1alando que era una maniobra de la oposici\u00f3n,\nes no querer estar al tanto de la situaci\u00f3n de la mayor\u00eda de las mexicanas. Por\nsupuesto que hay anti L\u00f3pez Obradoristas en los grupos de mujeres, pero hay\ncaldo de cultivo, porque lo que nos une no es la oposici\u00f3n chabacana, sino que\nnos est\u00e1n matando y violentando, esa es la raz\u00f3n.<\/p>\n\n\n\n<p class=\"wp-block-paragraph\">Que, desoyendo lo que dicen las encuestas haya\nasegurado que en la mayor\u00eda de las familias mexicanas hay fraternidad, es de\nuna inocencia abismal. Y que sin an\u00e1lisis y sin cifras haya afirmado que el 90\npor ciento de las denuncias hechas a los tel\u00e9fonos de emergencia y de apoyo a\nlas mujeres son falsas, raya en la calumnia criminal. Vamos solo hizo uso de su\nprivilegio masculino, \u00a1porque yo lo digo!<\/p>\n\n\n\n<p class=\"wp-block-paragraph\">Para m\u00ed, \u00a1la tercera es la vencida, me siento\ntraicionada!<\/p>\n\n\n\n<p class=\"wp-block-paragraph\">Hace casi dos a\u00f1os, tuve algo muy claro, no quer\u00eda\nni de lejos al PRI, al PAN o al PRD en la presidencia ni en los congresos por\neso corr\u00ed a votar por AMLO y por MORENA. \u00a1Nunca me imagin\u00e9 que el tema de los\nderechos humanos de las mexicanas, fuera la causa del arrepentimiento del\nsentido de mi voto!<\/p>\n\n\n\n<p class=\"wp-block-paragraph\">Eso s\u00ed, no se vayan con la finta jam\u00e1s voy estar a\nfavor del regreso de los viejos reg\u00edmenes y mucho menos de la colusi\u00f3n perversa\nde pol\u00edticos y empresarios, seguir\u00e9 estando a favor de los derechos humanos y\ndel bienestar de las mayor\u00edas.<\/p>\n\n\n\n<p class=\"wp-block-paragraph\">Me es claro que la 4T est\u00e1 alcanzando para varias\ncosas, pero que no alcanzar\u00e1 para las mujeres de este pa\u00eds y que tenemos un\npresidente machista y mis\u00f3gino. <\/p>\n\n\n\n<p class=\"wp-block-paragraph\">A las feministas que est\u00e1n en el gabinete, les digo,\n\u00a1ya no se puede defender lo indefendible!, tienen que tomar una decisi\u00f3n.<\/p>\n\n\n\n<p class=\"wp-block-paragraph\">Quien no quiere ver\u2026no ve\u2026pero quien ve\u2026ya no puede\ndejar de ver.<\/p>\n\n\n\n<p class=\"wp-block-paragraph\">Por eso le digo a AMLO, \u00a1no se haga bolas!, fuimos\nlas mujeres quienes lo llevamos a Palacio Nacional, porque la mayor\u00eda de las\nque votamos fuimos las mexicanas. S\u00ed, usted es congruente entre lo que dice y\nhace, en poco tiempo tendremos un plebiscito para determinar si sigue o no en\nel cargo. Podemos ser las mujeres tambi\u00e9n quienes lo saquemos de la silla presidencial.<\/p>\n\n\n\n<p class=\"wp-block-paragraph\">botellalmar2017@gmail.com<\/p>\n","protected":false},"excerpt":{"rendered":"<p>Quien no quiere ver\u2026<\/p>\n","protected":false},"author":3,"featured_media":9095,"comment_status":"open","ping_status":"open","sticky":false,"template":"","format":"standard","meta":{"_monsterinsights_skip_tracking":false,"footnotes":""},"categories":[691,98,84],"tags":[],"class_list":["post-20787","post","type-post","status-publish","format-standard","has-post-thumbnail","category-691","category-botella-al-mar","category-martha-canseco"],"_links":{"self":[{"href":"https:\/\/redsemlac.com\/semmexico\/wp-json\/wp\/v2\/posts\/20787","targetHints":{"allow":["GET"]}}],"collection":[{"href":"https:\/\/redsemlac.com\/semmexico\/wp-json\/wp\/v2\/posts"}],"about":[{"href":"https:\/\/redsemlac.com\/semmexico\/wp-json\/wp\/v2\/types\/post"}],"author":[{"embeddable":true,"href":"https:\/\/redsemlac.com\/semmexico\/wp-json\/wp\/v2\/users\/3"}],"replies":[{"embeddable":true,"href":"https:\/\/redsemlac.com\/semmexico\/wp-json\/wp\/v2\/comments?post=20787"}],"version-history":[{"count":0,"href":"https:\/\/redsemlac.com\/semmexico\/wp-json\/wp\/v2\/posts\/20787\/revisions"}],"wp:featuredmedia":[{"embeddable":true,"href":"https:\/\/redsemlac.com\/semmexico\/wp-json\/wp\/v2\/media\/9095"}],"wp:attachment":[{"href":"https:\/\/redsemlac.com\/semmexico\/wp-json\/wp\/v2\/media?parent=20787"}],"wp:term":[{"taxonomy":"category","embeddable":true,"href":"https:\/\/redsemlac.com\/semmexico\/wp-json\/wp\/v2\/categories?post=20787"},{"taxonomy":"post_tag","embeddable":true,"href":"https:\/\/redsemlac.com\/semmexico\/wp-json\/wp\/v2\/tags?post=20787"}],"curies":[{"name":"wp","href":"https:\/\/api.w.org\/{rel}","templated":true}]}}