{"id":20785,"date":"2020-05-18T17:47:54","date_gmt":"2020-05-18T17:47:54","guid":{"rendered":"https:\/\/redsemlac.com\/semmexico\/?p=20785"},"modified":"2023-07-21T16:19:14","modified_gmt":"2023-07-21T21:19:14","slug":"miradas-de-reportero-34","status":"publish","type":"post","link":"https:\/\/redsemlac.com\/semmexico\/miradas-de-reportero-34\/","title":{"rendered":"Miradas de Reportero"},"content":{"rendered":"\n<h2 class=\"wp-block-heading\"> Sanjuana y el tiradero en Notimex  <\/h2>\n\n\n\n<p class=\"wp-block-paragraph\"><strong>Rogelio Hern\u00e1ndez L\u00f3pez<\/strong><\/p>\n\n\n\n<p class=\"wp-block-paragraph\">SemM\u00e9xico,\n18 de mayo, 2020.- Antes de aceptar el nombramiento como Directora General de\nNotimex, Sanjuana la periodista, deb\u00eda saber que la agencia de noticias del\nEstado Mexicano hab\u00eda deca\u00eddo en varios aspectos y que su recomposici\u00f3n ser\u00eda\nextremadamente dif\u00edcil. <\/p>\n\n\n\n<p class=\"wp-block-paragraph\">En\npresidencia tambi\u00e9n sab\u00edan algunas referencias de la reportera, de su\npersistencia en investigar casos dif\u00edciles, de sus premios y de persecuciones\nque padeci\u00f3 por varios de sus trabajos.<\/p>\n\n\n\n<p class=\"wp-block-paragraph\">Pero\nnadie calcul\u00f3 que estorbar\u00edan, para un rescate terso de la agencia, su estilo\nperiod\u00edstico controvertible y su estilo personal muy bragado al estilo norte\u00f1o,\nde enojo f\u00e1cil con reacciones bruscas y altisonantes.<\/p>\n\n\n\n<p class=\"wp-block-paragraph\">As\u00ed, en\n14 meses ella y la empresa se tornaron en parajes abiertos para la abundancia\nde quejas justificadas y tiros intencionales de cazadores furtivos.<\/p>\n\n\n\n<p class=\"wp-block-paragraph\">Para el\nan\u00e1lisis deben recordarse dos causas generales del tiradero que encontr\u00f3\nSanjuana: estructura mal construida y un sindicato como tranca.<\/p>\n\n\n\n<p class=\"wp-block-paragraph\"><strong>Perfiles err\u00f3neos<\/strong><\/p>\n\n\n\n<p class=\"wp-block-paragraph\">Todas\nlas corrientes sociol\u00f3gicas recomiendan perfiles directivos para la\nconstrucci\u00f3n de instituciones p\u00fablicas: gente con experiencia en su campo; sensibilidad\npara la funci\u00f3n social; capacidades organizativas con habilidades para crear\nconsensos y, sobre todo, visi\u00f3n para el desarrollo.<\/p>\n\n\n\n<p class=\"wp-block-paragraph\">Con\nperfiles cercanos a esa condici\u00f3n, varios directores de la empresa parec\u00edan ir\nen el sendero de construir una agencia informativa y distanciarla poco a poco\ndel ingerencismo gubernamental en la l\u00ednea editorial.<\/p>\n\n\n\n<p class=\"wp-block-paragraph\">Entre\ndificultades, con altas y bajas, sobre todo de presupuestos financieros, aportaron\nlos periodistas Miguel L\u00f3pez Azuara y Carlos Ferreyra Carrasco (1982-1983),\nH\u00e9ctor Manuel Ezeta (83-88), Raymundo Riva Palacio (88-90), Pablo Hiriart\n(90-92), Rub\u00e9n \u00c1lvarez (92-94), Jorge Medina Viedas (94-2000). Seis direcciones\nen 18 a\u00f1os con un sentido similar.<\/p>\n\n\n\n<p class=\"wp-block-paragraph\">Pero\ncon la alternancia en la Presidencia lleg\u00f3 la inestabilidad. 12 directores en 18\na\u00f1os, del 2000 al 2018. No todos periodistas experimentados, demasiadas\nvisiones y sentidos para desarrollar la agencia. Se perdi\u00f3 el perfil.<\/p>\n\n\n\n<p class=\"wp-block-paragraph\">Con Vicente\nFox: Francisco Ortiz Pinchetti (2000-01), Pedro Tam\u00e9s (encargado, 01-02), Jos\u00e9\nAntonio D\u00edaz (02-03), Enrique Aranda (03-05), Aurelio Bueno Hern\u00e1ndez (05-06).<\/p>\n\n\n\n<p class=\"wp-block-paragraph\">Con Felipe\nCalder\u00f3n: Juan Pablo Mu\u00f1oz (encargado, 07-08), Sergio Uzeta (07-11), Gabino\nTrejo Guerrero (encargado 11) y H\u00e9ctor Villarreal (2011-2012). <\/p>\n\n\n\n<p class=\"wp-block-paragraph\"><strong>Sindicato\ndesfigurado<\/strong><\/p>\n\n\n\n<p class=\"wp-block-paragraph\">Desde\nantes la llegada de Vicente Fox, entre periodistas intercambi\u00e1bamos datos de\nc\u00f3mo la decadencia comenz\u00f3 desde que tantos directivos inestables y diversos toleraron\nque el sindicato fuese ocupando vac\u00edos de direcci\u00f3n y se fuera decantando. <\/p>\n\n\n\n<p class=\"wp-block-paragraph\">Sutnotimex,\nperdi\u00f3 la esencia como defensor de trabajadores y promotor de la unidad con\notro sindicatos y organizaciones por derechos de periodistas y otros\ntrabajadores de la comunicaci\u00f3n.<\/p>\n\n\n\n<p class=\"wp-block-paragraph\">Al\niniciar el sexenio de Enrique Pe\u00f1a Nieto, con el encargado de la Direcci\u00f3n,\nHugo Morales Galv\u00e1n comenzaron a ser m\u00e1s visibles los conflictos con los\ndirigentes del sindicato que tomaban decisiones editoriales, controlaban la\ncontrataci\u00f3n de profesionales y obten\u00edan recursos fuera del contrato colectivo.\nEse perfil de sindicato se consolid\u00f3 con Alejandro Ramos Esquivel, el director\ngeneral de 2013 a 2018.<\/p>\n\n\n\n<p class=\"wp-block-paragraph\"><strong>Entonces\nlleg\u00f3 Sanjuana<\/strong><\/p>\n\n\n\n<p class=\"wp-block-paragraph\">\u201cSanjuana\nMart\u00ednez Montemayor &#8211;dice su ficha en Wikipedia&#8211; naci\u00f3 en Monterrey en 1963\u2026\nespecializada en el periodismo de investigaci\u00f3n. Ha sido reconocida con el\nPremio Nacional de Periodismo en 2006 y el Premio Ortega y Gasset en 2008\u201d. \u200b\nFue presentada como Directora General de Notimex el 23 de enero de 2019 y\nasumi\u00f3 el 21 de marzo.<\/p>\n\n\n\n<p class=\"wp-block-paragraph\">En esos\nmeses hubo expresiones de descontento, no tantas por su perfil de periodista\npol\u00e9mica, sino por el despido de todos los corresponsales en el extranjero a\nfines de 2018. Ella no intervino para liquidarles, reinstalarlos o\nsustituirlos.<\/p>\n\n\n\n<p class=\"wp-block-paragraph\">En julio\nde 2019, una oleada de quejas, manifestaciones y cr\u00edticas por despidos masivos,\npor hacer denuncias penales y en la Funci\u00f3n P\u00fablica de exdirectivos y de\nexdirigentes de Sutnotimex.<\/p>\n\n\n\n<p class=\"wp-block-paragraph\">Al\niniciar 2020 m\u00e1s pol\u00e9micas por litigios en la Junta Federal de Conciliaci\u00f3n y\nArbitraje, por impulsar la creaci\u00f3n de otro sindicato, por el estallamiento legal\nde una huelga legal de Sutnotimex, por el cambio de sede de operaciones a pesar\nde estar en huelga. Ella acepta que son 300 o m\u00e1s los despedidos.<\/p>\n\n\n\n<p class=\"wp-block-paragraph\">Las\ncr\u00edticas a SanJuana se intensificaron el 3 de mayo por la prolongaci\u00f3n de la\nhuelga y por un reporte especial de <em>El Sol de M\u00e9xico<\/em> donde se califica a\nla agencia como el <em>\u201cpatito feo de los medios p\u00fablicos de M\u00e9xico\u201d<\/em>. Ella\nmand\u00f3 una carta de replica que no le publicaron.<\/p>\n\n\n\n<p class=\"wp-block-paragraph\">Despu\u00e9s,\nel d\u00eda 12 la Junta Federal de Conciliaci\u00f3n y Arbitraje emiti\u00f3 la advertencia de\nque podr\u00eda multar a la agencia con m\u00e1s de los 400 mil pesos \u201cde no parar sus\noperaciones\u201d. Le record\u00f3 que la huelga (estallada el 21 de febrero) fue\ndeclarada \u00ablegalmente existente\u00bb el 4 de marzo.<\/p>\n\n\n\n<p class=\"wp-block-paragraph\">El\nmismo d\u00eda circul\u00f3 una denuncia de la organizaci\u00f3n de origen ingl\u00e9s Art\u00edculo 19,\nAristegui Noticias y Signa_Lab[1] del Instituto Tecnol\u00f3gico y de Estudios\nSuperiores de Occidente (ITESO), porque \u201ctienen en su poder informaci\u00f3n y\ntestimonios coincidentes que se\u00f1alan que personas directivas de la Agencia de\nNoticias del Estado (Notimex) realizan acciones coordinadas en redes sociales\npara acosar y agredir periodistas y extrabajadores que consideran\n\u201cadversarias\u201d.<\/p>\n\n\n\n<p class=\"wp-block-paragraph\"><strong>Sus\nprimeras defensas p\u00fablicas<\/strong><\/p>\n\n\n\n<p class=\"wp-block-paragraph\">Ambos\nasuntos atizaron m\u00e1s los se\u00f1alamientos a Sanjuana y ahora s\u00ed respondi\u00f3\nabiertamente al aceptar entrevistas con Carmen Aristegui, Julio Astillero y\nLuis Guillermo Hern\u00e1ndez para el canal digital RompevientoTV. En todas neg\u00f3 que\nalguien de su administraci\u00f3n realizar\u00e1 \u201cguerra sucia\u201d en redes sociales contra\nnadie y al contrario que ella sufr\u00eda ese \u201cgolpete\u00f3 y que lo hab\u00eda denunciado en\nla fiscal\u00eda general de la rep\u00fablica. Falta esa investigaci\u00f3n oficial.<\/p>\n\n\n\n<p class=\"wp-block-paragraph\">Pero no\nbajaron las cr\u00edticas. El jueves 14 en el portal digital de la agencia se emiti\u00f3\nun comunicado oficial con el t\u00edtulo: <strong><em>El precio que hay que pagar por\ncombatir la corrupci\u00f3n, <\/em><\/strong>donde se resumen sus argumentos extendidos en\nlas entrevistas, especialmente contra los l\u00edderes del Sutnotimex. Lo siguiente\nes una selecci\u00f3n:<\/p>\n\n\n\n<p class=\"wp-block-paragraph\"><em>\u201cLa\nprimera anomal\u00eda que afrontamos es que no hubo entrega-recepci\u00f3n del anterior\ndirector, Alejandro Ramos.<\/em><\/p>\n\n\n\n<p class=\"wp-block-paragraph\"><em>\u201c\u2026se\ninici\u00f3 la investigaci\u00f3n de los contratos de servicios de equipamiento t\u00e9cnico\ncomo mobiliario, computadoras y tel\u00e9fonos. Todos ten\u00edan un sobreprecio de m\u00e1s\ndel 100 por ciento.<\/em><\/p>\n\n\n\n<p class=\"wp-block-paragraph\"><em>\u201c\n(\u2026) Al iniciar la revisi\u00f3n de la relaci\u00f3n de Notimex con el Sindicato \u2026\nidentificamos pagos al l\u00edder vitalicio Conrado Garc\u00eda Velasco, en los \u00faltimos\na\u00f1os, por concepto de \u201cayuda al sindicato\u201d, que iban desde 150 mil hasta 500\nmil pesos al mes.<\/em><\/p>\n\n\n\n<p class=\"wp-block-paragraph\"><em>\u201c\u201dEl\nl\u00edder vitalicio ten\u00eda m\u00e1s de 20 familiares en (la n\u00f3mina), incluidas sus\nparejas sentimentales<\/em><\/p>\n\n\n\n<p class=\"wp-block-paragraph\"><em>\u201cEn\nel \u00faltimo a\u00f1o, el l\u00edder vitalicio acompa\u00f1\u00f3 al director Alejandro Ramos a distintos\nviajes. San Petersburgo, Vietnam, Teher\u00e1n, Punta Cana, Mil\u00e1n, Londres, Beijing,\nHong Kong y Madrid\u2026<\/em><\/p>\n\n\n\n<p class=\"wp-block-paragraph\"><em>\u201cla\nSecretar\u00eda de la Funci\u00f3n P\u00fablica (SFP), abri\u00f3 tres investigaciones: uso\nindebido de recursos p\u00fablicos, conflicto de inter\u00e9s y tr\u00e1fico de influencias.<\/em><\/p>\n\n\n\n<p class=\"wp-block-paragraph\"><em>\u201c\u2026detectamos\nuna lista de m\u00e1s de 60 aviadores; otra de gente cercana al sindicato o de su\nComit\u00e9 Ejecutivo, que cobraban, pero llevaban entre tres y cinco a\u00f1os sin pisar\nla redacci\u00f3n;\u2026<\/em><\/p>\n\n\n\n<p class=\"wp-block-paragraph\"><em>\u201c\u2026\ninterpusimos denuncias penales contra Conrado Garc\u00eda y otros ex trabajadores:\nCEDAC-017458-2019-01 sobre el robo al erario, FED\/CDMX\/PSE\/2525\/2020 por el\nposible desv\u00edo de recursos y PGR\/DDF\/SPE-XV\/2624.<\/em><\/p>\n\n\n\n<p class=\"wp-block-paragraph\"><em>\u201c\u2026A\npesar de no haber realizado ninguna asamblea ni mucho menos elecciones, la\nSecretar\u00eda del Trabajo, a cargo de Luisa Mar\u00eda Alcalde, le entreg\u00f3 la Toma de\nNota (A Adriana Urrea). Luego sabr\u00edamos que el pap\u00e1 de la funcionaria, el\nabogado laboralista Arturo Alcalde, es asesor del sindicato mafioso de Notimex.\u201d<\/em><\/p>\n\n\n\n<p class=\"wp-block-paragraph\">Es parte\nde la versi\u00f3n de la Directora General de Notimex.<\/p>\n\n\n\n<p class=\"wp-block-paragraph\">La\nhuelga sigue. Algunos diputados y Senadores de Morena emitieron estos d\u00edas\nsendos pronunciamientos para defender que la agencia no suspenda actividades\n\u201cpor el bien mayor de la ciudadan\u00eda que necesita estar informada\u201d, lo que se\nopone a las instrucciones de la Junta de Conciliaci\u00f3n de respetar la huelga\ncomo un derecho laboral constitucional. &nbsp;Los\nconflictos seguir\u00e1n. <\/p>\n\n\n\n<p class=\"wp-block-paragraph\">Notimex,\ncomenta este reportero, tiene que continuar con su construcci\u00f3n como agencia de\ninformaci\u00f3n del Estado. Un Consejo ciudadano de a deveras ayudar\u00eda a limpiar y\nordenar su institucionalizaci\u00f3n como tal, tambi\u00e9n a cuidar que los modos o\nestilos personales de directivos o de l\u00edderes sindicales no estorben a su misi\u00f3n\nde realizar un periodismo profesional, no lucrativo, al servicio de la\nciudadan\u00eda, sin propaganda a empresas, partidos o servidores p\u00fablicos. <\/p>\n","protected":false},"excerpt":{"rendered":"<p>Sanjuana y el tiradero en Notimex <\/p>\n","protected":false},"author":3,"featured_media":8473,"comment_status":"open","ping_status":"open","sticky":false,"template":"","format":"standard","meta":{"_monsterinsights_skip_tracking":false,"footnotes":""},"categories":[691,106,85],"tags":[],"class_list":["post-20785","post","type-post","status-publish","format-standard","has-post-thumbnail","category-691","category-mirada-de-reportero","category-rogelio-hernandez-lopez"],"_links":{"self":[{"href":"https:\/\/redsemlac.com\/semmexico\/wp-json\/wp\/v2\/posts\/20785","targetHints":{"allow":["GET"]}}],"collection":[{"href":"https:\/\/redsemlac.com\/semmexico\/wp-json\/wp\/v2\/posts"}],"about":[{"href":"https:\/\/redsemlac.com\/semmexico\/wp-json\/wp\/v2\/types\/post"}],"author":[{"embeddable":true,"href":"https:\/\/redsemlac.com\/semmexico\/wp-json\/wp\/v2\/users\/3"}],"replies":[{"embeddable":true,"href":"https:\/\/redsemlac.com\/semmexico\/wp-json\/wp\/v2\/comments?post=20785"}],"version-history":[{"count":0,"href":"https:\/\/redsemlac.com\/semmexico\/wp-json\/wp\/v2\/posts\/20785\/revisions"}],"wp:featuredmedia":[{"embeddable":true,"href":"https:\/\/redsemlac.com\/semmexico\/wp-json\/wp\/v2\/media\/8473"}],"wp:attachment":[{"href":"https:\/\/redsemlac.com\/semmexico\/wp-json\/wp\/v2\/media?parent=20785"}],"wp:term":[{"taxonomy":"category","embeddable":true,"href":"https:\/\/redsemlac.com\/semmexico\/wp-json\/wp\/v2\/categories?post=20785"},{"taxonomy":"post_tag","embeddable":true,"href":"https:\/\/redsemlac.com\/semmexico\/wp-json\/wp\/v2\/tags?post=20785"}],"curies":[{"name":"wp","href":"https:\/\/api.w.org\/{rel}","templated":true}]}}