{"id":20777,"date":"2020-05-17T01:08:10","date_gmt":"2020-05-17T01:08:10","guid":{"rendered":"https:\/\/redsemlac.com\/semmexico\/?p=20777"},"modified":"2023-07-21T16:19:14","modified_gmt":"2023-07-21T21:19:14","slug":"la-actividad-empresarial-y-los-derechos-humanos-en-mexico-en-tiempos-del-coronavirus","status":"publish","type":"post","link":"https:\/\/redsemlac.com\/semmexico\/la-actividad-empresarial-y-los-derechos-humanos-en-mexico-en-tiempos-del-coronavirus\/","title":{"rendered":"La actividad empresarial y los derechos humanos en M\u00e9xico en tiempos del coronavirus"},"content":{"rendered":"\n<ul class=\"wp-block-list\"><li>En la etapa de recuperaci\u00f3n econ\u00f3mica durante esta fase de la pandemia en M\u00e9xico, veremos c\u00f3mo el sector empresarial garantiza en sus actividades los derechos humanos <\/li><\/ul>\n\n\n\n<p class=\"wp-block-paragraph\"><strong>Por: Aura Guerrero<\/strong><\/p>\n\n\n\n<p class=\"wp-block-paragraph\">SemM\u00e9xico. 16 de mayo 2020.- El movimiento internacional de derechos humanos surgi\u00f3 primordialmente como respuesta a las violaciones a la dignidad de las personas durante la Segunda Guerra Mundial. Estamos ahora viviendo otro momento hist\u00f3rico que tiene tambi\u00e9n el potencial de darle un vuelco a la forma en que los estados protegen y respetan los derechos humanos y a la manera en que las empresas asumen su responsabilidad al contribuir, causar o estar vinculadas con violaciones a los derechos humanos. <\/p>\n\n\n\n<p class=\"wp-block-paragraph\">En el 2011 el Consejo de Derechos Humanos de la ONU aprob\u00f3 los Principios Rectores sobre las Empresas y los Derechos Humanos. Estos Principios enfatizan la responsabilidad que tienen las empresas de proteger y respetar los derechos humanos en el desarrollo de su actividad econ\u00f3mica. Tienen como prop\u00f3sito ser aplicados de manera indistinta en todas las empresas. A pesar de no ser obligatorios, han existido diversas iniciativas privadas que buscan que las empresas se informen sobre su contenido y los incorporen en sus actividades comerciales. <\/p>\n\n\n\n<p class=\"wp-block-paragraph\">A nivel internacional se ha discutido la posibilidad de hacer un tratado en la materia que establezca la obligaci\u00f3n expresa de las empresas de cumplir con la debida diligencia en materia de derechos humanos. Esta iniciativa no ha tenido \u00e9xito, sin embargo, algunos pa\u00edses han implementado regulaciones que establecen dicha obligatoriedad. Francia es el \u00fanico pa\u00eds que hasta ahora tiene un sistema as\u00ed y muchos otros pa\u00edses discuten la adopci\u00f3n de una legislaci\u00f3n similar. <\/p>\n\n\n\n<p class=\"wp-block-paragraph\">Recientemente, la Comisi\u00f3n Europea anunci\u00f3 que en el 2021 introducir\u00e1 una iniciativa de ley que har\u00e1 obligatorio que las empresas de la Uni\u00f3n Europea lleven a cabo procesos de debida diligencia en la materia. Esta iniciativa se presentar\u00e1 como resultado del reporte final de un grupo de trabajo de la Comisi\u00f3n sobre la debida diligencia en la cadena de producci\u00f3n y como resultado de muchas de las acciones que empresas han adoptado en respuesta a esta pandemia. El reporte concluye que la mayor\u00eda de las empresas consultadas consideran que un proceso forzoso puede beneficiarlas. <\/p>\n\n\n\n<p class=\"wp-block-paragraph\">En M\u00e9xico la CNDH cre\u00f3 en el 2018 el Programa de Empresas y Derechos Humanos que busca consolidar una cultura preventiva y de respeto de los derechos humanos por parte de las empresas. La CNDH ha trabajado dentro del marco de sus atribuciones, pero no tiene facultades directas sobre las acciones de empresas privadas. Tampoco se ha percibido una voluntad clara y firme del sector empresarial para ser socialmente responsable e incorporar, motu proprio, los Principios de la ONU a sus actividades. <\/p>\n\n\n\n<p class=\"wp-block-paragraph\">Cabe preguntarse si la implementaci\u00f3n de un sistema obligatorio de debida diligencia como el que existe en Francia o se prev\u00e9 para Europa es viable en M\u00e9xico. Tambi\u00e9n habr\u00eda que analizar si un sistema obligatorio cabr\u00eda dentro de la competencia constitucional de la CNDH. \u00bfHabr\u00eda acaso que hablar de una nueva reforma constitucional en materia de derechos humanos?<\/p>\n\n\n\n<p class=\"wp-block-paragraph\">La pandemia que estamos viviendo ha dejado claro que muchas empresas han ignorado los efectos que sus actividades tienen en los derechos humanos. Pero queda por ver cual ser\u00e1 el rol que asumir\u00e1n en la etapa de recuperaci\u00f3n econ\u00f3mica que vendr\u00e1 una vez que concluya esta primera ola del virus. Tambi\u00e9n habr\u00e1 que ver que reformas nuestras autoridades presentan en la materia. <\/p>\n","protected":false},"excerpt":{"rendered":"<p>En la etapa de recuperaci\u00f3n econ\u00f3mica durante esta fase de la pandemia en M\u00e9xico, veremos c\u00f3mo el sector empresarial garantiza en sus actividades los derechos humanos <\/p>\n","protected":false},"author":3,"featured_media":20778,"comment_status":"open","ping_status":"open","sticky":false,"template":"","format":"standard","meta":{"_monsterinsights_skip_tracking":false,"footnotes":""},"categories":[691,82,110],"tags":[],"class_list":["post-20777","post","type-post","status-publish","format-standard","has-post-thumbnail","category-691","category-la-opinion","category-la-opinion-columnas"],"_links":{"self":[{"href":"https:\/\/redsemlac.com\/semmexico\/wp-json\/wp\/v2\/posts\/20777","targetHints":{"allow":["GET"]}}],"collection":[{"href":"https:\/\/redsemlac.com\/semmexico\/wp-json\/wp\/v2\/posts"}],"about":[{"href":"https:\/\/redsemlac.com\/semmexico\/wp-json\/wp\/v2\/types\/post"}],"author":[{"embeddable":true,"href":"https:\/\/redsemlac.com\/semmexico\/wp-json\/wp\/v2\/users\/3"}],"replies":[{"embeddable":true,"href":"https:\/\/redsemlac.com\/semmexico\/wp-json\/wp\/v2\/comments?post=20777"}],"version-history":[{"count":0,"href":"https:\/\/redsemlac.com\/semmexico\/wp-json\/wp\/v2\/posts\/20777\/revisions"}],"wp:featuredmedia":[{"embeddable":true,"href":"https:\/\/redsemlac.com\/semmexico\/wp-json\/wp\/v2\/media\/20778"}],"wp:attachment":[{"href":"https:\/\/redsemlac.com\/semmexico\/wp-json\/wp\/v2\/media?parent=20777"}],"wp:term":[{"taxonomy":"category","embeddable":true,"href":"https:\/\/redsemlac.com\/semmexico\/wp-json\/wp\/v2\/categories?post=20777"},{"taxonomy":"post_tag","embeddable":true,"href":"https:\/\/redsemlac.com\/semmexico\/wp-json\/wp\/v2\/tags?post=20777"}],"curies":[{"name":"wp","href":"https:\/\/api.w.org\/{rel}","templated":true}]}}