{"id":20772,"date":"2020-05-17T00:29:41","date_gmt":"2020-05-17T00:29:41","guid":{"rendered":"https:\/\/redsemlac.com\/semmexico\/?p=20772"},"modified":"2023-07-21T16:19:14","modified_gmt":"2023-07-21T21:19:14","slug":"el-estado-debe-garantizar-una-vida-libre-de-violencia-en-las-familias-exhorta-la-cndh","status":"publish","type":"post","link":"https:\/\/redsemlac.com\/semmexico\/el-estado-debe-garantizar-una-vida-libre-de-violencia-en-las-familias-exhorta-la-cndh\/","title":{"rendered":"El Estado debe garantizar una vida libre de violencia en las familias, exhorta la CNDH"},"content":{"rendered":"\n<ul class=\"wp-block-list\"><li><strong>Urgente establecer una agenda de pol\u00edticas\np\u00fablicas. <\/strong><\/li><\/ul>\n\n\n\n<p class=\"wp-block-paragraph\"><strong>Elda Montiel<\/strong><\/p>\n\n\n\n<p class=\"wp-block-paragraph\">SemM\u00e9xico.\nCiudad de M\u00e9xico. 16 de mayo 2020.- En el marco del 15 de mayo D\u00eda\nInternacional de las Familias la Comisi\u00f3n Nacional de los Derechos Humanos\n(CNDH) reitera la obligaci\u00f3n constitucional del estado mexicano de respetar,\nproteger y garantizar los derechos de las familias, que habitan o est\u00e1n en\ntr\u00e1nsito en el pa\u00eds ante los fen\u00f3menos de crisis humanitarias como los\ndesplazamientos o emergencias sanitarias como el COVID 19, que actualmente vive\nel pa\u00eds. <\/p>\n\n\n\n<p class=\"wp-block-paragraph\">Considerando\nque en el pa\u00eds existen 34.7 millones de hogares, de los cuales el 81.7% el\nproveedor principal es una mujer, de acuerdo a los datos de la Encuesta\nNacional de los Hogares 2018.<\/p>\n\n\n\n<p class=\"wp-block-paragraph\">As\u00ed como desde\nel a\u00f1o 2011 la violencia ha provocado el desplazamiento forzoso de casi 9\nmillones de personas, el organismo aut\u00f3nomo hizo un llamado a las autoridades\nde los tres \u00f3rdenes de gobierno a proteger y garantizar la seguridad de las\nfamilias y de sus integrantes ante los fen\u00f3menos de violencia, inseguridad, desaparici\u00f3n\nde personas y pobreza. <\/p>\n\n\n\n<p class=\"wp-block-paragraph\">Asimismo, la\nCNDH se\u00f1ala que el objetivo es garantizar el desarrollo integral de la familia,\nla convivencia pac\u00edfica basada en el respeto de los derechos humanos de todas y\ntodos sus integrantes y la solidaridad para concretar el proyecto o plan de\nvida familiar deseado.<\/p>\n\n\n\n<p class=\"wp-block-paragraph\">Destaca que\nentre las obligaciones del Estado est\u00e1 el reconocimiento de la gran diversidad\nde configuraciones familiares que existen y sus diferentes caracter\u00edsticas de\nacuerdo a la regi\u00f3n en que viven y su pertenencia cultural y social.<\/p>\n\n\n\n<p class=\"wp-block-paragraph\">Por lo que la\nprotecci\u00f3n debe ser integral, basada en el reconocimiento de los diferentes\nacuerdos familiares que generan m\u00faltiples consecuencias jur\u00eddicas que habr\u00e1n de\nestablecerse en la normatividad vigente, la cual requiere ser actualizada para\narmonizarla con el marco jur\u00eddico internacional y constitucional de protecci\u00f3n\na los derechos humanos. <\/p>\n\n\n\n<p class=\"wp-block-paragraph\">La CNDH observa\nque se requiere dise\u00f1ar e implementar pol\u00edticas p\u00fablicas que aborden una serie\nde pendientes en la agenda social para atender las exigencias de seguridad\necon\u00f3mica, laboral, y personal de todas y todos sus integrantes.<\/p>\n\n\n\n<p class=\"wp-block-paragraph\">Como transferencias\necon\u00f3micas, la provisi\u00f3n de servicios de acceso gratuito y universal,\naccesibles y de calidad, servicios de atenci\u00f3n m\u00e9dica, educativos, cuidado de\nni\u00f1as y ni\u00f1os, cr\u00e9ditos para la vivienda, transporte, espacios para recreaci\u00f3n,\npor mencionar algunos.<\/p>\n\n\n\n<p class=\"wp-block-paragraph\">La CNDH se suma\na trav\u00e9s de sus programas y acciones, para la protecci\u00f3n, observancia,\npromoci\u00f3n, estudio y divulgaci\u00f3n de los derechos humanos de quienes integran\nlas familias para proporcionar a ellas y a las personas que las integran la\nprotecci\u00f3n m\u00e1s amplia posible y real, contra actos u omisiones que vulneren o\nmenoscaban su dignidad e integridad, para as\u00ed lograr el Estado democr\u00e1tico al\nque se tiene derecho.<\/p>\n\n\n\n<p class=\"wp-block-paragraph\">Asimismo, un ejemplo reciente de estas afectaciones a las familias es el de los ataques armados en los municipios de Aldama y Chenalh\u00f3, Chiapas, los cuales fueron objeto de la Recomendaci\u00f3n 71\/2019 de este \u00f3rgano aut\u00f3nomo, y cuyo origen es una disputa por 60 hect\u00e1reas que, tanto el municipio de Aldama como el de Chenalh\u00f3 aseguran les pertenecen, por lo que, a partir del a\u00f1o 2015, comenzaron a suscitarse agresiones con armas de fuego, y dichos ataques se intensificaron en 2018. Sin embargo, durante 2020 los ataques se han reanudado, impidiendo que las familias puedan permanecer en sus casas y cumplir con la Jornada Nacional de Sana Distancia por la pandemia de COVID-19.<\/p>\n\n\n\n<p class=\"wp-block-paragraph\">SEM\/em\/IL<\/p>\n","protected":false},"excerpt":{"rendered":"<p>Urgente establecer una agenda de pol\u00edticas p\u00fablicas. <\/p>\n","protected":false},"author":3,"featured_media":20773,"comment_status":"open","ping_status":"open","sticky":false,"template":"","format":"standard","meta":{"_monsterinsights_skip_tracking":false,"footnotes":""},"categories":[691,51],"tags":[],"class_list":["post-20772","post","type-post","status-publish","format-standard","has-post-thumbnail","category-691","category-ejecutivo"],"_links":{"self":[{"href":"https:\/\/redsemlac.com\/semmexico\/wp-json\/wp\/v2\/posts\/20772","targetHints":{"allow":["GET"]}}],"collection":[{"href":"https:\/\/redsemlac.com\/semmexico\/wp-json\/wp\/v2\/posts"}],"about":[{"href":"https:\/\/redsemlac.com\/semmexico\/wp-json\/wp\/v2\/types\/post"}],"author":[{"embeddable":true,"href":"https:\/\/redsemlac.com\/semmexico\/wp-json\/wp\/v2\/users\/3"}],"replies":[{"embeddable":true,"href":"https:\/\/redsemlac.com\/semmexico\/wp-json\/wp\/v2\/comments?post=20772"}],"version-history":[{"count":0,"href":"https:\/\/redsemlac.com\/semmexico\/wp-json\/wp\/v2\/posts\/20772\/revisions"}],"wp:featuredmedia":[{"embeddable":true,"href":"https:\/\/redsemlac.com\/semmexico\/wp-json\/wp\/v2\/media\/20773"}],"wp:attachment":[{"href":"https:\/\/redsemlac.com\/semmexico\/wp-json\/wp\/v2\/media?parent=20772"}],"wp:term":[{"taxonomy":"category","embeddable":true,"href":"https:\/\/redsemlac.com\/semmexico\/wp-json\/wp\/v2\/categories?post=20772"},{"taxonomy":"post_tag","embeddable":true,"href":"https:\/\/redsemlac.com\/semmexico\/wp-json\/wp\/v2\/tags?post=20772"}],"curies":[{"name":"wp","href":"https:\/\/api.w.org\/{rel}","templated":true}]}}