{"id":20756,"date":"2020-05-16T22:26:47","date_gmt":"2020-05-16T22:26:47","guid":{"rendered":"https:\/\/redsemlac.com\/semmexico\/?p=20756"},"modified":"2023-07-21T16:19:15","modified_gmt":"2023-07-21T21:19:15","slug":"michoacan-40","status":"publish","type":"post","link":"https:\/\/redsemlac.com\/semmexico\/michoacan-40\/","title":{"rendered":"Aprueba Congreso de Michoac\u00e1n reformas que tipifican la violencia pol\u00edtica de g\u00e9nero"},"content":{"rendered":"\n<ul class=\"wp-block-list\"><li><strong>Las reformas al C\u00f3digo Electoral, garantizar\u00e1n elecciones sin violencia pol\u00edtica en raz\u00f3n de g\u00e9nero en Michoac\u00e1n<\/strong>.<\/li><\/ul>\n\n\n\n<p class=\"wp-block-paragraph\"><strong>Redacci\u00f3n<\/strong><\/p>\n\n\n\n<p class=\"wp-block-paragraph\">SemM\u00e9xico. Morelia, Michoac\u00e1n. 16 de mayo 2020.- Con 30\nvotos a favor, las y los diputados de Michoac\u00e1n aprobaron diversas reformas al\nC\u00f3digo Electoral del estado y a la Ley de Justicia en Materia Electoral y de\nParticipaci\u00f3n Ciudadana, en las que se destaca la tipificaci\u00f3n de las conductas\nconstitutivas de violencia pol\u00edtica por razones de g\u00e9nero.<\/p>\n\n\n\n<p class=\"wp-block-paragraph\">Ante ello, la diputada Lucila Mart\u00ednez Manr\u00edquez, presidenta\nde la Comisi\u00f3n de Igualdad Sustantiva y de G\u00e9nero, afirm\u00f3 que se le ha cerrado\nel paso a la violencia pol\u00edtica en raz\u00f3n de g\u00e9nero, en el estado, &nbsp;ya que nuestra legislaci\u00f3n electoral ahora\nestablece de manera contundente y precisa sanciones para quienes en ella\nincurran. <\/p>\n\n\n\n<p class=\"wp-block-paragraph\">Mart\u00ednez Manr\u00edquez coment\u00f3 que ahora la norma electoral en\nel estado, ordena a los partidos pol\u00edticos abstenerse en su propaganda pol\u00edtica\no electoral, de cualquier expresi\u00f3n que calumnie a las instituciones, a los\npartidos pol\u00edticos, a las personas o que constituya violencia pol\u00edtica en raz\u00f3n\nde g\u00e9nero.<\/p>\n\n\n\n<p class=\"wp-block-paragraph\">La Comisi\u00f3n de Igualdad Sustantiva y de G\u00e9nero elabor\u00f3\npropuestas para que la Comisi\u00f3n de Asuntos Electorales y Participaci\u00f3n\nCiudadana incorporara a la reforma electoral, el marco normativo para sancionar\nla violencia pol\u00edtica en nuestro estado, lo que armoniza la legislaci\u00f3n local\ncon la federal.<\/p>\n\n\n\n<p class=\"wp-block-paragraph\">&nbsp;\u201cPor Ley los partidos\nest\u00e1n obligados a establecer mecanismos para prevenir, atender, sancionar y, en\nsu caso, erradicar la violencia pol\u00edtica en raz\u00f3n de g\u00e9nero\u201d, refiri\u00f3 la\nlegisladora.<\/p>\n\n\n\n<p class=\"wp-block-paragraph\">Tambi\u00e9n destac\u00f3 que la norma ahora define de manera clara,\nque tal violencia comprende el imponer la realizaci\u00f3n de actividades distintas\na las atribuciones inherentes al cargo o funci\u00f3n; restringir o limitar\ninjustificadamente la realizaci\u00f3n de acciones o actividades inherentes a su\ncargo o funci\u00f3n;&nbsp; proporcionar informaci\u00f3n\no documentaci\u00f3n incompleta o err\u00f3nea con el objeto de impedir el ejercicio\npleno de los derechos pol\u00edtico-electorales o inducir al ejercicio indebido de\nsus atribuciones o facultades.<\/p>\n\n\n\n<p class=\"wp-block-paragraph\">Por su parte el diputado Javier Paredes, se\u00f1al\u00f3 que dicha reforma,\ngarantizar\u00e1 el cumplimiento de la paridad&nbsp;\nhorizontal, vertical y sobre todo transversal en la postulaci\u00f3n de&nbsp; candidaturas, a trav\u00e9s de la metodolog\u00eda,\ninstrumento que, sumado con la&nbsp;\nincorporaci\u00f3n de la figura de violencia pol\u00edtica en raz\u00f3n de g\u00e9nero\nen&nbsp; la presente iniciativa, impulsar\u00e1 una\nmayor participaci\u00f3n electoral de&nbsp; las\nmujeres en la vida p\u00fablica de Michoac\u00e1n.&nbsp;&nbsp;&nbsp;\n<\/p>\n\n\n\n<p class=\"wp-block-paragraph\">\u201cLa finalidad es clara,&nbsp;\nelecciones sin violencia pol\u00edtica y con piso parejo, el fortalecimiento&nbsp; al \u00e1rbitro electoral que regrese a los\nciudadanos la transparencia y la&nbsp; certeza\nen los resultados de las elecciones, con reglas claras y&nbsp; confiables, aplicables al pr\u00f3ximo juego\ndemocr\u00e1tico\u201d, enfatiz\u00f3.&nbsp;&nbsp; <\/p>\n\n\n\n<p class=\"wp-block-paragraph\">Por ello, las autoridades responsables de la aplicaci\u00f3n de\nesta Ley, estar\u00e1n obligadas a elaborar acciones y pol\u00edticas p\u00fablicas que\nintegren en materia de violencia pol\u00edtica contra las mujeres en raz\u00f3n de\ng\u00e9nero, el Tribunal Electoral del Estado de Michoac\u00e1n y el Instituto Electoral\nde Michoac\u00e1n, podr\u00e1n solicitar a las autoridades competentes el otorgamiento de\nlas medidas a que se refiere la presente Ley.<\/p>\n\n\n\n<p class=\"wp-block-paragraph\">Cabe se\u00f1alar que otros factores que representan violencia\npol\u00edtica a las mujeres, abarcan el ocultar informaci\u00f3n o documentaci\u00f3n con el\nobjeto de limitar o impedir el ejercicio de sus derechos pol\u00edtico-electorales o\ninducir al ejercicio indebido de sus atribuciones o facultades; difundir\ncualquier tipo de informaci\u00f3n y\/o material con la finalidad de coartar,\ninhibir, impedir o limitar el ejercicio de sus derechos pol\u00edtico-electorales o\nimpedir el ejercicio de sus atribuciones o facultades; e impedir o restringir\nsu incorporaci\u00f3n, toma de protesta o acceso al cargo o funci\u00f3n para el cual ha\nsido nombrada o elegida, entre otros.<\/p>\n\n\n\n<p class=\"wp-block-paragraph\">SEM\/IL<\/p>\n","protected":false},"excerpt":{"rendered":"<p>Las reformas al C\u00f3digo Electoral, garantizar\u00e1n elecciones sin violencia pol\u00edtica en raz\u00f3n de g\u00e9nero en Michoac\u00e1n<\/p>\n","protected":false},"author":3,"featured_media":20757,"comment_status":"open","ping_status":"open","sticky":false,"template":"","format":"standard","meta":{"_monsterinsights_skip_tracking":false,"footnotes":""},"categories":[691,50],"tags":[],"class_list":["post-20756","post","type-post","status-publish","format-standard","has-post-thumbnail","category-691","category-congreso"],"_links":{"self":[{"href":"https:\/\/redsemlac.com\/semmexico\/wp-json\/wp\/v2\/posts\/20756","targetHints":{"allow":["GET"]}}],"collection":[{"href":"https:\/\/redsemlac.com\/semmexico\/wp-json\/wp\/v2\/posts"}],"about":[{"href":"https:\/\/redsemlac.com\/semmexico\/wp-json\/wp\/v2\/types\/post"}],"author":[{"embeddable":true,"href":"https:\/\/redsemlac.com\/semmexico\/wp-json\/wp\/v2\/users\/3"}],"replies":[{"embeddable":true,"href":"https:\/\/redsemlac.com\/semmexico\/wp-json\/wp\/v2\/comments?post=20756"}],"version-history":[{"count":0,"href":"https:\/\/redsemlac.com\/semmexico\/wp-json\/wp\/v2\/posts\/20756\/revisions"}],"wp:featuredmedia":[{"embeddable":true,"href":"https:\/\/redsemlac.com\/semmexico\/wp-json\/wp\/v2\/media\/20757"}],"wp:attachment":[{"href":"https:\/\/redsemlac.com\/semmexico\/wp-json\/wp\/v2\/media?parent=20756"}],"wp:term":[{"taxonomy":"category","embeddable":true,"href":"https:\/\/redsemlac.com\/semmexico\/wp-json\/wp\/v2\/categories?post=20756"},{"taxonomy":"post_tag","embeddable":true,"href":"https:\/\/redsemlac.com\/semmexico\/wp-json\/wp\/v2\/tags?post=20756"}],"curies":[{"name":"wp","href":"https:\/\/api.w.org\/{rel}","templated":true}]}}