{"id":20753,"date":"2020-05-15T23:23:37","date_gmt":"2020-05-15T23:23:37","guid":{"rendered":"https:\/\/redsemlac.com\/semmexico\/?p=20753"},"modified":"2023-07-21T16:19:15","modified_gmt":"2023-07-21T21:19:15","slug":"desde-la-mano-izquierda-3","status":"publish","type":"post","link":"https:\/\/redsemlac.com\/semmexico\/desde-la-mano-izquierda-3\/","title":{"rendered":"Desde la mano izquierda"},"content":{"rendered":"\n<h2 class=\"wp-block-heading\">\u00a0Volvamos con cautela<\/h2>\n\n\n\n<p class=\"wp-block-paragraph\"><strong>Claudia Almaguer<\/strong><\/p>\n\n\n\n<p class=\"wp-block-paragraph\">SemM\u00e9xico. 15 de mayo 2020.- No estoy segura que debamos\nvolver tan pronto, pero si salir del ensimismamiento, del sopor y de la\nincertidumbre. Hay tanta gente perdiendo sus certezas, sus comodidades sus\nseres queridos, es posible que nos pase tambi\u00e9n y tendremos que ser fuertes. Es\nindispensable proteger a los dem\u00e1s y tener salud para hacer nuestro trabajo.<\/p>\n\n\n\n<p class=\"wp-block-paragraph\">Hace unas semanas le compart\u00eda aqu\u00ed mismo del desgaste\nprofesional que presentan las \u00e1reas dedicadas a la atenci\u00f3n de mujeres, ni\u00f1as,\nni\u00f1os y adolescentes v\u00edctimas de violencia, espacios de trabajo integrados en\nsu mayor\u00eda por mujeres abogadas, m\u00e9dicas, polic\u00edas y peritas, un personal que\nen la Fiscal\u00eda Especializada para la Atenci\u00f3n de la Mujer de San Luis Potos\u00ed no\nhab\u00eda parado nunca y no par\u00f3 ni siquiera estando en medio de dos crisis.<\/p>\n\n\n\n<p class=\"wp-block-paragraph\">Dir\u00e1 que es nuestra obligaci\u00f3n y estar\u00e1 en lo cierto, pero\neso no debe invisibilizar que cada una de nosotras tambi\u00e9n cuida de otros en\ncasa como es la condici\u00f3n casi ineludible y desigual de cualquier mujer\nmexicana, que algunas somos jefas de familia y hacemos de su principal\nsustento, que dedicamos muchas horas al trabajo pero tambi\u00e9n a criar y a\nestudiar o a crear como tendr\u00eda que ser en la complejidad que nos caracteriza.<\/p>\n\n\n\n<p class=\"wp-block-paragraph\">Cuando a principios de marzo comenz\u00f3 la crisis sanitaria, se\nfueron a casa quienes ten\u00edan la&nbsp; salud\ncomprometida y quedamos algo m\u00e1s de la mitad, apenas el a\u00f1o anterior rozamos\nlas 8 mil denuncias atendidas por un total de 52 personas, as\u00ed que ante una\nsituaci\u00f3n como el coronavirus lo m\u00e1s probable era que la demanda de atenci\u00f3n no\ndisminuyese as\u00ed que se tomaron las medidas necesarias para conservar la salud\nde las personas y la nuestra, se provey\u00f3 material, se limpi\u00f3 constantemente, se\nsolicit\u00f3 el lavado de manos y la asistencia del menor n\u00famero de personas para\npresentar las denuncias.<\/p>\n\n\n\n<p class=\"wp-block-paragraph\">Sin embargo, el domingo 12 de abril en una guardia\ncualquiera, me toc\u00f3 atender a una v\u00edctima, al finalizar la actuaci\u00f3n le\npregunt\u00e9 si trabajaba y me respondi\u00f3 que s\u00ed pero que en su centro de salud le\nhab\u00edan dado una incapacidad por ser un caso sospechoso de Covid.<\/p>\n\n\n\n<p class=\"wp-block-paragraph\">No hubo nada que decir, es imposible exigirle a una persona\nen esas condiciones que elija entre su vida y su salud, no hubo dolo ninguno ni\nego\u00edsmo ni irresponsabilidad, hemos corroborado en otras circunstancias el caos\nemocional y psicol\u00f3gico que produce la violencia, definitivamente encontrarse\nen una situaci\u00f3n as\u00ed implica un riesgo y causa un estado de zozobra permanente.\nHay que escribirlo porque no lo hicieron los medios amarillistas a los que les\nfue filtrado el incidente de manera dolosa y err\u00f3nea.<\/p>\n\n\n\n<p class=\"wp-block-paragraph\">Mi deber fue reportarlo e irme a casa. Sent\u00ed miedo por\nsupuesto, como cualquier otra persona en su sano juicio. Pens\u00e9 en c\u00f3mo le iba a\ndecir a mi hija lo sucedido, en que tendr\u00eda que avisar a mi m\u00e9dico porque soy\nasm\u00e1tica y cobarde, detesto profundamente estar enferma al igual que el olor a\ncloro de los hospitales, las agujas, los cables y sobre todo el sufrimiento. Si\nusted ha padecido ya una neumon\u00eda sabr\u00e1 de lo que le hablo. El caso es que me\nqued\u00e9 encerrada durante dos semanas completas, 336 horas sin salir de mi\nhabitaci\u00f3n.&nbsp; <\/p>\n\n\n\n<p class=\"wp-block-paragraph\">Afortunadamente la persona a la que atend\u00ed y yo salimos bien\nde todo esto en parte gracias a la atenci\u00f3n que tuvieron las autoridades de\nsalud, pero lo que nos sucedi\u00f3 s\u00ed que caus\u00f3 un fortalecimiento de las medidas\nque se hab\u00edan tomado porque en esta Fiscal\u00eda sigue siendo indispensable la\ninteracci\u00f3n de las v\u00edctimas con el personal adecuado que pueda identificar el\nriesgo real en el que se encuentran y realizar los actos jur\u00eddicos necesarios\npara protegerlas adem\u00e1s de la investigaci\u00f3n del delito.<\/p>\n\n\n\n<p class=\"wp-block-paragraph\">\u00bfTendr\u00edamos que aclarar que las medidas no violan ning\u00fan\nderecho? De ser necesario hay que decir que por el contrario se garantizan dos\nen espec\u00edfico: en el proceso de atenci\u00f3n convergen el derecho de las v\u00edctimas\npara acceder a la justicia y el derecho del personal a trabajar en condiciones\nque no pongan en riesgo su salud ni la de sus familias, las medidas sanitarias\npermiten que ambos confluyan sin ning\u00fan conflicto.<\/p>\n\n\n\n<p class=\"wp-block-paragraph\">Y parecer\u00eda completamente irracional que alguien se queje\nporque le piden que se lave las manos, o use cubrebocas o tome sana distancia,\npero en cualquier caso est\u00e1 absolutamente justificado que as\u00ed sea y habremos de\nhabituarnos todos y todas a integrar estas medidas a largo plazo si queremos\ncomo en este ejemplo recibir atenci\u00f3n de las instituciones, o salir a la calle\ny al trabajo pronto.<\/p>\n\n\n\n<p class=\"wp-block-paragraph\">Luego de las notas publicadas en diversos medios de la\nentidad acerca de que algunas personas pertenecientes al gremio m\u00e9dico se han\nenfermado por coronavirus al igual que polic\u00edas y gente cuya labor se considera\nesencial es necesario reflexionar acerca del sentido de comunidad que tenemos\nen San Luis Potos\u00ed y en c\u00f3mo se actu\u00f3 durante la contingencia.<\/p>\n\n\n\n<p class=\"wp-block-paragraph\">Pensar en las consecuencias que tienen nuestros actos en la\nvida de los dem\u00e1s.<\/p>\n\n\n\n<p class=\"wp-block-paragraph\">Es ciertamente encomiable que la estrategia gubernamental\ndel Estado se conduzca de manera cautelosa pero la otra parte de esta\nresponsabilidad corresponde a la ciudadan\u00eda, depende de su madurez y de su amor\nal pr\u00f3jimo. Ojal\u00e1 que ahora s\u00ed seamos un buen ejemplo. A m\u00e1s ver.<\/p>\n\n\n\n<p class=\"wp-block-paragraph\">Dedicado a las compa\u00f1eras de la FDM, con ustedes a la\nguerra.<\/p>\n\n\n\n<p class=\"wp-block-paragraph\">Twitter: @Almagzur<\/p>\n","protected":false},"excerpt":{"rendered":"<p>Volvamos con cautela<\/p>\n","protected":false},"author":3,"featured_media":20754,"comment_status":"open","ping_status":"open","sticky":false,"template":"","format":"standard","meta":{"_monsterinsights_skip_tracking":false,"footnotes":""},"categories":[691,131,110],"tags":[],"class_list":["post-20753","post","type-post","status-publish","format-standard","has-post-thumbnail","category-691","category-claudia-almaguer","category-la-opinion-columnas"],"_links":{"self":[{"href":"https:\/\/redsemlac.com\/semmexico\/wp-json\/wp\/v2\/posts\/20753","targetHints":{"allow":["GET"]}}],"collection":[{"href":"https:\/\/redsemlac.com\/semmexico\/wp-json\/wp\/v2\/posts"}],"about":[{"href":"https:\/\/redsemlac.com\/semmexico\/wp-json\/wp\/v2\/types\/post"}],"author":[{"embeddable":true,"href":"https:\/\/redsemlac.com\/semmexico\/wp-json\/wp\/v2\/users\/3"}],"replies":[{"embeddable":true,"href":"https:\/\/redsemlac.com\/semmexico\/wp-json\/wp\/v2\/comments?post=20753"}],"version-history":[{"count":0,"href":"https:\/\/redsemlac.com\/semmexico\/wp-json\/wp\/v2\/posts\/20753\/revisions"}],"wp:featuredmedia":[{"embeddable":true,"href":"https:\/\/redsemlac.com\/semmexico\/wp-json\/wp\/v2\/media\/20754"}],"wp:attachment":[{"href":"https:\/\/redsemlac.com\/semmexico\/wp-json\/wp\/v2\/media?parent=20753"}],"wp:term":[{"taxonomy":"category","embeddable":true,"href":"https:\/\/redsemlac.com\/semmexico\/wp-json\/wp\/v2\/categories?post=20753"},{"taxonomy":"post_tag","embeddable":true,"href":"https:\/\/redsemlac.com\/semmexico\/wp-json\/wp\/v2\/tags?post=20753"}],"curies":[{"name":"wp","href":"https:\/\/api.w.org\/{rel}","templated":true}]}}