{"id":20750,"date":"2020-05-15T23:12:18","date_gmt":"2020-05-15T23:12:18","guid":{"rendered":"https:\/\/redsemlac.com\/semmexico\/?p=20750"},"modified":"2023-07-21T16:19:15","modified_gmt":"2023-07-21T21:19:15","slug":"estudio-de-investigadora-desmiente-a-lopez-obrador-sobre-violencia-en-confinamiento","status":"publish","type":"post","link":"https:\/\/redsemlac.com\/semmexico\/estudio-de-investigadora-desmiente-a-lopez-obrador-sobre-violencia-en-confinamiento\/","title":{"rendered":"Estudio de investigadora desmiente a L\u00f3pez Obrador sobre violencia en confinamiento"},"content":{"rendered":"\n<ul class=\"wp-block-list\"><li><strong>Realiz\u00f3 un estudio con motivo del desd\u00e9n presidencial del pasado 6 de mayo cuando dijo que no ha aumentado la violencia contra\u00a0<em>mujeres<\/em>\u00a0en cuarentena, lo que si hay es mucha \u201cfraternidad\u201d familiar.<\/strong><\/li><\/ul>\n\n\n\n<p class=\"wp-block-paragraph\">Redacci\u00f3n<\/p>\n\n\n\n<p class=\"wp-block-paragraph\">SemM\u00e9xico\/Billie Parker Noticias. Ciudad de M\u00e9xico. 15 mayo 20202.- Un breve an\u00e1lisis sobre las llamadas recibidas tan s\u00f3lo en \u201cL\u00ednea Mujeres\u201d de la Ciudad de M\u00e9xico la investigadora del CIDE, C\u00e9line Gonz\u00e1lez Schont,\u00a0\u00a0Profesora Asociada y Directora de Evaluaci\u00f3n Acad\u00e9mica-SA, en su estudio Violencia de G\u00e9nero en Tiempos de Covid, registra que es una realidad el aumento en el n\u00famero de llamadas de violencia de g\u00e9nero.<\/p>\n\n\n\n<p class=\"wp-block-paragraph\">\u201cAnalizar las llamadas que atiende el servicio L\u00ednea Mujeres ofrece un panorama m\u00e1s claro sobre los tipos de violencia que est\u00e1n viviendo las mujeres durante el confinamiento. Es importante mencionar que esta entrada solo analiza aquellas llamadas catalogadas como violencia de g\u00e9nero, sin embargo, ser\u00e1 interesante analizar todas aquellas tem\u00e1ticas relacionadas con violencia como por ejemplo, tem\u00e1ticas como violencia en el noviazgo, o violencia infantil\u201d, refiere la investigadora.<\/p>\n\n\n\n<p class=\"wp-block-paragraph\">Al respecto de la negaci\u00f3n sistem\u00e1tica que tiene el presidente de la violencia contra las mujeres y que ha provocado que durante una semana entera miles de mujeres le reclamen su desd\u00e9n a emergencia nacional que significa la ola de violencia extrema machista, la investigadora C\u00e9line Gonz\u00e1lez Schont, expone los motivos que la llevaron a investigar sobre el tema que tanto ocupa desmentir Andr\u00e9s Manuel L\u00f3pez Obrador.<\/p>\n\n\n\n<p class=\"wp-block-paragraph\">\u201cEl 6 de mayo, el presidente Andr\u00e9s Manuel L\u00f3pez Obrador rechaz\u00f3 que la violencia en general y la violencia contra las mujeres aumentar\u00e1 durante la pandemia de COVID-19. El argumento que utiliz\u00f3 es que el n\u00famero de denuncias no ha incrementado durante la contingencia sanitaria, aunque recalc\u00f3 que pudiera haber una cifra negra\u201d.<\/p>\n\n\n\n<p class=\"wp-block-paragraph\">\u201cSin embargo, utilizar solo el n\u00famero de denuncias como un indicador sobre el decremento o incremento de la violencia que sufren las mujeres en M\u00e9xico durante la Jornada de Sana Distancia es una visi\u00f3n miope. De hecho, tanto la Secretaria de Gobernaci\u00f3n, Olga S\u00e1nchez Cordero, como varias organizaciones de la sociedad civil han se\u00f1alado un incremento considerable en el n\u00famero de llamadas sobre violencia contra mujeres y violencia intrafamilar que se atienden durante la&nbsp;<em>Jornada de Sana Distancia\u201d.<\/em><\/p>\n\n\n\n<p class=\"wp-block-paragraph\">Este 15 de mayo hubo, de nueva cuenta, una descalificaci\u00f3n presidencial m\u00e1s de los reportes y cifras oficiales, adjudic\u00e1ndoles a mujeres de su gabinete, la aseveraci\u00f3n sobre que el \u201c90 por ciento son llamadas falsas\u201d, aun cuando acot\u00f3 que\u00a0 ello no quiere decir que no exista la violencia contra ellas.<\/p>\n\n\n\n<p class=\"wp-block-paragraph\">Definitivamente, la pandemia del COVID-19 ha generado impactos importantes en la econom\u00eda, la salud, la organizaci\u00f3n social, entre otros. As\u00ed que uno podr\u00eda esperar efectos igual de importantes en problemas como la violencia contra las mujeres, infantil e intrafamiliar. El objetivo de esta primera entrega sobre el tema es analizar los datos recabados por el programa L\u00ednea Mujeres de la Ciudad de M\u00e9xico, un servicio de asesor\u00eda jur\u00eddica, psicol\u00f3gica y m\u00e9dica, con el fin de observar si efectivamente ha habido un aumento en el n\u00famero de llamadas relacionadas con hechos de violencia de g\u00e9nero y conocer los perfiles de las personas usuarias.<\/p>\n\n\n\n<h5 class=\"wp-block-heading\"><strong>An\u00e1lisis de los datos recabados por L\u00ednea Mujeres de la Ciudad de M\u00e9xico<\/strong><\/h5>\n\n\n\n<p class=\"wp-block-paragraph\">Desde febrero de 2014, LOCATEL en conjunto con el Instituto para las Mujeres de la Ciudad de M\u00e9xico pusieron en operaci\u00f3n el servicio L\u00ednea Mujeres. &nbsp;Este brinda de manera gratuita asesor\u00eda sobre 1) programas y acciones que el Gobierno de la Ciudad de M\u00e9xico implementa para erradicar la violencia contra las mujeres, 2) asesor\u00eda psicol\u00f3gica y contenci\u00f3n emocional, 3) asesor\u00edas jur\u00eddicas en temas de pensiones alimenticias, violencia laboral, discriminaci\u00f3n, guarda y custodia de infantes, entre otros, y 4) orientaci\u00f3n m\u00e9dica.<\/p>\n\n\n\n<p class=\"wp-block-paragraph\">A partir de noviembre 2016, con el consentimiento de la persona usuaria el servicio empez\u00f3 a capturar los datos recabados durante las entrevistas por las personas operadoras mediante el Sistema de Registro de Informaci\u00f3n de LOCATEL (SIRILO). Es importante mencionar que la persona operadora tiene flexibilidad de clasificar la llamada en distintas tem\u00e1ticas y esto lo hace dependiendo del lenguaje usado y el contexto de la persona que realiza la llamada. Esto quiere decir que queda a la interpretaci\u00f3n de la persona operadora clasificar el tipo de violencia que est\u00e1 reportando la persona usuaria<a href=\"https:\/\/www.cide.edu\/coronavirus\/2020\/05\/11\/violencia-de-genero-en-tiempos-de-covid-19\/#_ftn1\">[1]<\/a>.&nbsp; En este sentido, la base de datos clasifica la llamada en distintas tem\u00e1ticas dependiendo el desarrollo de la comunicaci\u00f3n entre ambas personas; as\u00ed una misma llamada puede ser categorizada de formas distintas. Dada la amplia gama de tem\u00e1ticas, para analizar los datos se mantuvieron solo aquellas llamadas catalogadas como tem\u00e1tica 1&nbsp;<strong><em>violencia&nbsp;<\/em><\/strong>y tem\u00e1tica 2<strong><em>&nbsp;de g\u00e9nero<\/em><\/strong>.<\/p>\n\n\n\n<p class=\"wp-block-paragraph\">Desde el 4 de noviembre 2016 hasta el 12 de abril 2020, se han recibido 8,762 llamadas catalogadas como violencia de g\u00e9nero. En el siguiente cuadro se puede observar que el n\u00famero de llamadas en los primeros cuatros meses del a\u00f1o hab\u00edan sido relativamente similares entre 2018 y 2019. Sin embargo, si comparamos dichas con las recibidas en el 2020, se pueden observar un incremento en febrero, marzo y abril. Por ejemplo, solo en marzo 2020 se recibieron un 303% m\u00e1s de llamadas que en marzo 2018, y un 191% m\u00e1s que marzo 2019.<\/p>\n\n\n\n<figure class=\"wp-block-image is-resized\"><img loading=\"lazy\" decoding=\"async\" src=\"https:\/\/www.cide.edu\/coronavirus\/wp-content\/uploads\/sites\/11\/2020\/05\/Celine-1.png\" alt=\"\" class=\"wp-image-1467\" width=\"594\" height=\"298\"\/><\/figure>\n\n\n\n<p class=\"wp-block-paragraph\">En la siguiente gr\u00e1fica se puede observar m\u00e1s claramente este aumento en las llamadas recibidas y catalogadas como violencia de g\u00e9nero; a partir de la s\u00e9ptima semana del 2020, el n\u00famero de llamadas recibidas ha estado por encima del promedio semanal de los a\u00f1os observados. Asimismo, se puede observar que el aumento de llamadas inici\u00f3 antes de que se presentara el primer caso de COVID-19 en M\u00e9xico, el 28 de febrero 2020<a href=\"https:\/\/www.cide.edu\/coronavirus\/2020\/05\/11\/violencia-de-genero-en-tiempos-de-covid-19\/#_ftn2\">[2]<\/a>.<\/p>\n\n\n\n<div class=\"wp-block-image\"><figure class=\"aligncenter is-resized\"><img loading=\"lazy\" decoding=\"async\" src=\"https:\/\/www.cide.edu\/coronavirus\/wp-content\/uploads\/sites\/11\/2020\/05\/Celine-2.jpg\" alt=\"\" class=\"wp-image-1469\" width=\"594\" height=\"345\"\/><\/figure><\/div>\n\n\n\n<p class=\"wp-block-paragraph\">Si nos enfocamos solo en las llamadas recibidas en 2020, a partir el 24 de febrero, se puede notar una tendencia hacia la alta sobre el n\u00famero de llamadas recibidas y catalogadas como violencia de g\u00e9nero. Una parte de este aumento puede ser atribuido al gran empuje que tuvo la conmemoraci\u00f3n del 8 de marzo 2020 y el paro de actividades del 9 de marzo 2020 en la Ciudad de M\u00e9xico.<\/p>\n\n\n\n<p class=\"wp-block-paragraph\">Por una parte, dada la informaci\u00f3n que se proporciona en esas fechas, las mujeres normalizan menos la violencia de g\u00e9nero y utilizan en mayor medida el servicio. Pero otra parte, tambi\u00e9n es posible que haya una incremento de hechos de violencia de g\u00e9nero en esas fechas, fechas ligadas al movimiento feminista. Varias acad\u00e9micas (Faludi, 1991; van Wormer, 2008; Sharoni, 2018, entre otras) han analizado las reacciones negativas y las resistencias a los movimientos feministas. &nbsp;Dado que el movimiento feminista confronta el status quo de un sistema patriarcal, una de las posibles maneras de reaccionar y resistir, a nivel individual, a los cambios es agrediendo a alguien de tu entorno familar (van Wormer, 2008: 334)<\/p>\n\n\n\n<div class=\"wp-block-image\"><figure class=\"aligncenter\"><img decoding=\"async\" src=\"https:\/\/www.cide.edu\/coronavirus\/wp-content\/uploads\/sites\/11\/2020\/05\/Celine-3.jpg\" alt=\"\" class=\"wp-image-1471\"\/><\/figure><\/div>\n\n\n\n<p class=\"wp-block-paragraph\">Sin embargo, independientemente del efecto que puede tener el D\u00eda Internacional de la(s) Mujer(es) en el n\u00famero de llamadas catalogadas como violencia de g\u00e9nero, se puede observar que esa tendencia se ha mantenido. De hecho, despu\u00e9s del 23 de marzo, inicio de la&nbsp;<em>Jornada de Sana Distancia<\/em>, en la mayor\u00eda de los d\u00edas el n\u00famero de llamadas han estado por arriba del promedio diario de llamadas del 2020. Definitivamente, el n\u00famero de llamadas ha aumentado durante las primeras semanas del confinamiento.<\/p>\n\n\n\n<p class=\"wp-block-paragraph\">De hecho, la instrucci\u00f3n de #QuedateEnCasa obliga a las mujeres a permanecer en aislamiento con sus agresores durante la&nbsp;<em>Jornada de Sana Distancia<\/em>&nbsp;y esto aumenta las probabilidades de sufrir un hecho de violencia. Por ejemplo, Mobarak y Ramos (2019) encontraron que cuando los hombres migran lejos de casa, disminuyen los \u00edndices de violencia contra las mujeres y ni\u00f1as debido a que no se encuentran en el mismo espacio f\u00edsico que su agresor.<\/p>\n\n\n\n<h5 class=\"wp-block-heading\"><strong><em>Perfil de las personas usuarias<\/em><\/strong><\/h5>\n\n\n\n<p class=\"wp-block-paragraph\">Para este apartado, se presentan algunos datos sobre las personas usuarias que utilizaron el servicio. Se analizaron solo las llamadas recibidas despu\u00e9s del 23 de marzo, inicio de la&nbsp;<em>Jornada de Sana Distancia.&nbsp;<\/em>&nbsp;A partir de esa fecha, se han recibido 443 llamadas de las cuales:<\/p>\n\n\n\n<ul class=\"wp-block-list\"><li>el promedio de edad de las usuarias que llam\u00f3 es de 39 a\u00f1os con un m\u00ednimo de 12 a\u00f1os y un m\u00e1ximo de 86 a\u00f1os.<\/li><li>las alcald\u00edas en las cuales se han registrado m\u00e1s llamadas son 1) Iztapalapa, 2) Gustavo A. Madero, 3) Cuauht\u00e9moc, 4) Benito Ju\u00e1rez, 5) Coyoac\u00e1n e 6) Iztacalco.<\/li><li>la mayor\u00eda (403 llamadas) de \u00e9stas han sido catalogadas como tem\u00e1tica 1 violencia, tem\u00e1tica 2 de g\u00e9nero, y tem\u00e1tica 3 familiar.<\/li><li>los distintos de violencia que mayormente se reportan son 1) psicol\u00f3gica (225 llamadas), 2) f\u00edsica (144), y 3) sexual (26), entre otras.<\/li><li>por \u00faltimo, los hechos de violencia son mayormente perpetrados por parte de la pareja (294 llamadas), por parte del hijastro\/a (35) o por parte del hermano (17).<\/li><\/ul>\n\n\n\n<h5 class=\"wp-block-heading\"><strong>Conclusiones<\/strong><\/h5>\n\n\n\n<p class=\"wp-block-paragraph\">Claramente se puede observar que ha habido un aumento el n\u00famero de llamadas de violencia de g\u00e9nero. Analizar las llamadas que atiende el servicio Linea Mujeres ofrece un panorama m\u00e1s claro sobre los tipos de violencia que est\u00e1n viviendo las mujeres durante el confinamiento. Es importante mencionar que esta entrada solo analiza aquellas llamadas catalogadas como violencia de g\u00e9nero, sin embargo, ser\u00e1 interesante analizar todas aquellas tem\u00e1ticas relacionadas con violencia como por ejemplo, tem\u00e1ticas como violencia en el noviazgo, o violencia infantil. Como menciona Peterman, A et al (2020), comprender mejor los mecanismos y din\u00e1micas de la violencia contra las mujeres durante la contingencia permitir\u00e1 elaborar mejores pol\u00edticas p\u00fablicas que puedan atender y mitigar los efectos negativos de la cuarentena.<\/p>\n\n\n\n<p class=\"wp-block-paragraph\"><strong>Fuente Cide.<\/strong><\/p>\n\n\n\n<h5 class=\"wp-block-heading\"><strong>Bibliograf\u00eda<\/strong><\/h5>\n\n\n\n<p class=\"has-small-font-size wp-block-paragraph\">Comunicado Urgen al Estado Mexicano a adoptar medidas para prevenir y atender las violencias contra las mujeres durante la \u201cjornada de sana distancia\u201d, consultado el 7 de mayo 2020 en&nbsp;<a href=\"https:\/\/equis.org.mx\/urgen-al-estado-mexicano-a-adoptar-medidas-para-prevenir-y-atender-las-violencias-contra-las-mujeres-durante-sana-distancia\/\">https:\/\/equis.org.mx\/urgen-al-estado-mexicano-a-adoptar-medidas-para-prevenir-y-atender-las-violencias-contra-las-mujeres-durante-sana-distancia\/<\/a><\/p>\n\n\n\n<p class=\"has-small-font-size wp-block-paragraph\">Faludi, S. (1991). Backlash: The Undeclared War Against American Women. Three Rivers Press, Nueva York. Consultado el 11 de mayo del 2020 en&nbsp;<a href=\"https:\/\/seminariolecturasfeministas.files.wordpress.com\/2012\/01\/faludi-susan-backlash-the-undeclared-war-against-american-women.pdf\">https:\/\/seminariolecturasfeministas.files.wordpress.com\/2012\/01\/faludi-susan-backlash-the-undeclared-war-against-american-women.pdf<\/a><\/p>\n\n\n\n<p class=\"has-small-font-size wp-block-paragraph\">Llamadas recibidas en L\u00ednea Mujeres (12 abril 2020). Consultado en&nbsp;<a href=\"https:\/\/datos.cdmx.gob.mx\/explore\/dataset\/linea-mujeres\/information\/\">https:\/\/datos.cdmx.gob.mx\/explore\/dataset\/linea-mujeres\/information\/<\/a><\/p>\n\n\n\n<p class=\"has-small-font-size wp-block-paragraph\">Mobarak, A. M. y Ramos, A. (2019). The Effects of Migration on Intimate Partner Violence: Evidence for Exposure Reduction Theory in Bangladesh. &nbsp;Working paper, consultado el 11 de mayo 2020 en&nbsp;<a href=\"https:\/\/sistemas.colmex.mx\/Reportes\/LACEALAMES\/LACEA-LAMES2019_paper_321.pdf\">https:\/\/sistemas.colmex.mx\/Reportes\/LACEALAMES\/LACEA-LAMES2019_paper_321.pdf<\/a><\/p>\n\n\n\n<p class=\"has-small-font-size wp-block-paragraph\">Morales, A. y Villa, Ca\u00f1a (06 de mayyo 2020). AMLO rechaza aumento de agresiones contra mujeres en confinamiento&nbsp; por COVID-19. Consultado el 11 de mayo 2020 en&nbsp;<a href=\"https:\/\/www.eluniversal.com.mx\/nacion\/amlo-rechaza-aumento-de-agresiones-contra-mujeres-en-confinamiento-por-covid-19\">https:\/\/www.eluniversal.com.mx\/nacion\/amlo-rechaza-aumento-de-agresiones-contra-mujeres-en-confinamiento-por-covid-19<\/a><\/p>\n\n\n\n<p class=\"has-small-font-size wp-block-paragraph\">Peterman, A. et al (2020). Pandemics and Violence againts Women and Children. CGD Working paper 528. Washington, DC: Center for Global Development. Consultado el 11 de mayo 2020 en&nbsp;<a href=\"http:\/\/iawmh.org\/wp-content\/uploads\/2020\/04\/pandemics-and-vawg-april2.pdf\">http:\/\/iawmh.org\/wp-content\/uploads\/2020\/04\/pandemics-and-vawg-april2.pdf<\/a><\/p>\n\n\n\n<p class=\"has-small-font-size wp-block-paragraph\">Proporciona LOCATEL a trav\u00e9s de L\u00ednea Mujeres apoyo m\u00e9dico, psicol\u00f3gico y jur\u00eddico. Consultado el 11 de mayo 2020 en&nbsp;<a href=\"http:\/\/comunicacion.cdmx.gob.mx\/noticias\/nota\/proporciona-locatel-traves-de-linea-mujeres-apoyo-medico-psicologico-y-juridico\">http:\/\/comunicacion.cdmx.gob.mx\/noticias\/nota\/proporciona-locatel-traves-de-linea-mujeres-apoyo-medico-psicologico-y-juridico<\/a><\/p>\n\n\n\n<p class=\"has-small-font-size wp-block-paragraph\">Sharoni, S. (2018). Speaking up in the Age of #MeToo and Persistent Patriarchy or what can we learn from an Elevator Incident about Anti-Feminist Backlash. Feminist Review, 120(1), 143\u2013151.&nbsp;<a href=\"https:\/\/doi.org\/10.1057\/s41305-018-0127-6\">https:\/\/doi.org\/10.1057\/s41305-018-0127-6<\/a><\/p>\n\n\n\n<p class=\"has-small-font-size wp-block-paragraph\">Van Wormer, K. (2008). Anti-Feminist Backlash and Violence against Women Worldwide, Social Work &amp; Society, Volume 6, issue 2. Consultado el 11 de mayo 2020 en&nbsp;<a href=\"https:\/\/socwork.net\/sws\/article\/view\/64\/124\">https:\/\/socwork.net\/sws\/article\/view\/64\/124<\/a><\/p>\n\n\n\n<hr class=\"wp-block-separator\"\/>\n\n\n\n<p class=\"has-small-font-size wp-block-paragraph\"><a href=\"https:\/\/www.cide.edu\/coronavirus\/2020\/05\/11\/violencia-de-genero-en-tiempos-de-covid-19\/#_ftnref1\">[1]<\/a>&nbsp;Aunque es importante subrayar que la Secretar\u00eda para las Mujeres de la CDMX reporta que han capacitado a las personas operadoras para que puedan catalogar el tipo de violencia reportada.<\/p>\n\n\n\n<p class=\"has-small-font-size wp-block-paragraph\"><a href=\"https:\/\/www.cide.edu\/coronavirus\/2020\/05\/11\/violencia-de-genero-en-tiempos-de-covid-19\/#_ftnref2\">[2]<\/a>&nbsp;El rect\u00e1ngulo gris representa el periodo de tiempo del 28 de febrero cuando se present\u00f3 el primer caso de COVID-19 hasta al 12 de abril 2020 que es la \u00faltima actualizaci\u00f3n de los datos.<\/p>\n","protected":false},"excerpt":{"rendered":"<p>Realiz\u00f3 un estudio con motivo del desd\u00e9n presidencial del pasado 6 de mayo cuando dijo que no ha aumentado la violencia contra mujeres en cuarentena, lo que si hay es mucha \u201cfraternidad\u201d familiar.<\/p>\n","protected":false},"author":3,"featured_media":20751,"comment_status":"open","ping_status":"open","sticky":false,"template":"","format":"standard","meta":{"_monsterinsights_skip_tracking":false,"footnotes":""},"categories":[691,54],"tags":[],"class_list":["post-20750","post","type-post","status-publish","format-standard","has-post-thumbnail","category-691","category-mujeres"],"_links":{"self":[{"href":"https:\/\/redsemlac.com\/semmexico\/wp-json\/wp\/v2\/posts\/20750","targetHints":{"allow":["GET"]}}],"collection":[{"href":"https:\/\/redsemlac.com\/semmexico\/wp-json\/wp\/v2\/posts"}],"about":[{"href":"https:\/\/redsemlac.com\/semmexico\/wp-json\/wp\/v2\/types\/post"}],"author":[{"embeddable":true,"href":"https:\/\/redsemlac.com\/semmexico\/wp-json\/wp\/v2\/users\/3"}],"replies":[{"embeddable":true,"href":"https:\/\/redsemlac.com\/semmexico\/wp-json\/wp\/v2\/comments?post=20750"}],"version-history":[{"count":0,"href":"https:\/\/redsemlac.com\/semmexico\/wp-json\/wp\/v2\/posts\/20750\/revisions"}],"wp:featuredmedia":[{"embeddable":true,"href":"https:\/\/redsemlac.com\/semmexico\/wp-json\/wp\/v2\/media\/20751"}],"wp:attachment":[{"href":"https:\/\/redsemlac.com\/semmexico\/wp-json\/wp\/v2\/media?parent=20750"}],"wp:term":[{"taxonomy":"category","embeddable":true,"href":"https:\/\/redsemlac.com\/semmexico\/wp-json\/wp\/v2\/categories?post=20750"},{"taxonomy":"post_tag","embeddable":true,"href":"https:\/\/redsemlac.com\/semmexico\/wp-json\/wp\/v2\/tags?post=20750"}],"curies":[{"name":"wp","href":"https:\/\/api.w.org\/{rel}","templated":true}]}}