{"id":20746,"date":"2020-05-15T22:58:08","date_gmt":"2020-05-15T22:58:08","guid":{"rendered":"https:\/\/redsemlac.com\/semmexico\/?p=20746"},"modified":"2023-07-21T16:19:15","modified_gmt":"2023-07-21T21:19:15","slug":"colima","status":"publish","type":"post","link":"https:\/\/redsemlac.com\/semmexico\/colima\/","title":{"rendered":"A 15 d\u00edas de desaparecida la diputada Anel Bueno, PGJ de Colima no emite alerta"},"content":{"rendered":"\n<ul class=\"wp-block-list\"><li><strong>Piden legisladores locales a la FGR atraiga el caso ante la ineficacia de autoridades estatales.<\/strong><\/li><\/ul>\n\n\n\n<p class=\"wp-block-paragraph\"><strong>Redacci\u00f3n<\/strong><\/p>\n\n\n\n<p class=\"wp-block-paragraph\">SemM\u00e9xico\/Billie Parker Noticias. Colima., 15 mayo 2020.-\nDesde el congreso del Estado Emma S\u00e1nchez madre de la diputada local Anel Bueno\nS\u00e1nchez, desaparecida desde hace 15 d\u00edas en lo que llaman \u201clevant\u00f3n\u201d ocurrido\nen Tamala, Ixtlahuac\u00e1n, demand\u00f3 a las autoridades de la Fiscal\u00eda General del\nEstado eficiencia en la investigaci\u00f3n.<\/p>\n\n\n\n<p class=\"wp-block-paragraph\">Emma S\u00e1nchez, se present\u00f3 esta tarde en el Congreso del\nEstado de Colima y respaldada por las y los diputados compa\u00f1eros de su hija,\nacus\u00f3 que luego de 15 d\u00edas y de recomendaciones de \u201cquedarse callada\u201d, la\ninvestigaci\u00f3n que autoridades estatales realizan no tienen ning\u00fan avance.<\/p>\n\n\n\n<p class=\"wp-block-paragraph\">&nbsp;\u201cPorque hasta ahora\nno ha podido dar un resultado concreto que conduzca a la localizaci\u00f3n de mi\nhija, por esa raz\u00f3n, con el respaldo de las y legisladores compa\u00f1eros de Anel,\nsolicit\u00e9 la atracci\u00f3n del caso a la Fiscal\u00eda General de la Rep\u00fablica (FGR) para\nque autoridades federales investiguen los hechos ocurridos\u201d.<\/p>\n\n\n\n<p class=\"wp-block-paragraph\">La madre narr\u00f3 que el 29 de abril la legisladora fue vista\nla \u00faltima vez en la comunidad del municipio ixtlahuaquense en el que\npresuntamente la abordaron personas desconocidas para llev\u00e1rsela.<\/p>\n\n\n\n<p class=\"wp-block-paragraph\">Lament\u00f3 la ineficiencia y explic\u00f3 que al resultar\ninsoportable la situaci\u00f3n que vive opt\u00f3 por hacer p\u00fablica su b\u00fasqueda con la\nesperanza de saber de conocer su paradero.<\/p>\n\n\n\n<p class=\"wp-block-paragraph\">Denunci\u00f3 que desde el s\u00e1bado 9 de mayo solicit\u00f3 a la\nFiscal\u00eda del Estado de Colima, que se emitiera la Alerta pero la fiscal\u00eda de\nColima no ha procedido.<\/p>\n\n\n\n<p class=\"wp-block-paragraph\">Igualmente los legisladores de la bancada de MORENA, del\nEstado de Colima exigieron a las autoridades tomar cartas en el asunto de\nmanera pronta y expedita.<\/p>\n\n\n\n<p class=\"wp-block-paragraph\">Luego de condenar los hechos de la desaparici\u00f3n exigieron\nque la fuerza del Estado a trav\u00e9s de la Fiscal\u00eda General del Estado y de las\ninstituciones policiales, no cese hasta no dar con el paradero de ella , as\u00ed\ncomo de muchos otros ciudadanos y ciudadanas que se encuentran en calidad de\ndesaparecidos<\/p>\n\n\n\n<p class=\"wp-block-paragraph\">&nbsp;\u201cEsta Legislatura,\nsiempre estar\u00e1 dispuesta a contribuir dentro de su \u00e1mbito de competencia, para\nque igualmente se mejoren significativamente las condiciones de seguridad y\njusticia en nuestro Estado\u201d.<\/p>\n\n\n\n<p class=\"wp-block-paragraph\">Araceli Garc\u00eda Muro, diputada local, ratific\u00f3 lo expresado\npor la familiar de Anel Bueno, al referir que las autoridades responsables de\nla investigaci\u00f3n no han dado resultados al esclarecimiento de la desaparici\u00f3n\nde su compa\u00f1era legisladora Anel Bueno.<\/p>\n\n\n\n<p class=\"wp-block-paragraph\">&nbsp;\u201cEs por ello que\nestimamos pertinente externar una exigencia a aquellas para que se redoblen\nesfuerzos por esclarecer tan atroz acontecimiento de una representante popular\ndel Municipio de Ixtlahuac\u00e1n, confiamos plenamente en el profesionalismo y\ncapacidad de nuestros servidores p\u00fablicos a quienes se ha encomendado la\npersecuci\u00f3n e investigaci\u00f3n del Delito\u201d.<\/p>\n\n\n\n<p class=\"wp-block-paragraph\">El diputado Vladimir Parra Barrag\u00e1n urgi\u00f3 a las autoridades\nque den su m\u00e1ximo esfuerzo para encontrar a Anel Bueno y desde el Congreso\ncolaborar\u00e1n totalmente en lo que las autoridades correspondientes requieran.<\/p>\n\n\n\n<p class=\"wp-block-paragraph\">&nbsp;\u201cHan pasado ya 15\nd\u00edas desde la desaparici\u00f3n de nuestra compa\u00f1era, sin embargo, nosotros no\ntenemos informaci\u00f3n salvo la que hemos visto publicada en algunos medios de\ncomunicaci\u00f3n, que desde hace un par de d\u00edas comenzaron a publicar algunas notas\nal respecto\u201d, sentenci\u00f3.<\/p>\n\n\n\n<p class=\"wp-block-paragraph\">Por informes locales se da a conocer que Bueno S\u00e1nchez fue\nlevantada por al menos tres sujetos llegaron por la noche al domicilio de la\ndiputada, oblig\u00e1ndola a subirse a un veh\u00edculo para luego partir con rumbo\ndesconocido.<\/p>\n\n\n\n<p class=\"wp-block-paragraph\">La legisladora desaparecida fue una persona muy cercana al alcalde de Ixtlahuac\u00e1n, Crispin Guti\u00e9rrez Moreno, quien fuera asesinado por un grupo armado el pasado 20 de octubre de 2017 cuando viajaba en su veh\u00edculo sobre la carretera Manzanillo-Colima a la altura de la comunidad de Loma de F\u00e1tima, en el municipio de Colima.<\/p>\n\n\n\n<p class=\"wp-block-paragraph\">SEM\/BPN<\/p>\n","protected":false},"excerpt":{"rendered":"<p>Piden legisladores locales a la FGR atraiga el caso ante la ineficacia de autoridades estatales.<\/p>\n","protected":false},"author":3,"featured_media":20747,"comment_status":"open","ping_status":"open","sticky":false,"template":"","format":"standard","meta":{"_monsterinsights_skip_tracking":false,"footnotes":""},"categories":[691,50],"tags":[],"class_list":["post-20746","post","type-post","status-publish","format-standard","has-post-thumbnail","category-691","category-congreso"],"_links":{"self":[{"href":"https:\/\/redsemlac.com\/semmexico\/wp-json\/wp\/v2\/posts\/20746","targetHints":{"allow":["GET"]}}],"collection":[{"href":"https:\/\/redsemlac.com\/semmexico\/wp-json\/wp\/v2\/posts"}],"about":[{"href":"https:\/\/redsemlac.com\/semmexico\/wp-json\/wp\/v2\/types\/post"}],"author":[{"embeddable":true,"href":"https:\/\/redsemlac.com\/semmexico\/wp-json\/wp\/v2\/users\/3"}],"replies":[{"embeddable":true,"href":"https:\/\/redsemlac.com\/semmexico\/wp-json\/wp\/v2\/comments?post=20746"}],"version-history":[{"count":0,"href":"https:\/\/redsemlac.com\/semmexico\/wp-json\/wp\/v2\/posts\/20746\/revisions"}],"wp:featuredmedia":[{"embeddable":true,"href":"https:\/\/redsemlac.com\/semmexico\/wp-json\/wp\/v2\/media\/20747"}],"wp:attachment":[{"href":"https:\/\/redsemlac.com\/semmexico\/wp-json\/wp\/v2\/media?parent=20746"}],"wp:term":[{"taxonomy":"category","embeddable":true,"href":"https:\/\/redsemlac.com\/semmexico\/wp-json\/wp\/v2\/categories?post=20746"},{"taxonomy":"post_tag","embeddable":true,"href":"https:\/\/redsemlac.com\/semmexico\/wp-json\/wp\/v2\/tags?post=20746"}],"curies":[{"name":"wp","href":"https:\/\/api.w.org\/{rel}","templated":true}]}}