{"id":20743,"date":"2020-05-15T22:52:07","date_gmt":"2020-05-15T22:52:07","guid":{"rendered":"https:\/\/redsemlac.com\/semmexico\/?p=20743"},"modified":"2023-07-21T16:19:15","modified_gmt":"2023-07-21T21:19:15","slug":"un-ano-sin-directora-en-el-ivm-afecta-a-las-ninas-y-mujeres-en-veracruz-sepasevm","status":"publish","type":"post","link":"https:\/\/redsemlac.com\/semmexico\/un-ano-sin-directora-en-el-ivm-afecta-a-las-ninas-y-mujeres-en-veracruz-sepasevm\/","title":{"rendered":"Un a\u00f1o sin directora en el IVM afecta a las ni\u00f1as y mujeres en Veracruz: SEPASEVM"},"content":{"rendered":"\n<ul class=\"wp-block-list\"><li><strong>Se\nincumple con el deber legal de dotar a las mujeres una vida libre sin\nviolencia.<\/strong><\/li><\/ul>\n\n\n\n<p class=\"wp-block-paragraph\"><strong>Redacci\u00f3n<\/strong><\/p>\n\n\n\n<p class=\"wp-block-paragraph\">SemM\u00e9xico\/Billie Parker Noticias. Xalapa, Veracruz. 15 mayo\n2020.- A un a\u00f1o sin directora en el IVM , el Sistema Estatal para Prevenir,\nAtender, Sancionar y Erradicar la Violencia Contra las Mujeres de Veracruz\ncuestionan la figura de \u201cencargada del despacho\u201d en el Instituto Veracruzano de\nlas mujeres, lo cual, documentan, transgrede el derecho de las veracruzanas a\nbeneficiarse de sus programas y acciones.<\/p>\n\n\n\n<p class=\"wp-block-paragraph\">&nbsp;\u201cDurante este periodo\nquien ha estado al frente de dicha Instituci\u00f3n se desempe\u00f1a como \u201cEncargada de\nDespacho\u201d, figura que no existe dentro de la Ley que crea el Instituto Veracruzano\nde las Mujeres, por lo mismo carece de certeza jur\u00eddica para ejercer las\nfacultades marcadas en el art\u00edculo 17 de la misma, afectando el funcionamiento\ndel Instituto\u201d, aducen.<\/p>\n\n\n\n<p class=\"wp-block-paragraph\">En una carta p\u00fablica al Gobernador y al Secretario de\nGobierno en Veracruz, el \u00f3rgano integrado por 4 mujeres, 3 de la sociedad civil\ny 1 de la academia, Lorena Redondo, Katya Gabriela Esteva, Myriam Lagunes Mar\u00eda\ny Alma Delia Hern\u00e1ndez, revela que se tiene conocimiento de que la convocatoria\npara la elecci\u00f3n de la Titular del IVM fue elaborada y entregada a la\nSecretar\u00eda del Gobierno del Estado de Veracruz, desde el 31 de julio del 2019.<\/p>\n\n\n\n<p class=\"wp-block-paragraph\">&nbsp;\u201cSituaci\u00f3n que nos\npreocupa ya que significa un claro desinter\u00e9s y\/o una t\u00e1ctica dilatoria en lo\nque al proceso de selecci\u00f3n respecta, as\u00ed como un acto de violencia\ninstitucional e incumplimiento del deber legal por parte de la o las personas\nque resulten responsables de obstruir su publicaci\u00f3n\u201d.<\/p>\n\n\n\n<p class=\"wp-block-paragraph\">El Instituto Veracruzano de las Mujeres es el ente m\u00e1s\nimportante en lo que al dise\u00f1o de pol\u00edticas p\u00fablicas, elaboraci\u00f3n de\npresupuestos y programas, coordinaci\u00f3n de acciones y promoci\u00f3n de campa\u00f1as con\nperspectiva de g\u00e9nero se refiere y no podemos ni debemos seguir sin darle la\nimportancia y seriedad que merece.<\/p>\n\n\n\n<p class=\"wp-block-paragraph\">Derivado de las medidas para hacer frente al Covid-19\ntenemos una realidad sin precedentes en lo que a violencia contra las mujeres\nrespecta, hoy m\u00e1s que nunca necesitamos que quienes adquirieron el compromiso\nde representarnos cumplan con su responsabilidad y se apeguen a lo que marca la\nLey, no pedimos m\u00e1s pero tampoco vamos a aceptar menos.<\/p>\n\n\n\n<p class=\"wp-block-paragraph\">Define que ante el incumplimiento se afecta uno de los\nprincipales objetivos del SEPASEVM -del cual tendr\u00eda que fungir como Secretar\u00eda\nEjecutiva la Titular del IVM- es la elaboraci\u00f3n del Programa Estatal para\nPrevenir, Atender, Sancionar y Erradicar la Violencia contra las Mujeres en\nVeracruz, en el que se articulan las pol\u00edticas, programas y proyectos\ninterinstitucionales que tienen como finalidad acabar con la violencia de\ng\u00e9nero.<\/p>\n\n\n\n<p class=\"wp-block-paragraph\">&nbsp;\u201cQuienes\nrepresentamos a las Organizaciones de la Sociedad Civil y las Instituciones\nAcad\u00e9micas en el Sistema Estatal para Prevenir, Atender, Sancionar y Erradicar\nla Violencia contra las Mujeres, nos sumamos a las voces que exigen a todos los\nniveles de Gobierno atender la situaci\u00f3n de violencia de g\u00e9nero que vivimos en\nVeracruz, esto incluye fortalecer las Instituciones que se encargan de\ngarantizar a las mujeres y ni\u00f1as una vida libre de violencia, as\u00ed como hacer\nllegar en tiempo y forma los recursos destinados para el adecuado\nfuncionamiento de los refugios para mujeres en situaci\u00f3n de violencia extrema\u201d.<\/p>\n\n\n\n<p class=\"wp-block-paragraph\">El Instituto Veracruzano de las Mujeres es el ente m\u00e1s\nimportante en lo que al dise\u00f1o de pol\u00edticas p\u00fablicas, elaboraci\u00f3n de presupuestos\ny programas, coordinaci\u00f3n de acciones y promoci\u00f3n de campa\u00f1as con perspectiva\nde g\u00e9nero se refiere y no podemos ni debemos seguir sin darle la importancia y\nseriedad que merece.<\/p>\n\n\n\n<p class=\"wp-block-paragraph\">El sistema est\u00e1 contenido en la ley de acceso a una vida sin\nviolencia y se encuentra conformado por integrantes de la sociedad civil y\nacad\u00e9micas para ser un \u00f3rgano que supervise las acciones que se tomen por parte\ndel estado, contra la violencia hacia mujeres y ni\u00f1as.<\/p>\n\n\n\n<p class=\"wp-block-paragraph\"><strong>CARTA A LA OPINI\u00d6N P\u00daBLICA<\/strong><\/p>\n\n\n\n<p class=\"wp-block-paragraph\"><strong>ING. CUITL\u00c1HUAC\nGARC\u00cdA J\u00cdMENEZ<\/strong><\/p>\n\n\n\n<p class=\"wp-block-paragraph\"><strong>GOBERNADOR DEL ESTADO\nDE VERACRUZ<\/strong><\/p>\n\n\n\n<p class=\"wp-block-paragraph\"><strong>LIC. ERICK PATROCINIO\nCISNEROS BURGOS<\/strong><\/p>\n\n\n\n<p class=\"wp-block-paragraph\"><strong>SECRETARIO DE\nGOBIERNO<\/strong><\/p>\n\n\n\n<p class=\"wp-block-paragraph\"><strong>A LA OPINI\u00d3N P\u00daBLICA<\/strong><\/p>\n\n\n\n<p class=\"wp-block-paragraph\"><strong>MEDIOS DE\nCOMUNICACI\u00d3N<\/strong><\/p>\n\n\n\n<p class=\"wp-block-paragraph\"><em>El d\u00eda de hoy el\nInstituto Veracruzano de la Mujer (IVM) cumple un a\u00f1o sin Directora. Durante\neste periodo quien ha estado al frente de dicha Instituci\u00f3n se desempe\u00f1a como\n\u201cEncargada de Despacho\u201d, figura que no existe dentro de la Ley que crea el\nInstituto Veracruzano de las Mujeres, por lo mismo carece de certeza jur\u00eddica\npara ejercer las facultades marcadas en el art\u00edculo 17 de la misma, afectando\nel funcionamiento del Instituto y por ende transgrediendo el derecho de las\nveracruzanas a beneficiarse de sus programas y acciones.<\/em><\/p>\n\n\n\n<p class=\"wp-block-paragraph\"><em>Estamos en\nconocimiento de que la convocatoria para la elecci\u00f3n de la Titular del IVM fue\nelaborada y entregada a la Secretar\u00eda del Gobierno del Estado de Veracruz,\ndesde el 31 de julio del 2019, situaci\u00f3n que nos preocupa ya que significar\u00eda\nun claro desinter\u00e9s y\/o una t\u00e1ctica dilatoria en lo que al proceso de selecci\u00f3n\nrespecta, as\u00ed como un acto de violencia institucional e incumplimiento del\ndeber legal por parte de la o las personas que resulten responsables de\nobstruir su publicaci\u00f3n.<\/em><\/p>\n\n\n\n<p class=\"wp-block-paragraph\"><em>Uno de los principales\nobjetivos del SEPASEVM -del cual tendr\u00eda que fungir como Secretaria Ejecutiva la\nTitular del IVM- es la elaboraci\u00f3n del Programa Estatal para Prevenir, Atender,\nSancionar y Erradicar la Violencia contra las Mujeres en Veracruz, en el que se\narticulan las pol\u00edticas, programas y proyectos interinstitucionales que tienen\ncomo finalidad acabar con la violencia de g\u00e9nero; este documento es fundamental\npara implementar y evaluar las acciones que las diversas Dependencias del\nEstado tendr\u00edan que estar llevando a cabo. Al d\u00eda de hoy, no sabemos en qu\u00e9\nfecha lo dar\u00e1n a conocer, tampoco sabemos si hay una estrategia o l\u00ednea de\ntrabajo a seguir para hacer frente a las crecientes cifras de agresiones contra\nmujeres y ni\u00f1as, encrudecidas a\u00fan m\u00e1s durante la pandemia del Coronavirus, a\npesar de nuestra insistencia en la importancia de cumplir con las reuniones\nagendadas con los y las dem\u00e1s integrantes del sistema, estas siguen siendo\ncanceladas o pospuestas, siendo esto tambi\u00e9n incumplimiento de un deber legal.<\/em><\/p>\n\n\n\n<p class=\"wp-block-paragraph\"><em>Quienes representamos\na las Organizaciones de la Sociedad Civil y las Instituciones Acad\u00e9micas en el\nSistema Estatal para Prevenir, Atender, Sancionar y Erradicar la Violencia\ncontra las Mujeres, nos sumamos a las voces que exigen a todos los niveles de Gobierno\natender la situaci\u00f3n de violencia de g\u00e9nero que vivimos en Veracruz, esto\nincluye fortalecer las Instituciones que se encargan de garantizar a las\nmujeres y ni\u00f1as una vida libre de violencia, as\u00ed como hacer llegar en tiempo y\nforma los recursos destinados para el adecuado funcionamiento de los refugios\npara mujeres en situaci\u00f3n de violencia extrema.<\/em><\/p>\n\n\n\n<p class=\"wp-block-paragraph\"><em>El Instituto\nVeracruzano de las Mujeres es el ente m\u00e1s importante en lo que al dise\u00f1o de\npol\u00edticas p\u00fablicas, elaboraci\u00f3n de presupuestos y programas, coordinaci\u00f3n de\nacciones y promoci\u00f3n de campa\u00f1as con perspectiva de g\u00e9nero se refiere y no\npodemos ni debemos seguir sin darle la importancia y seriedad que merece.<\/em><\/p>\n\n\n\n<p class=\"wp-block-paragraph\"><em>Derivado de las\nmedidas para hacer frente al Covid-19 tenemos una realidad sin precedentes en\nlo que a violencia contra las mujeres respecta, hoy m\u00e1s que nunca necesitamos\nque quienes adquirieron el compromiso de representarnos cumplan con su\nresponsabilidad y se apeguen a lo que marca la Ley, no pedimos m\u00e1s pero tampoco\nvamos a aceptar menos.<\/em><\/p>\n\n\n\n<p class=\"wp-block-paragraph\"><strong>Lorena Redondo Katya Gabriela Esteva<\/strong><\/p>\n\n\n\n<p class=\"wp-block-paragraph\"><strong>Myriam Lagunes Mar\u00edn Alma Delia Hern\u00e1ndez<\/strong><\/p>\n","protected":false},"excerpt":{"rendered":"<p>Se incumple con el deber legal de dotar a las mujeres una vida libre sin violencia.<\/p>\n","protected":false},"author":3,"featured_media":20744,"comment_status":"open","ping_status":"open","sticky":false,"template":"","format":"standard","meta":{"_monsterinsights_skip_tracking":false,"footnotes":""},"categories":[691,51],"tags":[],"class_list":["post-20743","post","type-post","status-publish","format-standard","has-post-thumbnail","category-691","category-ejecutivo"],"_links":{"self":[{"href":"https:\/\/redsemlac.com\/semmexico\/wp-json\/wp\/v2\/posts\/20743","targetHints":{"allow":["GET"]}}],"collection":[{"href":"https:\/\/redsemlac.com\/semmexico\/wp-json\/wp\/v2\/posts"}],"about":[{"href":"https:\/\/redsemlac.com\/semmexico\/wp-json\/wp\/v2\/types\/post"}],"author":[{"embeddable":true,"href":"https:\/\/redsemlac.com\/semmexico\/wp-json\/wp\/v2\/users\/3"}],"replies":[{"embeddable":true,"href":"https:\/\/redsemlac.com\/semmexico\/wp-json\/wp\/v2\/comments?post=20743"}],"version-history":[{"count":0,"href":"https:\/\/redsemlac.com\/semmexico\/wp-json\/wp\/v2\/posts\/20743\/revisions"}],"wp:featuredmedia":[{"embeddable":true,"href":"https:\/\/redsemlac.com\/semmexico\/wp-json\/wp\/v2\/media\/20744"}],"wp:attachment":[{"href":"https:\/\/redsemlac.com\/semmexico\/wp-json\/wp\/v2\/media?parent=20743"}],"wp:term":[{"taxonomy":"category","embeddable":true,"href":"https:\/\/redsemlac.com\/semmexico\/wp-json\/wp\/v2\/categories?post=20743"},{"taxonomy":"post_tag","embeddable":true,"href":"https:\/\/redsemlac.com\/semmexico\/wp-json\/wp\/v2\/tags?post=20743"}],"curies":[{"name":"wp","href":"https:\/\/api.w.org\/{rel}","templated":true}]}}