{"id":20740,"date":"2020-05-15T22:47:34","date_gmt":"2020-05-15T22:47:34","guid":{"rendered":"https:\/\/redsemlac.com\/semmexico\/?p=20740"},"modified":"2023-07-21T16:19:15","modified_gmt":"2023-07-21T21:19:15","slug":"reconocen-incremento-de-violencia-contra-las-mujeres-en-xalapa","status":"publish","type":"post","link":"https:\/\/redsemlac.com\/semmexico\/reconocen-incremento-de-violencia-contra-las-mujeres-en-xalapa\/","title":{"rendered":"Reconocen incremento de violencia contra las mujeres en Xalapa"},"content":{"rendered":"\n<ul class=\"wp-block-list\"><li><strong>Francisco\nVilla Campa asegura que el domingo levantar\u00e1n restricciones a movilidad y ley\nseca en Xalapa.<\/strong><\/li><\/ul>\n\n\n\n<p class=\"wp-block-paragraph\"><strong>Nicol\u00e1s Cruz\nHern\u00e1ndez\/Billie Parker Noticias<\/strong><\/p>\n\n\n\n<p class=\"wp-block-paragraph\">SemM\u00e9xico\/Billie Parker Noticias. Xalapa, Veracruz. 15 Mayo\n2020.- Francisco Villa Campa, director de la Polic\u00eda municipal de Xalapa,\nasegur\u00f3 que en el caso de la violencia contra las mujeres, \u201cdesafortunadamente\nha ido en aumento\u201d, aun cuando por otro lado reporta que la violencia dom\u00e9stica\npor el confinamiento tuvo una tendencia a la baja en la capital veracruzana.<\/p>\n\n\n\n<p class=\"wp-block-paragraph\">&nbsp;\u201cEn Xalapa, hubo un\nrepunte en carpetas de investigaci\u00f3n en fiscal\u00eda en marzo y abril, ahorita en\nmayo, est\u00e1 funcionando el trabajo que se est\u00e1 haciendo de manera conjunta con\ngobierno del Estado y el Instituto de la mujer, y se est\u00e1n implantando los\nmecanismos\u201d, refiri\u00f3.<\/p>\n\n\n\n<p class=\"wp-block-paragraph\">La ley seca est\u00e1 ayudando, a\u00f1adi\u00f3 \u201cporque de diez casos de\nviolencia contra las mujeres, nueve son bajo el consumo de alguna sustancia\ncomo el alcohol\u201d, explic\u00f3 ante la prensa. Advirti\u00f3 que este fin de semana el\nAyuntamiento implementar\u00e1 la ley seca, \u201cy en ese sentido vamos a tener buenos\nresultados\u201d.<\/p>\n\n\n\n<p class=\"wp-block-paragraph\">Pero por otro lado, el jefe de la polic\u00eda municipal en\nXalapa inform\u00f3 que disminuyeron los reportes por problemas familiares que se\nven\u00edan dando en las casas, entre los matrimonios, por el encierro.<\/p>\n\n\n\n<p class=\"wp-block-paragraph\">Detall\u00f3 que la semana pasada se recibi\u00f3 solo una llamada\nsobre este problema y en la presente semana solamente dos llamadas fueron\nregistradas en ese rubro y que han quedado en faltas administrativas y no se ha\nllegado a una denuncia en la fiscal\u00eda.<\/p>\n\n\n\n<p class=\"wp-block-paragraph\">En el mes de marzo, la primera etapa del confinamiento\nsocial, la violencia intrafamiliar a nivel nacional subieron un 22 por ciento,\ndetectadas en las 115 mil llamadas, de 92 mil que se hab\u00edan registrado en\nfebrero.<\/p>\n\n\n\n<p class=\"wp-block-paragraph\">En el caso de los otros delitos cometidos aqu\u00ed en la capital\ndel Estado, dijo que ha bajado el robo a casa- habitaci\u00f3n y el asalto al\ntranse\u00fante, que ha ido de la mano por la disminuci\u00f3n del flujo de peatones en\nv\u00eda p\u00fablica.<\/p>\n\n\n\n<p class=\"wp-block-paragraph\">Precis\u00f3 que han estado haciendo unos acompa\u00f1amientos a\npersonas en retiros a cajeros y las polic\u00edas municipales y estatal tambi\u00e9n est\u00e1\nrealizando estos apoyos y con esto se evita el robo a cuentahabiente.<\/p>\n\n\n\n<p class=\"wp-block-paragraph\">Se est\u00e1 trabajando en coordinaci\u00f3n con Polic\u00eda estatal en\nalgunas colonias para incrementar revisi\u00f3n de motociclistas ya que hay puntos\nse\u00f1alados de robo a transe\u00fantes, por personas con motos.<\/p>\n\n\n\n<p class=\"wp-block-paragraph\">En el robo a comercio, dijo que se ha presentado en los\ncomercios de comestibles, donde hay flujo de dinero y se\u00f1al\u00f3 que \u201cdonde estamos\npuntualizando los ojos termodelincuenciales es donde estamos metiendo la\noperatividad, junto con el gobierno del Estado, trabajando con Fuerza Civil y\nfiscal\u00eda tambi\u00e9n est\u00e1 realizando algunos operativos\u201d.<\/p>\n\n\n\n<p class=\"wp-block-paragraph\">Dijo que el mapa delincuencial se\u00f1ala la zona noreste de\nXalapa como foco rojo, pero afortunadamente las c\u00e1maras ubicadas en esa zona\nest\u00e1n funcionando y les est\u00e1n dando indicios de veh\u00edculos en los cuales est\u00e1n\nhuyendo estas personas.<\/p>\n\n\n\n<p class=\"wp-block-paragraph\">Hasta el domingo levantan la ley seca y levantan los\ncierres.<\/p>\n\n\n\n<p class=\"wp-block-paragraph\">Sobre las medidas de movilidad implementadas a partir de\neste d\u00eda hasta el pr\u00f3ximo domingo, Francisco Villa Campa director de la Polic\u00eda\nmunicipal de Xalapa, dio a conocer que el gobierno del Estado instruyo algunos\npuntos de vigilancia, con el fin de inhibir el ingreso de veh\u00edculos a la zona\ndel Centro hist\u00f3rico y parte de la colonia Centro.<\/p>\n\n\n\n<p class=\"wp-block-paragraph\">Dijo que est\u00e1n coordinados con Tr\u00e1nsito y Vialidad, as\u00ed como\nla polic\u00eda estatal para poder impedir la circulaci\u00f3n y el ejemplo de la semana\npasada, funcion\u00f3 y de acuerdo al balance fue ben\u00e9fico para la movilidad de los\nciudadanos para quedarse en casa y mantener la sana distancia.<\/p>\n\n\n\n<p class=\"wp-block-paragraph\">&nbsp;\u201cVolvemos hacer un\nllamado ahorita, tenemos un fin de semana de quincena, un fin de semana del d\u00eda\ndel maestro, entonces se est\u00e1n tomando algunas medidas para poder evitar\naglomeraciones n\u00famero uno, n\u00famero dos evitar reuniones que puedan ocasionar el\ncontagio de personas y en este caso contribuir a que no aumente la curva de contagios\u201d.<\/p>\n","protected":false},"excerpt":{"rendered":"<p>Francisco Villa Campa asegura que el domingo levantar\u00e1n restricciones a movilidad y ley seca en Xalapa.<\/p>\n","protected":false},"author":3,"featured_media":20741,"comment_status":"open","ping_status":"open","sticky":false,"template":"","format":"standard","meta":{"_monsterinsights_skip_tracking":false,"footnotes":""},"categories":[691,51],"tags":[],"class_list":["post-20740","post","type-post","status-publish","format-standard","has-post-thumbnail","category-691","category-ejecutivo"],"_links":{"self":[{"href":"https:\/\/redsemlac.com\/semmexico\/wp-json\/wp\/v2\/posts\/20740","targetHints":{"allow":["GET"]}}],"collection":[{"href":"https:\/\/redsemlac.com\/semmexico\/wp-json\/wp\/v2\/posts"}],"about":[{"href":"https:\/\/redsemlac.com\/semmexico\/wp-json\/wp\/v2\/types\/post"}],"author":[{"embeddable":true,"href":"https:\/\/redsemlac.com\/semmexico\/wp-json\/wp\/v2\/users\/3"}],"replies":[{"embeddable":true,"href":"https:\/\/redsemlac.com\/semmexico\/wp-json\/wp\/v2\/comments?post=20740"}],"version-history":[{"count":0,"href":"https:\/\/redsemlac.com\/semmexico\/wp-json\/wp\/v2\/posts\/20740\/revisions"}],"wp:featuredmedia":[{"embeddable":true,"href":"https:\/\/redsemlac.com\/semmexico\/wp-json\/wp\/v2\/media\/20741"}],"wp:attachment":[{"href":"https:\/\/redsemlac.com\/semmexico\/wp-json\/wp\/v2\/media?parent=20740"}],"wp:term":[{"taxonomy":"category","embeddable":true,"href":"https:\/\/redsemlac.com\/semmexico\/wp-json\/wp\/v2\/categories?post=20740"},{"taxonomy":"post_tag","embeddable":true,"href":"https:\/\/redsemlac.com\/semmexico\/wp-json\/wp\/v2\/tags?post=20740"}],"curies":[{"name":"wp","href":"https:\/\/api.w.org\/{rel}","templated":true}]}}