{"id":20712,"date":"2020-05-15T21:37:04","date_gmt":"2020-05-15T21:37:04","guid":{"rendered":"https:\/\/redsemlac.com\/semmexico\/?p=20712"},"modified":"2023-07-21T16:19:16","modified_gmt":"2023-07-21T21:19:16","slug":"responden-a-amlo-las-mujeres-y-los-datos-no-mienten","status":"publish","type":"post","link":"https:\/\/redsemlac.com\/semmexico\/responden-a-amlo-las-mujeres-y-los-datos-no-mienten\/","title":{"rendered":"Responden a AMLO, las mujeres y los datos no mienten"},"content":{"rendered":"\n<ul class=\"wp-block-list\"><li><strong>En cadena reaccionan mujeres de las m\u00e1s dis\u00edmbolas actividades, or\u00edgenes y lugares ante la banalidad de los dichos del presidente de la Rep\u00fablica.<\/strong><\/li><\/ul>\n\n\n\n<ul class=\"wp-block-list\"><li><strong>Llaman a las responsables de igualdad y no violencia a la Comisi\u00f3n Permanente del Congreso.<\/strong><\/li><\/ul>\n\n\n\n<ul class=\"wp-block-list\"><li><strong>Indignadas, con rabia, extra\u00f1adas, aburridas, est\u00e1n las mujeres frente al discurso repetitivo de AMLO<\/strong>.<\/li><\/ul>\n\n\n\n<p class=\"wp-block-paragraph\">Sara Lovera<\/p>\n\n\n\n<p class=\"wp-block-paragraph\">SemM\u00e9xico. Cd. de M\u00e9xico. 15 de mayo de 2020- Las declaraciones del presidente Andr\u00e9s Manuel L\u00f3pez Obrador de esta ma\u00f1ana empoderan a los agresores en casa; desmienten a los \u00f3rganos que reciben las denuncias; llama mentirosas a las mujeres mexicanas y evidencian su machismo y misoginia, afirman decenas de mujeres de redes, chats y un pronunciamiento inmediato desde la C\u00e1mara de Diputados.<\/p>\n\n\n\n<p class=\"wp-block-paragraph\">Las internautas, y participantes en chats feministas y de diversas ciudadanas exigieron que el presidente pruebe con datos cient\u00edficos sus dichos o que rectifique.&nbsp;<\/p>\n\n\n\n<p class=\"wp-block-paragraph\">Las afirmaciones de L\u00f3pez Obrador suceden a menos de 10 d\u00edas en que en sendas cartas, firmadas por Amnist\u00eda Internacional, la organizaci\u00f3n EQUIS Justicia para las Mujeres, y decenas de acad\u00e9micas y funcionarias pidieron acciones contundentes y comprometidas para parar la pandemia de la violencia en casa.<\/p>\n\n\n\n<p class=\"wp-block-paragraph\">Protestan por la banalidad con que compar\u00f3 la \u201cfalsedad \u201cde las llamadas con las que se hacen para asustar o intimidad anunciando una bomba en el Metro; y decirles mentirosas a las mujeres es inaceptable, dice desde San Luis Potos\u00ed Carolina Fayjo, periodista. Mientras que la diputada de Morena, Lorena Villavicencio afirm\u00f3 que \u201clas mujeres no mentimos, ni las cifras son falsas. Levantar la voz y exigencia es parte de nuestros derechos y los ejerceremos\u201d.<\/p>\n\n\n\n<p class=\"wp-block-paragraph\">La diputada Guadalupe Almaguer, del PRD, inform\u00f3 que ya est\u00e1n preguntando a la Secretar\u00eda de Gobernaci\u00f3n, Olga S\u00e1nchez Cordero qu\u00e9 fue lo que le dijo al presidente, de d\u00f3nde y c\u00f3mo se sabe o presume que las llamadas de auxilio son falsas.<\/p>\n\n\n\n<figure class=\"wp-block-image size-large\"><img decoding=\"async\" src=\"https:\/\/redsemlac.com\/semmexico\/wp-content\/uploads\/2020\/05\/EYERSy0WsAAsu_P-1024x512.jpg\" alt=\"\" class=\"wp-image-20715\"\/><\/figure>\n\n\n\n<figure class=\"wp-block-image size-large\"><img decoding=\"async\" src=\"https:\/\/redsemlac.com\/semmexico\/wp-content\/uploads\/2020\/05\/EYERiEYXgAAECtQ-1024x766.jpg\" alt=\"\" class=\"wp-image-20714\"\/><\/figure>\n\n\n\n<p class=\"wp-block-paragraph\">Guadalupe Ramos, dirigente de CLADEM M\u00e9xico desde Guadalajara anunci\u00f3 un pronunciamiento. La abogada Mireya Toto, creadora de la primera iniciativa sobre la violencia contra las mujeres desde Xalapa exigi\u00f3 que el jefe del gobierno muestre pruebas de sus dichos y que la Secretaria de Gobernaci\u00f3n explique.<\/p>\n\n\n\n<p class=\"wp-block-paragraph\">Otras expresiones de las participantes en el Chat del Encuentro Feminista dicen que es indignante lo que dice y afirma, sin mostrar pruebas. Pero adem\u00e1s ni siquiera explica el fen\u00f3meno y no entiende el problema.<\/p>\n\n\n\n<p class=\"wp-block-paragraph\">Otras son bien claras y se repiten en la rabia que da semejante actitud del jefe de un gobierno, como dice la comunic\u00f3loga Elvira Hern\u00e1ndez Carballido y hace exigible una respuesta.<\/p>\n\n\n\n<p class=\"wp-block-paragraph\">Y as\u00ed dicen: el presidente de la Rep\u00fablica \u201ces indignante\u201d \u201cno entiende\u201d, \u201cnos dice mentirosas a las mujeres\u201d, \u201cdescalifica al Secretariado Ejecutivo del Sistema Nacional de Seguridad P\u00fablica\u201d, \u201ces un mis\u00f3gino\u201d, \u201ces terrible querer negar lo evidente\u201d, \u201cque la Junta de Gobierno de Inmujeres llame a cuentas a la presidenta de esa instituci\u00f3n\u201d. Entre ellas Olimpia Flores, fil\u00f3sofa; Billie Parker, periodista, Maru Romero, activista; Nora Patricia Jara, periodista.&nbsp;<\/p>\n\n\n\n<p class=\"wp-block-paragraph\">A la hora de esta nota no cesan las expresiones de sorpresa, radia e indignaci\u00f3n, s\u00f3lo una mujer periodista dice que \u201cperdemos\u201d el tiempo, que AMLO es mis\u00f3gino y no entender\u00e1 nunca.<\/p>\n\n\n\n<p class=\"wp-block-paragraph\"><strong>Que vengan al congreso a explicar<\/strong><\/p>\n\n\n\n<p class=\"wp-block-paragraph\">La diputada morenista Lorena Villavicencio en comunicado extra urgente se\u00f1al\u00f3 que es urgente la comparecencia ante la Comisi\u00f3n Permanente, del responsable directo del programa 911, de Inmujeres y Conavim.<\/p>\n\n\n\n<p class=\"wp-block-paragraph\">Sostiene la diputada, secretaria de la Comisi\u00f3n de Derechos Humanos, que esas personas deben explicar ya que han sostenido p\u00fablicamente que se ha incrementado la violencia contra las mujeres y ni\u00f1as en sus hogares, coincidiendo con la presidenta de la Red Nacional de Refugios y los datos de centros de atenci\u00f3n externa y centros de justicia.&nbsp;<\/p>\n\n\n\n<p class=\"wp-block-paragraph\">Villavicencio afirma que lo dicho por el presidente invalida el esfuerzo que hace el Secretariado Ejecutivo del Sistema Nacional de Seguridad P\u00fablica, adem\u00e1s de lo expresado por las mujeres responsables del tema de igualdad y violencia de g\u00e9nero de su gabinete.<\/p>\n\n\n\n<p class=\"wp-block-paragraph\">Destac\u00f3 que el de la violencia contra las mujeres en casa a causa del confinamiento es un fen\u00f3meno que se est\u00e1 dando en otros pa\u00edses, porque el encierro aumenta los factores de riego para las mujeres y las ni\u00f1as porque est\u00e1 aumentando el estr\u00e9s, las desigualdades y la gran incertidumbre por la p\u00e9rdida de los empleos.&nbsp;<\/p>\n\n\n\n<p class=\"wp-block-paragraph\">Clara y precisa la diputada Villavicencio expres\u00f3 que es muy importante no olvidar que el machismo y la misoginia no est\u00e1n en cuarentena.<\/p>\n\n\n\n<p class=\"wp-block-paragraph\">Que sabemos hace tiempo, con estudios cualitativos y cuantitativos que la violencia est\u00e1 presente, y est\u00e1 dentro de las construcciones sociales y culturales donde anida la falsa idea de superioridad o predominio del hombre sobre la mujer.<\/p>\n\n\n\n<p class=\"wp-block-paragraph\">Como eso no parece entender el presidente, por lo que \u201cle exigimos que no invisibilice el flagelo de la violencia porque ello empodera al agresor\u201d y advierte que su lenguaje minimiza la violencia, proh\u00edja o hace crecer la impunidad\u201d.<\/p>\n\n\n\n<p class=\"wp-block-paragraph\">Explica que al declarar falsas las llamadas es una forma de llamar mentirosas a las mujeres, pero \u201clas mujeres no mentimos, ni las cifras son falsas.\u201d Adem\u00e1s, se refiere a una campa\u00f1a que ella misma ha promovido, \u201cnosotras tenemos otros datos\u201d.<\/p>\n\n\n\n<p class=\"wp-block-paragraph\">&nbsp;Luego de explicar que es de Morena y no est\u00e1 en contra de la 4T pide a L\u00f3pez Obrador \u201cnuevamente\u201d que rectifique su postura y no coloque y enfrente a las v\u00edctimas de la violencia feminicida con quienes defienden sus derechos de las mujeres&nbsp;&nbsp;&nbsp;y advirti\u00f3 \u201cno somos, ni son sus adversarias ni sus oponentes\u201d, en cambio s\u00ed ciudadanas libres exigiendo el cumplimiento y respeto al derecho de alcanzar una vida libre de violencia y acceso a la justicia.&nbsp;<\/p>\n\n\n\n<p class=\"wp-block-paragraph\">Luego afirma o env\u00eda mensaje al presidente, a los gobernadores, a las y los presidentes municipales y operadores del sistema de justicia que sean quienes corresponde dar una respuesta YA. Para parar la violencia institucional.&nbsp;<\/p>\n","protected":false},"excerpt":{"rendered":"<p>Indignadas, con rabia, extra\u00f1adas, aburridas, est\u00e1n las mujeres frente al discurso repetitivo de AMLO<\/p>\n","protected":false},"author":3,"featured_media":20713,"comment_status":"open","ping_status":"open","sticky":false,"template":"","format":"standard","meta":{"_monsterinsights_skip_tracking":false,"footnotes":""},"categories":[691,54],"tags":[],"class_list":["post-20712","post","type-post","status-publish","format-standard","has-post-thumbnail","category-691","category-mujeres"],"_links":{"self":[{"href":"https:\/\/redsemlac.com\/semmexico\/wp-json\/wp\/v2\/posts\/20712","targetHints":{"allow":["GET"]}}],"collection":[{"href":"https:\/\/redsemlac.com\/semmexico\/wp-json\/wp\/v2\/posts"}],"about":[{"href":"https:\/\/redsemlac.com\/semmexico\/wp-json\/wp\/v2\/types\/post"}],"author":[{"embeddable":true,"href":"https:\/\/redsemlac.com\/semmexico\/wp-json\/wp\/v2\/users\/3"}],"replies":[{"embeddable":true,"href":"https:\/\/redsemlac.com\/semmexico\/wp-json\/wp\/v2\/comments?post=20712"}],"version-history":[{"count":0,"href":"https:\/\/redsemlac.com\/semmexico\/wp-json\/wp\/v2\/posts\/20712\/revisions"}],"wp:featuredmedia":[{"embeddable":true,"href":"https:\/\/redsemlac.com\/semmexico\/wp-json\/wp\/v2\/media\/20713"}],"wp:attachment":[{"href":"https:\/\/redsemlac.com\/semmexico\/wp-json\/wp\/v2\/media?parent=20712"}],"wp:term":[{"taxonomy":"category","embeddable":true,"href":"https:\/\/redsemlac.com\/semmexico\/wp-json\/wp\/v2\/categories?post=20712"},{"taxonomy":"post_tag","embeddable":true,"href":"https:\/\/redsemlac.com\/semmexico\/wp-json\/wp\/v2\/tags?post=20712"}],"curies":[{"name":"wp","href":"https:\/\/api.w.org\/{rel}","templated":true}]}}