{"id":20705,"date":"2020-05-15T19:39:46","date_gmt":"2020-05-15T19:39:46","guid":{"rendered":"https:\/\/redsemlac.com\/semmexico\/?p=20705"},"modified":"2023-07-21T16:19:16","modified_gmt":"2023-07-21T21:19:16","slug":"guerrero-158","status":"publish","type":"post","link":"https:\/\/redsemlac.com\/semmexico\/guerrero-158\/","title":{"rendered":"Violencia pol\u00edtica tambi\u00e9n en aumento durante pandemia"},"content":{"rendered":"\n<p class=\"wp-block-paragraph\"><strong>Josefina Aguilar Pastor<\/strong><\/p>\n\n\n\n<p class=\"wp-block-paragraph\">SemM\u00e9xico. Chilpancingo, Guerrero, 15 de mayo de 2020.- La violencia contra las mujeres es la otra pandemia, en tiempos del COVID-19, concluyeron expertos, quienes dieron a conocer que la violencia de g\u00e9nero se han incrementado\u00a0\u00a0exponencialmente con el aislamiento; en el caso de la violencia pol\u00edtica, no ha disminuido, sostuvo el consejero electoral del Instituto Electoral y Participaci\u00f3n Ciudadana (IEPC), Edmar Le\u00f3n Garc\u00eda.<\/p>\n\n\n\n<p class=\"wp-block-paragraph\">En el marco del El Programa de las Naciones Unidas para el Desarrollo (PNUD), la tarde noche de este jueves, se llev\u00f3 a cabo el panel virtual, \u201cViolencia de g\u00e9nero durante la contingencia del covid-19\u201d, impulsado a nivel nacional por el Instituto Nacional electoral (INE) y a nivel estatal, por el IEPC.<\/p>\n\n\n\n<p class=\"wp-block-paragraph\">Edmar Le\u00f3n Garc\u00eda, presidente de la Comisi\u00f3n de Igualdad de G\u00e9nero y no Discriminaci\u00f3n del IEPC, refiri\u00f3 que&nbsp;durante la presente pandemia por el COVID-19, la violencia pol\u00edtica, puede ejercerse a trav\u00e9s de los siete tipos&nbsp;&nbsp;identificados \u2013 simb\u00f3lica, verbal, patrimonial, econ\u00f3mica, f\u00edsica, sexual o psicol\u00f3gica-. Puntualiz\u00f3 que no se ha reducido mucho menos eliminado, al contrario, se ha acrecentado, y es urgente que se legisle sobre el tema.<\/p>\n\n\n\n<p class=\"wp-block-paragraph\">Uno de los efectos de la pandemia por COVID-19, en cuanto la violencia pol\u00edtica por raz\u00f3n de g\u00e9nero, es la vulneraci\u00f3n de los derechos pol\u00edticos de las mujeres, que no pueden acceder a la justicia, ante la falta de condiciones para que lo hagan, debido al cierre de los tribunales y todo tipo de instancia jur\u00eddica oficial y gubernamental, se\u00f1al\u00f3 el consejero electoral.&nbsp;<\/p>\n\n\n\n<p class=\"wp-block-paragraph\">Esta situaci\u00f3n de la pandemia, agreg\u00f3 el funcionario electoral, ha provocado una crisis en el estado de derecho, lo que hace necesario que los entes jurisdiccionales, busquen alternativas para hacer uso de las tecnolog\u00edas de la informaci\u00f3n; refiri\u00f3 el anuncio hecho por la sala general del Tribunal Electoral del Poder Judicial de la Federaci\u00f3n (TEPJF), de realizar juicios virtuales, atendiendo la naturaleza y contexto de la pandemia.<\/p>\n\n\n\n<p class=\"wp-block-paragraph\">\u201cLos derechos pol\u00edtico-electorales de las mujeres se ven vulnerados por la suspensi\u00f3n de los plazos, y actuaciones de las autoridades jurisdiccionales y administrativas durante la presente pandemia, al no existir condiciones para que ellas puedan acudir personalmente, o de manera virtual a defender el ejercicio de sus derechos pol\u00edtico electorales\u201d, expuso Le\u00f3n Garc\u00eda.&nbsp;<\/p>\n\n\n\n<p class=\"wp-block-paragraph\">Rechaz\u00f3 lo dado a conocer dijo, por los tres niveles de gobierno, que han desestimado la existencia de violencia pol\u00edtica en estos momentos de la contingencia sanitaria \u201csi existe una incidencia en violencia de g\u00e9nero alta, como nos lo han demostrado los informes recientes de ONU Mujeres, y de la secretaria de seguridad y protecci\u00f3n ciudadana federal de incidencia delictiva y llamadas de emergencia al 911\u201d, recarg\u00f3 el funcionario electoral.<\/p>\n\n\n\n<p class=\"wp-block-paragraph\">En el panel tambi\u00e9n participaron&nbsp;Roberto Heycher Cardiel Soto, Director Capacitaci\u00f3n Electoral y Educaci\u00f3n C\u00edvica del INE, quien mencion\u00f3 que la violencia dom\u00e9stica se ha incrementado con la contingencia del COVID- 19; datos recientes refieren que las agresiones a las mujeres aumentaron como consecuencia del confinamiento. Tambi\u00e9n presentaron los casos de dos regidoras del Estado de Oaxaca, Rosita Aguilar Antonio y Aracely Ortiz Jim\u00e9nez, v\u00edctimas de violencia pol\u00edtica.&nbsp;&nbsp;<br><\/p>\n","protected":false},"excerpt":{"rendered":"<p>Ha provocado una crisis en el estado de derecho, lo que hace necesario que los entes jurisdiccionales, busquen alternativas para hacer uso de las tecnolog\u00edas de la informaci\u00f3n<\/p>\n","protected":false},"author":3,"featured_media":20706,"comment_status":"open","ping_status":"open","sticky":false,"template":"","format":"standard","meta":{"_monsterinsights_skip_tracking":false,"footnotes":""},"categories":[691,135],"tags":[],"class_list":["post-20705","post","type-post","status-publish","format-standard","has-post-thumbnail","category-691","category-emergencia-sanitaria-covid-19"],"_links":{"self":[{"href":"https:\/\/redsemlac.com\/semmexico\/wp-json\/wp\/v2\/posts\/20705","targetHints":{"allow":["GET"]}}],"collection":[{"href":"https:\/\/redsemlac.com\/semmexico\/wp-json\/wp\/v2\/posts"}],"about":[{"href":"https:\/\/redsemlac.com\/semmexico\/wp-json\/wp\/v2\/types\/post"}],"author":[{"embeddable":true,"href":"https:\/\/redsemlac.com\/semmexico\/wp-json\/wp\/v2\/users\/3"}],"replies":[{"embeddable":true,"href":"https:\/\/redsemlac.com\/semmexico\/wp-json\/wp\/v2\/comments?post=20705"}],"version-history":[{"count":0,"href":"https:\/\/redsemlac.com\/semmexico\/wp-json\/wp\/v2\/posts\/20705\/revisions"}],"wp:featuredmedia":[{"embeddable":true,"href":"https:\/\/redsemlac.com\/semmexico\/wp-json\/wp\/v2\/media\/20706"}],"wp:attachment":[{"href":"https:\/\/redsemlac.com\/semmexico\/wp-json\/wp\/v2\/media?parent=20705"}],"wp:term":[{"taxonomy":"category","embeddable":true,"href":"https:\/\/redsemlac.com\/semmexico\/wp-json\/wp\/v2\/categories?post=20705"},{"taxonomy":"post_tag","embeddable":true,"href":"https:\/\/redsemlac.com\/semmexico\/wp-json\/wp\/v2\/tags?post=20705"}],"curies":[{"name":"wp","href":"https:\/\/api.w.org\/{rel}","templated":true}]}}