{"id":20693,"date":"2020-05-15T01:40:35","date_gmt":"2020-05-15T01:40:35","guid":{"rendered":"https:\/\/redsemlac.com\/semmexico\/?p=20693"},"modified":"2023-07-21T16:19:16","modified_gmt":"2023-07-21T21:19:16","slug":"opinion-507","status":"publish","type":"post","link":"https:\/\/redsemlac.com\/semmexico\/opinion-507\/","title":{"rendered":"Palabra de Ant\u00edgona"},"content":{"rendered":"\n<h2 class=\"wp-block-heading\">Notimex un caso de misoginia contra periodistas<\/h2>\n\n\n\n<ul class=\"wp-block-list\"><li><strong>Salvar al periodismo mexicano, coincido con Soledad Jarqu\u00edn<\/strong><\/li><\/ul>\n\n\n\n<p class=\"has-text-align-right wp-block-paragraph\"><strong><em>En solidaridad con las madres que buscan justicia y\nno detienen su andar<\/em><\/strong><\/p>\n\n\n\n<p class=\"has-text-align-right wp-block-paragraph\"><strong><em>A mis queridas maestras: Adelina Zendejas, Dolores\nCordero, Mar\u00eda Lisa Mendoza y Teresita de Barbieri.<\/em><\/strong><\/p>\n\n\n\n<p class=\"has-text-align-right wp-block-paragraph\"><strong><em>A mi madre Rosario L\u00f3pez Souza.<\/em><\/strong><\/p>\n\n\n\n<p class=\"wp-block-paragraph\"><strong>Sara Lovera<\/strong><\/p>\n\n\n\n<p class=\"wp-block-paragraph\">SemM\u00e9xico, 14 de mayo, 2020.- Nada ser\u00eda igual sin\nellas. Mis camaradas en favor de un mundo donde el trabajo no sea s\u00f3lo\nexplotaci\u00f3n, mis colegas periodistas que pelean por la libertad de expresi\u00f3n y\npelean para informar al pueblo, mis maestras que me ense\u00f1aron el camino y el\nsentido, mi madre quien adem\u00e1s de darme la vida, me dio su compa\u00f1\u00eda y su amor,\nesas madres que han convertido la maternidad impuesta en lucha cotidiana contra\nla impunidad y ellas, mis compa\u00f1eras en el camino en busca&nbsp; de la autonom\u00eda&nbsp; y el derecho a la salud sexual y\nreproductiva.<\/p>\n\n\n\n<p class=\"wp-block-paragraph\">Por ello mayo es un mes de grandes significados en\nmi vida. En varios sentidos. Es el mes de las y los trabajadores; el mes de la\nb\u00fasqueda de la libertad de prensa en todo el mundo; el mes de las mujeres, de\nlas madres, esas que han dejado el fog\u00f3n para tomar las calles, movilizarse y\nbuscar justicia y el mes de la salud de las mujeres. Es tambi\u00e9n el mes de las\nflores, donde se pueblan las calles de jacarandas, lilas y las hojas de durazno,\nbrindando un gran espect\u00e1culo que nos reconcilia con la naturaleza y la tierra.<\/p>\n\n\n\n<p class=\"wp-block-paragraph\">Hoy sin embargo tenemos que asumir, como dice\nIgnacio Ramonet, en un excelente texto aparecido en un conjunto de peri\u00f3dicos\nde Am\u00e9rica Latina y Europa, <em>La pandemia y el sistema-mundo, <\/em>que a estas\nalturas, \u201cya nadie ignora que la pandemia no es s\u00f3lo una crisis sanitaria. Es\nlo que las ciencias sociales califican de hecho social total, en el sentido de\nque convulsiona el conjunto de las relaciones sociales, y conmociona a la\ntotalidad de (las) los actores, de las instituciones y de los valores\u201d.<\/p>\n\n\n\n<p class=\"wp-block-paragraph\">Y esta convulsi\u00f3n ha tocado un valor fundamental para\nquienes, como yo, con toda esa carga de las mujeres que me formaron, creo como en\nnada, en el valor de la palabra, la libertad para escribirla, decirla y\npropagarla. Por eso pienso en ellas, sin quienes nada ser\u00eda igual.<\/p>\n\n\n\n<p class=\"wp-block-paragraph\">Y ah\u00ed est\u00e1n esas figuras que nutrieron y nutren mi\nexistencia. En medio del \u201checho total mundial\u201d, donde ya no se sabe c\u00f3mo ser\u00e1\nla post pandemia, luego de ser trastocados los valores por los que han velado\nmis camaradas, colegas, amigas y contempor\u00e1neas.<\/p>\n\n\n\n<p class=\"wp-block-paragraph\">Lo que es necesario decir es que, en ning\u00fan lugar\ndel mundo, ellas, sin las cuales nada ser\u00eda igual, se han o nos han callado.\nEst\u00e1n alertas contra lo que pueda suceder y trastoque el breve camino recorrido.\nDel miedo y la perplejidad, sus voces est\u00e1n ah\u00ed, para evidenciar que esta\npandemia ha sacado a la luz todos los pendientes, y c\u00f3mo la desigualdad, el\nsigno del sistema que, sin duda, tendr\u00e1 que reconfigurarse cuando esto termine,\nsi ha de terminar.<\/p>\n\n\n\n<p class=\"wp-block-paragraph\">Otra vez Ramonet es did\u00e1ctico: \u201cLa humanidad est\u00e1\nviviendo \u2013con miedo, sufrimiento y perplejidad\u2013 una experiencia inaugural.\nVerificando concretamente que aquella teor\u00eda del \u00abfin de la historia\u00bb\nes una falacia. Descubriendo que la historia, en realidad, es impredecible\u201d.<\/p>\n\n\n\n<p class=\"wp-block-paragraph\">Pero el suceso. Sin precedentes y todav\u00eda sin\nsuficiente interpretaci\u00f3n, s\u00ed obliga a mantener algunos valores fundamentales.\nDesde 1993, cada 3 de mayo se conmemora el D\u00eda Mundial de la Libertad de\nPrensa, que implica una prensa libre, pluralista e independiente. Un valor que\nse asocia al otro, el del derecho de la gente, del pueblo, de todas y todos, a\nser informado y a cuidar a quienes informan, porque de ellos y ellas, en todo\nel mundo, pende la democracia. Una palabra usada, en desuso.<\/p>\n\n\n\n<p class=\"wp-block-paragraph\">En este marco. Pensando en la tarea de la prensa y\nla informaci\u00f3n. No el derecho expresarse, que es consustancial a la humanidad,\n&#8211;redes sociales- sino ese de la prensa, del periodismo profesional, para poder\ncontar lo que se atestigua, usar la mirada de lince necesaria para relatar la\nhistoria cotidiana, para allegarse de datos y hechos, para contar con libertad\namplia y profundamente a la gente.<\/p>\n\n\n\n<p class=\"wp-block-paragraph\">Por cierto, el texto de Ramonet, maestro del\nperiodismo, promotor incansable de lo que llam\u00f3 el quinto poder, el de la gente\npara juzgar a los medios, mediante observatorios de la ciudadan\u00eda, me regal\u00f3 el\ntexto que comento, fundado sustentada documentaci\u00f3n, escrito comprensible, donde\nno escatima nada. Hay que leerlo. Fuente. <em>Le\nMonde Diplomatique<\/em> en espa\u00f1ol (<a href=\"https:\/\/mondiplo.com\/la-pandemia-y-el-sistema-mundo\">https:\/\/mondiplo.com\/la-pandemia-y-el-sistema-mundo<\/a>)\n<\/p>\n\n\n\n<p class=\"wp-block-paragraph\"><strong>La\nEstulticia<\/strong><\/p>\n\n\n\n<p class=\"wp-block-paragraph\">Y todo viene a cuento porque mientras el debate\nsanitario y\/o econ\u00f3mico est\u00e1 por ahora en manos de los patriarcas, que\ncompiten, esp\u00edan, controlan y mienten, en las m\u00e1rgenes, el buen periodismo,\nprofesional y contumaz investiga, cuenta. Sus actores y actoras, con muchos\notros y otras trabajadoras, todos los d\u00edas ponen el cuerpo en peligro.\nInforman, buscan explicaciones y narran la perplejidad. <\/p>\n\n\n\n<p class=\"wp-block-paragraph\">Un grupo de enfermeras atacadas; algunos miles de\nparturientas sin espacios para dar a luz; centenas de mujeres sin poder salir a\nganarse el pan, las informales y aquellas otras que en medio de la prohibici\u00f3n\na lo largo de Am\u00e9rica Latina marchan por sus hijos e hijas este mayo de las\nmadres.<\/p>\n\n\n\n<p class=\"wp-block-paragraph\">Y, ah\u00ed est\u00e1n las y los informadores. Hoy bajo la\nsospecha de los poderes, los f\u00e1ticos y los elegidos. Porque atr\u00e1s de la crisis\ndel capitalismo y el sistema, est\u00e1 el lodo de la explotaci\u00f3n, el abuso, la\nmentira y le violencia familiar, que se ha ensa\u00f1ado en muchos hogares en estos\nd\u00edas, y la otra, la de las calles. Sobre la que digo no nos hemos callado.<\/p>\n\n\n\n<p class=\"wp-block-paragraph\">Reitero y todo viene a cuento por la denuncia de\nManuel Ortiz, ex director de noticias de Notimex, a quien que yo sepa, todav\u00eda\nnadie desmiente. Pues este se\u00f1or, ha informado Carmen Aristegui, revel\u00f3 que\nSanjuana Mart\u00ednez, directora de Notimex, le orden\u00f3 que atacara a Dolia Est\u00e9vez,\ncorresponsal en Estados Unidos del diario Milenio; a la conocida Lydia Cacho; a\nla multipremiada Anabel Hern\u00e1ndez; a la reportera de La Jornada Blanche\nPetrich; a la conocedora del pueblo Marcela Turati; a Mar\u00eda Guadalupe Liz\u00e1rraga\nHern\u00e1ndez, fundadora del portal Los <em>Angeles\nPress<\/em> y a la misma Carmen Aristegui.<\/p>\n\n\n\n<p class=\"wp-block-paragraph\">La denuncia se da en un contexto muy complicado para\nla agencia de noticias del gobierno -creada por Luis Echeverr\u00eda en los a\u00f1os 70-,\nporque ah\u00ed ya cumplieron m\u00e1s de 80 d\u00edas una huelga, rota por la directora, que\ncomo esquirola mayor, ha mantenido el hilo informativo con un grupo de personas\nque con ella colaboran y no obstante el mandato de la Junta de Conciliaci\u00f3n y\nArbitraje que declar\u00f3 legal la huelga. De modo que todos los d\u00edas viola la Ley\nFederal del Trabajo. En mayo el mes de las y los trabajadoras, se ha despedido en\nNotimex a hombres y mujeres, a ellas, aun cuando est\u00e9n embarazadas.<\/p>\n\n\n\n<p class=\"wp-block-paragraph\">No existe el menor pretexto para mantener esta\nsituaci\u00f3n ilegal. Muy semejante a lo que sucedi\u00f3 en el diario La Jornada, donde\nfue despedida la mism\u00edsima Secretaria General del Sindicato, la periodista\nJudith Calder\u00f3n y, por cierto, ese diario tambi\u00e9n es dirigido por una mujer,\nCarmen Lira, me har\u00e1n saber los patriarcas. Pero como dicen las feministas,\ncuerpo de mujer no garantiza solidaridad feminista, ni lucha por los derechos\nque las feministas han enarbolado hace m\u00e1s de dos siglos. Por tanto, es s\u00f3lo un\ndato.<\/p>\n\n\n\n<p class=\"wp-block-paragraph\">Paralelamente, ARTICLE 19 y Signa_Lab, confirman\nesto hechos, dichos y circunstancias. Me dir\u00e1n con raz\u00f3n que no es excepcional\nque se conspire contra la prensa libre. Es interminable la lista de agravios y\nasesinados de compa\u00f1eras y compa\u00f1eros; y tambi\u00e9n hubo en el pasado reciente\n\u00f3rdenes para espiar y callar a quienes son cr\u00edticos del y los gobiernos. Que ya\nno temen a se\u00f1alar al mism\u00edsimo ejecutivo. <\/p>\n\n\n\n<p class=\"wp-block-paragraph\">Eso es cierto. Pero lo incre\u00edble es que suceda en un\nmomento de M\u00e9xico donde se nos ofreci\u00f3 una transformaci\u00f3n, una de esperanza con\nun sentido \u201c\u00e9tico\u201d donde la corrupci\u00f3n se arrasar\u00eda y la injusticia ser\u00eda cosa\ndel pasado. Vemos que no. Esto que nadie ha podido desmentir, es inaudito.\nInaudito que se pretenda callar a un grupo de mujeres periodistas, que, con\ndistintos m\u00e9todos, enfoques y puntos de vista, son impecables en su compromiso\ninformativo y period\u00edstico. <\/p>\n\n\n\n<p class=\"wp-block-paragraph\">Ahora se han manejado algunos nombres que, en mayo -el\nmes de la libertad de prensa-, de personajes del gobierno son enviados a atacar\na estas periodistas en redes sociales y distintas plataformas, sin que venga a\ncuento. Algunas de ellas \u201cdieron motivos\u201d con sus investigaciones period\u00edsticas,\ndigo, dieron motivos al pueblo de M\u00e9xico para votar como votaron en 2018.\nPeriodistas que han mostrado a lo largo de los a\u00f1os esa capacidad profesional,\ncon un periodismo libre, pluralista e independiente. Fundamental, dec\u00eda para la\ndemocracia.<\/p>\n\n\n\n<p class=\"wp-block-paragraph\">En&nbsp; este contexto\nexpresiones certeras de la periodista&nbsp;\nSoledad Jarqu\u00edn Edgar, nombrada presidenta del Jurado del Premio\nNacional de Periodismo 2019 y quien desde el 2 de junio de 2018 se ha encargado\nde exigir justicia por el asesinato de su hija, la fotoperiodista Mar\u00eda del Sol\nCruz Jarqu\u00edn, quien adem\u00e1s de hacer una f\u00e9rrea defensa de los derechos\nlaborales de las y los periodistas, advirti\u00f3 que bien se sabe que desde los\npoderes f\u00e1cticos y hasta las m\u00e1s altas representaciones del poder\ngubernamental, es constante la tentaci\u00f3n de coartar la libertad de prensa, &nbsp;al periodismo, una tarea fundamental para el\ndesarrollo de una sociedad libre, con todo lo que eso significa.<\/p>\n\n\n\n<p class=\"wp-block-paragraph\">Tambi\u00e9n dijo que cada d\u00eda y de muy diversas formas,\nla violencia contra las y los periodistas est\u00e1 presente: desde la denostaci\u00f3n,\nlas amenazas y hasta el silencio letal, con lo cual se trastoca la tarea\ninformativa, entonces reflexion\u00f3, y yo subrayo, que: \u201cEs tiempo de justicia\npara el periodismo mexicano, agraviado en cada uno de los asesinatos que se han\ncometido en contra de mujeres y hombres que cumpl\u00edan con su trabajo\u201d, as\u00ed de\nsimple.<\/p>\n\n\n\n<p class=\"wp-block-paragraph\">Junto a ella, o tomando sus palabras, coincido en\nque son tiempos dif\u00edciles para el ejercicio del periodismo, pero no debemos\nacostumbrarnos a ello. Y denunci\u00f3, y yo con ella, que est\u00e1 vigente, algo que se\nregistra cada d\u00eda, las acciones retr\u00f3gradas en detrimento al derecho a informar\ny el derecho de la sociedad a ser informada. Criticar, atemorizar a las y los\nperiodistas, es negar a la gente su derecho a saber y conocer. <\/p>\n\n\n\n<p class=\"wp-block-paragraph\">Y este es el punto. El deterioro con que se manej\u00f3,\ndesde el comienzo de esta administraci\u00f3n la agencia Notimex, preocupa, en\nparticular, porque en donde deber\u00eda escucharse no se escucha y se ha dejado en\nla penuria y sin derechos a trabajadores y trabajadoras de muchos a\u00f1os. Se ha\nhecho de la manera menos higi\u00e9nica y racional que una pudiera pensar. Y, a\ndiferencia, de casos semejantes, -despidos y cierre de programas- aunque menos\nagresivas ha pasado en otros medios de comunicaci\u00f3n gubernamentales como Radio\nEducaci\u00f3n. En Notimex se ha lastimado al sindicato, que es de las y los\ntrabajadores, no de sus dirigentes. Grave.<\/p>\n\n\n\n<p class=\"wp-block-paragraph\">A eso se suma la denuncia de atacar a las\nperiodistas mencionadas. Incre\u00edble, en pleno siglo XXI, en medio de la crisis\nsanitaria que cambiar\u00e1 el curso de la historia y a pesar de una reiterada,\nconstante, catilinaria diaria en Palacio Nacional, que el gobierno de hoy no es\nigual a los de antes, antidemocr\u00e1ticos, rapaces, antidemocr\u00e1ticos y corruptos. Pues\nque alguien me explique. Veremos. <\/p>\n","protected":false},"excerpt":{"rendered":"<p>Notimex un caso de misoginia contra periodistas<\/p>\n","protected":false},"author":3,"featured_media":9290,"comment_status":"open","ping_status":"open","sticky":false,"template":"","format":"standard","meta":{"_monsterinsights_skip_tracking":false,"footnotes":""},"categories":[691,95,69],"tags":[],"class_list":["post-20693","post","type-post","status-publish","format-standard","has-post-thumbnail","category-691","category-palabra-de-antigona","category-sara-lovera"],"_links":{"self":[{"href":"https:\/\/redsemlac.com\/semmexico\/wp-json\/wp\/v2\/posts\/20693","targetHints":{"allow":["GET"]}}],"collection":[{"href":"https:\/\/redsemlac.com\/semmexico\/wp-json\/wp\/v2\/posts"}],"about":[{"href":"https:\/\/redsemlac.com\/semmexico\/wp-json\/wp\/v2\/types\/post"}],"author":[{"embeddable":true,"href":"https:\/\/redsemlac.com\/semmexico\/wp-json\/wp\/v2\/users\/3"}],"replies":[{"embeddable":true,"href":"https:\/\/redsemlac.com\/semmexico\/wp-json\/wp\/v2\/comments?post=20693"}],"version-history":[{"count":0,"href":"https:\/\/redsemlac.com\/semmexico\/wp-json\/wp\/v2\/posts\/20693\/revisions"}],"wp:featuredmedia":[{"embeddable":true,"href":"https:\/\/redsemlac.com\/semmexico\/wp-json\/wp\/v2\/media\/9290"}],"wp:attachment":[{"href":"https:\/\/redsemlac.com\/semmexico\/wp-json\/wp\/v2\/media?parent=20693"}],"wp:term":[{"taxonomy":"category","embeddable":true,"href":"https:\/\/redsemlac.com\/semmexico\/wp-json\/wp\/v2\/categories?post=20693"},{"taxonomy":"post_tag","embeddable":true,"href":"https:\/\/redsemlac.com\/semmexico\/wp-json\/wp\/v2\/tags?post=20693"}],"curies":[{"name":"wp","href":"https:\/\/api.w.org\/{rel}","templated":true}]}}