{"id":20686,"date":"2020-05-14T23:47:46","date_gmt":"2020-05-14T23:47:46","guid":{"rendered":"https:\/\/redsemlac.com\/semmexico\/?p=20686"},"modified":"2023-07-21T16:19:16","modified_gmt":"2023-07-21T21:19:16","slug":"abrumados","status":"publish","type":"post","link":"https:\/\/redsemlac.com\/semmexico\/abrumados\/","title":{"rendered":"Abrumados"},"content":{"rendered":"\n<p class=\"has-text-align-right wp-block-paragraph\"><em>\u00bfQu\u00e9 est\u00e1 ocurriendo\nhoy en el mundo y cu\u00e1l es el significado profundo de los acontecimientos?&nbsp; Yuval Noah Harari.<\/em><\/p>\n\n\n\n<p class=\"wp-block-paragraph\"><strong>Por: Florencio Salazar Adame<\/strong><\/p>\n\n\n\n<p class=\"wp-block-paragraph\">SemM\u00e9xico. 14 de mayo 2020.- Antes que de que apareciera el\ncoronavirus la protesta social se estaba intensificando en diferentes puntos\ndel orbe. Los ciudadanos estaban saliendo masivamente a la calle para\nreivindicar derechos, atenci\u00f3n a demandas econ\u00f3micas y soluci\u00f3n de problemas globales.<\/p>\n\n\n\n<p class=\"wp-block-paragraph\">El aislamiento provocado por la pandemia ha dejado en\nsuspenso esa agenda. Ahora el malestar es por reservarse en casa sin recursos\necon\u00f3micos, la p\u00e9rdida de puestos de trabajo, la incertidumbre sobre la\ndurabilidad del riesgo de contagio y la neurosis causada por el encierro.<\/p>\n\n\n\n<p class=\"wp-block-paragraph\">Este 10 de mayo, habitantes de Hong Kong salieron a\nprotestar porque suponen que el confinamiento decretado es para evitar reclamos\ncontra el r\u00e9gimen de Beijing, bajo el argumento de que \u00faltimamente no ha habido\ncontagios que justifiquen el aislamiento. Protestan porque ya no sal\u00edan a\nprotestar por cuestiones pol\u00edticas, ignorando el riesgo de un segundo embate\ndel virus.<\/p>\n\n\n\n<p class=\"wp-block-paragraph\">El problema es que las malas noticias sobre el Covid-19 se\nsiguen acumulando. Su apetito voraz no tiene l\u00edmite. Un estudio avalado por la\nAcademia Espa\u00f1ola de Dermatolog\u00eda y Venereolog\u00eda \u201crevel\u00f3 una clasificaci\u00f3n de\nmanifestaciones cut\u00e1neas\u201d vinculadas al contagio, que se manifiestan por\nerupciones en cara, cuello y torso, urticaria y necrosis en los casos m\u00e1s\ngraves; y erupciones similares a saba\u00f1ones en las plantas de los pies y \u201cen\nmenor grado a las palmas de las manos, los dedos, los genitales y la boca\u201d\n(Diario Brit\u00e1nico de Dermatolog\u00eda, 20-04-20).<\/p>\n\n\n\n<p class=\"wp-block-paragraph\">Por su parte, las autoridades brit\u00e1nicas detectaron una\nnueva enfermedad: afecta a ni\u00f1os de todas las edades, inflama los vasos\nsangu\u00edneos, produce dolor abdominal, molestias gastrointestinales e inflamaci\u00f3n\ncardiaca (Servicio Nacional de Salud del Reino Unido, 28-04-20).<\/p>\n\n\n\n<p class=\"wp-block-paragraph\">Para transitar el Covid-19 no tiene v\u00eda indeseable. Milenio\npublic\u00f3 el 5 de mayo que bi\u00f3logos de la Universidad de Stirling (Reino Unido),\nhallaron que el virus se puede propagar a trav\u00e9s de aguas negras, heces humanas\ny, seg\u00fan la Revista M\u00e9dica JAMA Network Open (7-05-20), permanecer en el semen.<\/p>\n\n\n\n<p class=\"wp-block-paragraph\">La Organizaci\u00f3n Internacional del Trabajo (OIT) advierte que\nen el segundo trimestre del a\u00f1o se perder\u00e1n 305 millones de empleos en el mundo\ny prev\u00e9 que mil 600 millones de trabajadores informales estar\u00e1n desocupados. En\nAm\u00e9rica Latina el desempleo alcanzar\u00e1 a 48 millones de personas y en nuestro\npa\u00eds ser\u00e1n \u201cgravemente afectados\u201d 27.5 millones de mexicanos (Observatorio de\nla OIT: el Covid-19 y el mundo del trabajo. OIT. 10-05-20).<\/p>\n\n\n\n<p class=\"wp-block-paragraph\">En M\u00e9xico se perdieron 707 mil 055 empleos de marzo a abril,\nha informado el IMSS, y en Estados Unidos solo en abril 20.5 millones, de\nacuerdo con el Departamento de Trabajo.<\/p>\n\n\n\n<p class=\"wp-block-paragraph\">El seguimiento minuto a minuto de la Universidad John\nHopkins revela c\u00f3mo se va ti\u00f1endo de rojo el planeta, desmintiendo a los\noptimistas que han cre\u00eddo en zonas libres de contagio. El proceso invasor es\nsostenido e imparable: de China pas\u00f3 a Europa, de Europa a Am\u00e9rica; en Am\u00e9rica\na las grandes urbes, despu\u00e9s a las ciudades medias para arribar a las peque\u00f1as\nciudades y rancher\u00edas. A mayores distancias e incomunicaci\u00f3n el riesgo es\nmenor, pero en t\u00e9rminos poblacionales el contagio podr\u00e1 alcanzar alrededor del\n70 por ciento del total de habitantes del planeta.<\/p>\n\n\n\n<p class=\"wp-block-paragraph\">La gente se est\u00e1 desesperando y quiere salir a la calle. Es\ndif\u00edcil entender que esta pandemia es superior a cualquier otra del pasado,\nempezando porque es la primera verdaderamente global.<\/p>\n\n\n\n<p class=\"wp-block-paragraph\">Diferentes especialistas han se\u00f1alado que la pandemia puede\nser detenida manteniendo las medidas de prevenci\u00f3n, como el uso de cubre bocas,\nla sana distancia, lavado frecuente de manos, evitando aglomeraciones y viajes.\nPero solo ser\u00e1 desterrada cuando se descubra la vacuna, que posiblemente estar\u00e1\ndisponible aproximadamente en 18 meses.<\/p>\n\n\n\n<p class=\"wp-block-paragraph\">Es necesario tener claridad sobre lo que significa el\naplanamiento de la curva de contagio, las medidas de retorno a actividades\necon\u00f3micas y, eventualmente escolares.<\/p>\n\n\n\n<p class=\"wp-block-paragraph\">Aplanar la curva es una estrategia para evitar el colapso\ndel sistema hospitalario. Impedir que se enfermen muchos al mismo tiempo,\nprocurando que se contagien menos en m\u00e1s tiempo; de ah\u00ed la importancia del\naislamiento social y las medidas preventivas. Aplanar la curva no quiere decir\nque haya desaparecido el coronavirus.<\/p>\n\n\n\n<p class=\"wp-block-paragraph\">Las actividades econ\u00f3micas tendr\u00e1n que reemprenderse aunque\nen escenarios lamentablemente catastr\u00f3ficos: negocios quebrados, ruptura en\ncadenas de producci\u00f3n, p\u00e9rdida de mercados y empobrecimiento de la poblaci\u00f3n.\nEl Consejo Nacional de Evaluaci\u00f3n de la Pol\u00edtica de Desarrollo Social\n(Coneval), se\u00f1ala que la emergencia sanitaria dejar\u00eda entre 6.1 y 10.7 millones\nde mexicanos en pobreza extrema (El Economista, 11-05-20).<\/p>\n\n\n\n<p class=\"wp-block-paragraph\">No imagino c\u00f3mo se podr\u00eda volver a clases el 1 de junio.\nMadres y padres de familia y sus ni\u00f1os aglomerados en las puertas de las\nescuelas custodiadas de maestros; el frecuente hacinamiento en aulas de\nbachillerato y universidades; la inevitable posibilidad de los roces f\u00edsicos,\nde las conversaciones sin cubre bocas, los atrevidos besos y abrazos entre\nadolescentes y j\u00f3venes. De alguna manera, la vuelta al pasado.<\/p>\n\n\n\n<p class=\"wp-block-paragraph\">La pandemia tambi\u00e9n est\u00e1 transformando las relaciones\npol\u00edticas. En su reciente colaboraci\u00f3n dominical en Reforma, Luis Rubio\nadvierte de lo que puede venir: mejor democracia o autoritarismo.<\/p>\n\n\n\n<p class=\"wp-block-paragraph\">Todav\u00eda faltan cosas por ver.<\/p>\n","protected":false},"excerpt":{"rendered":"<p>El problema es que las malas noticias sobre el Covid-19 se siguen acumulando.<\/p>\n","protected":false},"author":3,"featured_media":20687,"comment_status":"open","ping_status":"open","sticky":false,"template":"","format":"standard","meta":{"_monsterinsights_skip_tracking":false,"footnotes":""},"categories":[691,82,110],"tags":[],"class_list":["post-20686","post","type-post","status-publish","format-standard","has-post-thumbnail","category-691","category-la-opinion","category-la-opinion-columnas"],"_links":{"self":[{"href":"https:\/\/redsemlac.com\/semmexico\/wp-json\/wp\/v2\/posts\/20686","targetHints":{"allow":["GET"]}}],"collection":[{"href":"https:\/\/redsemlac.com\/semmexico\/wp-json\/wp\/v2\/posts"}],"about":[{"href":"https:\/\/redsemlac.com\/semmexico\/wp-json\/wp\/v2\/types\/post"}],"author":[{"embeddable":true,"href":"https:\/\/redsemlac.com\/semmexico\/wp-json\/wp\/v2\/users\/3"}],"replies":[{"embeddable":true,"href":"https:\/\/redsemlac.com\/semmexico\/wp-json\/wp\/v2\/comments?post=20686"}],"version-history":[{"count":0,"href":"https:\/\/redsemlac.com\/semmexico\/wp-json\/wp\/v2\/posts\/20686\/revisions"}],"wp:featuredmedia":[{"embeddable":true,"href":"https:\/\/redsemlac.com\/semmexico\/wp-json\/wp\/v2\/media\/20687"}],"wp:attachment":[{"href":"https:\/\/redsemlac.com\/semmexico\/wp-json\/wp\/v2\/media?parent=20686"}],"wp:term":[{"taxonomy":"category","embeddable":true,"href":"https:\/\/redsemlac.com\/semmexico\/wp-json\/wp\/v2\/categories?post=20686"},{"taxonomy":"post_tag","embeddable":true,"href":"https:\/\/redsemlac.com\/semmexico\/wp-json\/wp\/v2\/tags?post=20686"}],"curies":[{"name":"wp","href":"https:\/\/api.w.org\/{rel}","templated":true}]}}