{"id":20683,"date":"2020-05-14T23:21:38","date_gmt":"2020-05-14T23:21:38","guid":{"rendered":"https:\/\/redsemlac.com\/semmexico\/?p=20683"},"modified":"2023-07-21T16:19:16","modified_gmt":"2023-07-21T21:19:16","slug":"para-atender-el-covid-19-firman-convenio-unam-y-senado","status":"publish","type":"post","link":"https:\/\/redsemlac.com\/semmexico\/para-atender-el-covid-19-firman-convenio-unam-y-senado\/","title":{"rendered":"Para atender el COVID-19 firman convenio UNAM y Senado"},"content":{"rendered":"\n<ul class=\"wp-block-list\"><li><strong>Destinar\u00e1n 50 mdp para compra de equipo de protecci\u00f3n del personal m\u00e9dico<\/strong><\/li><\/ul>\n\n\n\n<ul class=\"wp-block-list\"><li><strong>UNAM trabaja para el desarrollo de una vacuna, afirma el rector<\/strong><\/li><\/ul>\n\n\n\n<p class=\"wp-block-paragraph\"><strong>Redacci\u00f3n<\/strong><\/p>\n\n\n\n<p class=\"wp-block-paragraph\">SemM\u00e9xico, Cd. de M\u00e9xico, 14 de mayo, 2020.-  El Senado de la Rep\u00fablica firm\u00f3 un convenio de colaboraci\u00f3n con la Universidad Nacional Aut\u00f3noma de M\u00e9xico (UNAM) para que el donativo por 50 millones de pesos sea destinado al equipamiento de enfermeras y enfermeros, m\u00e9dicos, m\u00e9dicas y hospitales destinados a la atenci\u00f3n de la pandemia por COVID-19.<\/p>\n\n\n\n<p class=\"wp-block-paragraph\">\u201cNosotros\nqueremos agradecerle por haber aceptado, porque es claro que fue una decisi\u00f3n\nun\u00e1nime de esta Junta de Coordinaci\u00f3n Pol\u00edtica entregar estos recursos a la\nUNAM, es un reto, sin duda, poder darle el mejor destino a este donativo,\nentonces agradecemos much\u00edsimo su aceptaci\u00f3n, su participaci\u00f3n\u201d, destac\u00f3 el\ncoordinador del Grupo Parlamentario del PRD (GPPRD), Miguel \u00c1ngel Mancera\nEspinosa.<\/p>\n\n\n\n<p class=\"wp-block-paragraph\">Durante\nla reuni\u00f3n virtual que sostuvieron integrantes de la Junta de Coordinaci\u00f3n\nPol\u00edtica (Jucopo) con el rector de la UNAM, Enrique Graue, coment\u00f3 que la\nuniversidad trabaja en el desarrollo de una vacuna en contra del COVID-19.<\/p>\n\n\n\n<p class=\"wp-block-paragraph\">Los\nalcances de este convenio de colaboraci\u00f3n tambi\u00e9n fueron abordados por el Grupo\nPlural de Seguimiento al COVID-19, el cual estar\u00e1 pendiente de la aplicaci\u00f3n de\ndichos recursos.<\/p>\n\n\n\n<p class=\"wp-block-paragraph\">En\nla reuni\u00f3n virtual de este grupo, Miguel \u00c1ngel Mancera se\u00f1al\u00f3 que de\nconcretarse un periodo extraordinario de sesiones en el mes de junio, deben de\ndiscutirse las iniciativas que se han presentado referentes a la atenci\u00f3n de la\npandemia.<\/p>\n\n\n\n<p class=\"wp-block-paragraph\">\u201cMe\ngustar\u00eda que desde este grupo impulsemos una iniciativa que sea necesaria en\neste contexto de COVID, en particular el PRD ha presentado una iniciativa por\nla que se crea la Ley de Emergencia Econ\u00f3mica y una reforma que hemos planteado\na Ley General de Salud para poder a tender el tema de salud mental\u201d, indic\u00f3.<\/p>\n\n\n\n<p class=\"wp-block-paragraph\">Los\nintegrantes del Grupo Plural de Seguimiento tambi\u00e9n insistieron en la necesidad\nde reunirse con el secretario de Salud, Jorge Alcocer y el subsecretario de\nPrevenci\u00f3n y Promoci\u00f3n de la Salud, Hugo L\u00f3pez-Gatell, as\u00ed como el secretario\nde Relaciones Exteriores, Marcelo Ebrard.<\/p>\n\n\n\n<p class=\"wp-block-paragraph\">SE\/sj<\/p>\n","protected":false},"excerpt":{"rendered":"<p>UNAM trabaja para el desarrollo de una vacuna, afirma el rector<\/p>\n","protected":false},"author":3,"featured_media":20684,"comment_status":"open","ping_status":"open","sticky":false,"template":"","format":"standard","meta":{"_monsterinsights_skip_tracking":false,"footnotes":""},"categories":[691,135],"tags":[],"class_list":["post-20683","post","type-post","status-publish","format-standard","has-post-thumbnail","category-691","category-emergencia-sanitaria-covid-19"],"_links":{"self":[{"href":"https:\/\/redsemlac.com\/semmexico\/wp-json\/wp\/v2\/posts\/20683","targetHints":{"allow":["GET"]}}],"collection":[{"href":"https:\/\/redsemlac.com\/semmexico\/wp-json\/wp\/v2\/posts"}],"about":[{"href":"https:\/\/redsemlac.com\/semmexico\/wp-json\/wp\/v2\/types\/post"}],"author":[{"embeddable":true,"href":"https:\/\/redsemlac.com\/semmexico\/wp-json\/wp\/v2\/users\/3"}],"replies":[{"embeddable":true,"href":"https:\/\/redsemlac.com\/semmexico\/wp-json\/wp\/v2\/comments?post=20683"}],"version-history":[{"count":0,"href":"https:\/\/redsemlac.com\/semmexico\/wp-json\/wp\/v2\/posts\/20683\/revisions"}],"wp:featuredmedia":[{"embeddable":true,"href":"https:\/\/redsemlac.com\/semmexico\/wp-json\/wp\/v2\/media\/20684"}],"wp:attachment":[{"href":"https:\/\/redsemlac.com\/semmexico\/wp-json\/wp\/v2\/media?parent=20683"}],"wp:term":[{"taxonomy":"category","embeddable":true,"href":"https:\/\/redsemlac.com\/semmexico\/wp-json\/wp\/v2\/categories?post=20683"},{"taxonomy":"post_tag","embeddable":true,"href":"https:\/\/redsemlac.com\/semmexico\/wp-json\/wp\/v2\/tags?post=20683"}],"curies":[{"name":"wp","href":"https:\/\/api.w.org\/{rel}","templated":true}]}}