{"id":20680,"date":"2020-05-14T23:15:22","date_gmt":"2020-05-14T23:15:22","guid":{"rendered":"https:\/\/redsemlac.com\/semmexico\/?p=20680"},"modified":"2023-07-21T16:19:16","modified_gmt":"2023-07-21T21:19:16","slug":"epistolario-2","status":"publish","type":"post","link":"https:\/\/redsemlac.com\/semmexico\/epistolario-2\/","title":{"rendered":"Epistolario"},"content":{"rendered":"\n<h2 class=\"wp-block-heading\">SOS, un presidente fuerte<\/h2>\n\n\n\n<p class=\"wp-block-paragraph\"><strong>Armando Rojas Ar\u00e9valo<\/strong><\/p>\n\n\n\n<p class=\"wp-block-paragraph\">SemM\u00e9xico, 14\nde mayo, 2020.- MARCIA: Lo de los ventiladores devueltos. \u00bfLo crees? Yo\ntampoco. Suena a maniobra para desactivar el esc\u00e1ndalo y las preguntas futuras\nde qu\u00e9 pas\u00f3 con la investigaci\u00f3n y la correspondiente sanci\u00f3n. <\/p>\n\n\n\n<p class=\"wp-block-paragraph\">El gobierno\nha perdido notablemente la credibilidad. Tantas contradicciones; hoy se dice\nuna cosa y despu\u00e9s cambia de parecer. La verborrea diaria ya cansa. Por otro\nlado, la polarizaci\u00f3n que ha fomentado y la sistem\u00e1tica victimizaci\u00f3n de la que\nse dice objeto, son cosa de todos los d\u00edas.<\/p>\n\n\n\n<p class=\"wp-block-paragraph\">M\u00e9xico quiere\nun presidente fuerte, y de eso todos los mexicanos estamos convencidos.\nQueremos un mandatario que nos diga por d\u00f3nde, no al que nos endose a sus\nadversarios. Queremos un presidente que nos d\u00e9 certidumbre y con serenidad nos\nmuestre y lleve a puerto seguro.<\/p>\n\n\n\n<p class=\"wp-block-paragraph\">Sabemos que\nlos tiempos son dif\u00edciles, pero m\u00e1s ser\u00e1n los que vienen. La recesi\u00f3n econ\u00f3mica\ny los problemas sociales que provocar\u00e1 el cierre de empresas y el consiguiente\ndesempleo, obligan a tener un capit\u00e1n sereno en el tim\u00f3n del barco.<\/p>\n\n\n\n<p class=\"wp-block-paragraph\">Muchos\nsabemos que su lucha contra la corrupci\u00f3n le ha acarreado poderosos adversarios\nque no lo dejan ni dejar\u00e1n gobernar con eficiencia este pa\u00eds. Sin embargo,\ntambi\u00e9n que hay reconocer que \u00e9l es proclive a la confrontaci\u00f3n. Y as\u00ed menos.<\/p>\n\n\n\n<p class=\"wp-block-paragraph\">HOY, L\u00d3PEZ\nOBRADOR se deslinda de las amenazas en contra del peri\u00f3dico Reforma. Seguro, no\ntiene nada que ver con tales amenazas, pero \u00e9l tiene la culpa de las sospechas,\npues sus enemigos solamente capitalizaron las descalificaciones que ha hecho\ndel diario en varias ma\u00f1aneras, para hacerle llegar mensajes intimidatorios al\nperi\u00f3dico.<\/p>\n\n\n\n<p class=\"wp-block-paragraph\">DE OTROS\nasuntos. YOSHIO no fue mi amigo, debo ser sincero, aunque varias veces\ncoincidimos en reuniones de amigos en Cuernavaca. Como descendiente de japon\u00e9s,\nfue un caballero, siempre sonriente, siempre educado. Su nombre completo fue\nYOSHIO GUSTAVO NAKATANI AVILA. Nos deja estupendas interpretaciones, de manera\nespecial un homenaje a ALVARO CARRILLO. Lamento profundamente su fallecimiento.<\/p>\n\n\n\n<p class=\"wp-block-paragraph\">Del que mejor\nno quisiera hablar por pena ajena, pero debo hacerlo porque mi oficio me\nobliga, es de VICENTE FOX. Llor\u00f3n, no tiene verg\u00fcenza.&nbsp;\u201cDif\u00edcilmente tengo\npara comer\u201d. \u00bfY el \u201ccentro de estudios\u201d con hotel y salones para fiestas que\nhizo en su rancho siendo presidente, qu\u00e9? Por v\u00eda de mientras, algunos\nespont\u00e1neos le han hecho llegar despensas a su casa, para ayudar al pobrecito.<\/p>\n\n\n\n<p class=\"wp-block-paragraph\">OTRO QUE\ntiene la lengua muy floja y debe estar mordi\u00e9ndosela cada minuto es el\ngobernador de Puebla, LUIS MIGUEL G. BARBOSA. Hace unas semanas dijo que el\nCoronavirus s\u00f3lo le pega a los ricos. Para que mejor se calle, la Universidad\nNacional Aut\u00f3noma de M\u00e9xico (UNAM) y del Consejo Nacional de Evaluaci\u00f3n de la\nPol\u00edtica de Desarrollo Social (Coneval) dieron a conocer que la tasa de\nmortalidad, entendida como la proporci\u00f3n de fallecimientos por COVID-19 en una\npoblaci\u00f3n concreta por cada 100 mil habitantes, es m\u00e1s alta en los municipios\ncon altos \u00edndices de pobreza.<\/p>\n\n\n\n<p class=\"wp-block-paragraph\">La tasa de\nmortalidad m\u00e1s alta a nivel nacional la tiene el municipio de San Pedro\nMolinos, Oaxaca, con 142.45. En esa localidad, el 90.8 por ciento de la\npoblaci\u00f3n vive en pobreza. Le siguen Sanahcat, Yucat\u00e1n (109.35), y San Miguel\nTequixtepec, Oaxaca (94.88), con 49.9 y 87.7 por ciento de la poblaci\u00f3n en\npobreza, en cada uno de los casos.<\/p>\n\n\n\n<p class=\"wp-block-paragraph\">Al revisar la\ntasa de incidencia, en la tasa de letalidad no aparecen los municipios m\u00e1s\nafectados por n\u00famero de contagios. En este caso sobresalen localidades de\nOaxaca, Yucat\u00e1n, Guerrero, Sonora, Puebla y Tlaxcala.<\/p>\n\n\n\n<p class=\"wp-block-paragraph\">CUANDO DIGO\nQUE JESUS RAMIREZ debe cumplir mejor con su funci\u00f3n como director de\ncomunicaci\u00f3n social del presidente de la Rep\u00fablica, no me refiero solamente al\ntrabajo de boletinero, sino ser operador con medios, directores y periodistas\npara armonizar las relaciones personales de L\u00d3PEZ OBRADORES con los\ncomunicadores. Si su jefe polariza o descalifica, JESUS debe allanar el camino.\nO al menos sugerirle a su jefe que le baje unas rayitas a sus tensas relaciones\ncon el gremio period\u00edstico.<\/p>\n\n\n\n<p class=\"wp-block-paragraph\">LO QUE SUCEDE\nen NOTIMEX, la agencia oficial del gobierno, es escandaloso y obliga al\npresidente a hacer una rectificaci\u00f3n. SANJUANA MARTINEZ lleva 14 meses al\nfrente de la agencia noticiosa, caracteriz\u00e1ndose por sus desaciertos. Contraria\na la m\u00e1xima de que \u201cperro no come carne de perro\u201d, SANJUANA se ha dedicado a\nperseguir y atropellar sin descanso, primero al sindicato que le organiz\u00f3 una\nhuelga, y a periodistas \u2013especialmente mujeres- que supone adversarias de ella\ny la 4T.<\/p>\n\n\n\n<p class=\"wp-block-paragraph\">La\norganizaci\u00f3n internacional Art\u00edculo 19 ha solicitado al presidente la\nsuspensi\u00f3n temporal de SANJUANA y su directiva, mientras se investigan las\ndenuncias que hay en contra de ellos por la campa\u00f1a en redes sociales para\nagredir a periodistas y ex empleados de la agencia.<\/p>\n\n\n\n<p class=\"wp-block-paragraph\">MIENTRAS\nTANTO, hace unos d\u00edas allanaron el domicilio en el municipio de Zempoala del\nperiodista hidalguense C\u00c9SAR PE\u00d1A S\u00c1NCHEZ. La denuncia fue hecha por \u00e9l mismo\nen la Procuradur\u00eda del Estado, por el allanamiento y la serie de agresiones y\ndelitos (amenazas de muerte directas) en su agravio por parte de integrantes de\nuna supuesta banda dedicada al despojo de inmuebles, integrada \u2013dice \u00e9l- por\nL\u00c1ZARO FRANCISCO y FIDENCIO CRUZ ESCOBEDO, OSCAR y JOS\u00c9 GUADALUPE CRUZ MENDOZA.<\/p>\n\n\n\n<p class=\"wp-block-paragraph\">Dice que\ndesde hace a\u00f1os ha denunciado que estas personas se dedican al despojo de\npredios en la regi\u00f3n del altiplano hidalguense, concretamente en Zempoala,\ndonde son vecinos del comunicador.&nbsp;&nbsp;Derivado de su trabajo\nperiod\u00edstico lo han agredido, incluso han intentado arrollarlo un autom\u00f3vil y\nhan ingresado a su domicilio para agredirlo.<\/p>\n\n\n\n<p class=\"wp-block-paragraph\">CAUDAE, una\nempresa de opini\u00f3n p\u00fablica, hizo una encuesta para saber qu\u00e9 opina el pueblo de\nsus gobernadores. Los \u00faltimos lugares de aceptaci\u00f3n los ocupan MIGUEL BARBOSA y\nCUAUHT\u00c9MOC BLANCO.<\/p>\n\n\n\n<p class=\"wp-block-paragraph\"><a href=\"mailto:armandorojasarevalo@gmail.com\" target=\"_blank\" rel=\"noreferrer noopener\">armandorojasarevalo@gmail.com<\/a><\/p>\n\n\n\n<p class=\"wp-block-paragraph\"><a href=\"mailto:rojas.a.armando@hotmail.com\" target=\"_blank\" rel=\"noreferrer noopener\">rojas.a.armando@hotmail.com<\/a><\/p>\n","protected":false},"excerpt":{"rendered":"<p>SOS, un presidente fuerte<\/p>\n","protected":false},"author":3,"featured_media":20681,"comment_status":"open","ping_status":"open","sticky":false,"template":"","format":"standard","meta":{"_monsterinsights_skip_tracking":false,"footnotes":""},"categories":[691,82,110],"tags":[],"class_list":["post-20680","post","type-post","status-publish","format-standard","has-post-thumbnail","category-691","category-la-opinion","category-la-opinion-columnas"],"_links":{"self":[{"href":"https:\/\/redsemlac.com\/semmexico\/wp-json\/wp\/v2\/posts\/20680","targetHints":{"allow":["GET"]}}],"collection":[{"href":"https:\/\/redsemlac.com\/semmexico\/wp-json\/wp\/v2\/posts"}],"about":[{"href":"https:\/\/redsemlac.com\/semmexico\/wp-json\/wp\/v2\/types\/post"}],"author":[{"embeddable":true,"href":"https:\/\/redsemlac.com\/semmexico\/wp-json\/wp\/v2\/users\/3"}],"replies":[{"embeddable":true,"href":"https:\/\/redsemlac.com\/semmexico\/wp-json\/wp\/v2\/comments?post=20680"}],"version-history":[{"count":0,"href":"https:\/\/redsemlac.com\/semmexico\/wp-json\/wp\/v2\/posts\/20680\/revisions"}],"wp:featuredmedia":[{"embeddable":true,"href":"https:\/\/redsemlac.com\/semmexico\/wp-json\/wp\/v2\/media\/20681"}],"wp:attachment":[{"href":"https:\/\/redsemlac.com\/semmexico\/wp-json\/wp\/v2\/media?parent=20680"}],"wp:term":[{"taxonomy":"category","embeddable":true,"href":"https:\/\/redsemlac.com\/semmexico\/wp-json\/wp\/v2\/categories?post=20680"},{"taxonomy":"post_tag","embeddable":true,"href":"https:\/\/redsemlac.com\/semmexico\/wp-json\/wp\/v2\/tags?post=20680"}],"curies":[{"name":"wp","href":"https:\/\/api.w.org\/{rel}","templated":true}]}}