{"id":20678,"date":"2020-05-14T23:11:53","date_gmt":"2020-05-14T23:11:53","guid":{"rendered":"https:\/\/redsemlac.com\/semmexico\/?p=20678"},"modified":"2023-07-21T16:19:17","modified_gmt":"2023-07-21T21:19:17","slug":"ambigu-25","status":"publish","type":"post","link":"https:\/\/redsemlac.com\/semmexico\/ambigu-25\/","title":{"rendered":"Ambig\u00fa"},"content":{"rendered":"\n<h2 class=\"wp-block-heading\"><strong>Domado por COVID-19, invierte en salud o en caprichos<\/strong><\/h2>\n\n\n\n<p class=\"wp-block-paragraph\"><strong>+ Enero-marzo: de\n0.8% la inversi\u00f3n f\u00edsica en salud; sector energ\u00e9tico, 48.7%<\/strong><\/p>\n\n\n\n<p class=\"wp-block-paragraph\"><strong>Por Martha Elba Torres Mart\u00ednez<\/strong><\/p>\n\n\n\n<p class=\"wp-block-paragraph\">SemM\u00e9xico. 14 de mayo 2020.- En uno de esos videos raros que acostumbra, el Presidente L\u00f3pez Obrador dijo el domingo 26 de abril, que ya se hab\u00eda \u201cdomado la epidemia\u201d. Pero fue al rev\u00e9s. El virus lleg\u00f3 en avi\u00f3n a mediados de febrero, y se queda para siempre. En dos meses y medio, ha matado a cerca de 5 mil personas sin contar las \u201cneumon\u00edas at\u00edpicas\u201d. Dif\u00edcil de creer, pero ya se da un entre con el crimen organizado que entre marzo y abril cobr\u00f3 la vida de 5 mil 077.<\/p>\n\n\n\n<p class=\"wp-block-paragraph\">En lo econ\u00f3mico, tambi\u00e9n le baj\u00f3 lo gallito de la esperanza,\ncon los m\u00e1s de 750 mil empleos formales perdidos nada m\u00e1s durante el confinamiento.\n\u201cSi las empresas tienen que quebrar, que quiebren\u2026 son ellos los que deben\nasumir los costos y no el pueblo\u201d, dijo Amlo el 7 de mayo.<\/p>\n\n\n\n<p class=\"wp-block-paragraph\">Y el reporte de la ONU sobre la \u201cSituaci\u00f3n y Perspectivas de\nla Econom\u00eda Mundial\u201d, solo confirm\u00f3 las expectativas del de Hacienda, Arturo\nHerrera: la contracci\u00f3n ser\u00e1 de 3.9 por ciento, si bien nos va. Malo, que no se\nequivoque el FMI, con el decrecimiento estimado en 7 por ciento. <\/p>\n\n\n\n<p class=\"wp-block-paragraph\">No s\u00e9 si tenga sentido para el Presidente los vaticinios de la\nONU, pero la producci\u00f3n econ\u00f3mica mundial caer\u00e1 casi 8.5 billones de d\u00f3lares\nlos pr\u00f3ximos dos a\u00f1os, anulando casi todos los avances logrados en los \u00faltimos\ncuatro. En M\u00e9xico, en 2019, el crecimiento fue cero. Que no se nos olvide.<\/p>\n\n\n\n<p class=\"wp-block-paragraph\">As\u00ed que Covid impone la \u201cnueva\u201d realidad. <\/p>\n\n\n\n<p class=\"wp-block-paragraph\">Este lunes 18, en convivencia enfermiza, M\u00e9xico comienza a\nreactivar la econom\u00eda y recuperar la actividad social y escolar, de manera\ngradual. En primer\u00edsimo lugar, los sectores que le dictaron desde Estados\nUnidos: automotriz y autopartes, miner\u00eda y la construcci\u00f3n. El resto del sector\nlaboral y educativo, de acuerdo al sem\u00e1foro difundido esta semana, pero tambi\u00e9n\nsujeto a los diagn\u00f3sticos m\u00e1s precisos sobre la pandemia y su estela de\ndestrucci\u00f3n, que tienen las autoridades estatales y municipales. Qu\u00e9 bueno que\nno se va a pelear.<\/p>\n\n\n\n<p class=\"wp-block-paragraph\">Hoy nuevamente se re\u00fanen los gobernadores de Coahuila, Nuevo\nle\u00f3n, Tamaulipas, Durango y Michoac\u00e1n para revisar sus curvas de contagios y con\nbase en ello. Tomar decisiones. Porque ya lo prev\u00e9n, con el desconfinamiento,\naun en las entidades no autorizadas por el sem\u00e1foro, la gente buscar\u00e1 la manera\nde resocializar. Somos entes sociales y no podemos negar nuestra naturaleza.<\/p>\n\n\n\n<p class=\"wp-block-paragraph\">Por ello, es muy importante que razonemos, que reactivarnos\nno significa bajar la guardia. Hay que seguir con las medidas suficientes para\nevitar contagios: continuar con el cubrebocas y gel, guardar distancia y\nsaludar sin besito en la mejilla o abrazos y sobre todo, cuidar la higiene en\nel hogar.<\/p>\n\n\n\n<p class=\"wp-block-paragraph\">Por su parte, el Presidente, si ya tom\u00f3 consciencia de que Covid\nlo amans\u00f3, tendr\u00e1 que tomar otra dolorosa decisi\u00f3n, como ya lo hizo con el retorno\ndel Ej\u00e9rcito y la Marina a las tareas de seguridad p\u00fablica, y es, invertir en\nsalud o en sus obras. <\/p>\n\n\n\n<p class=\"wp-block-paragraph\">No hay para las dos cosas\u2026<\/p>\n\n\n\n<p class=\"wp-block-paragraph\">\u00a0\u00a0\u00a0\u00a0\u00a0\u00a0\u00a0\u00a0\u00a0\u00a0\u00a0\u00a0\u00a0\u00a0\u00a0\u00a0\u00a0\u00a0\u00a0\u00a0\u00a0\u00a0\u00a0\u00a0\u00a0\u00a0\u00a0\u00a0\u00a0\u00a0\u00a0\u00a0\u00a0\u00a0\u00a0\u00a0\u00a0\u00a0\u00a0\u00a0\u00a0\u00a0\u00a0\u00a0\u00a0\u00a0\u00a0\u00a0\u00a0\u00a0\u00a0\u00a0\u00a0\u00a0\u00a0\u00a0\u00a0\u00a0\u00a0\u00a0\u00a0\u00a0\u00a0\u00a0\u00a0\u00a0\u00a0\u00a0\u00a0\u00a0\u00a0\u00a0\u00a0\u00a0<strong>\u00a0\u00a0\u00a0 ***<\/strong><\/p>\n\n\n\n<p class=\"wp-block-paragraph\">La semana pasada, le\u00ed una nota de Elizabeth Albarr\u00e1n en El\nEconomista, muy reveladora: en el primer trimestre del a\u00f1o, los recursos que se\ndestinar\u00edan para construir nuevos hospitales y la compra y mantenimiento de\nequipo m\u00e9dico, registraron una ca\u00edda de 63.7% en t\u00e9rminos reales; as\u00ed, el gasto\nen inversi\u00f3n f\u00edsica del sector salud, fue de 1,300.4 millones de pesos.<\/p>\n\n\n\n<p class=\"wp-block-paragraph\">Esta cantidad represent\u00f3 apenas 0.8% del gasto total de\ninversi\u00f3n f\u00edsica del sector p\u00fablico, mientras que el sector energ\u00e9tico absorbi\u00f3\n48.7%, con un total de 74,860.2 millones de pesos, de acuerdo con datos de la\nSecretar\u00eda de Hacienda y Cr\u00e9dito P\u00fablico (SHCP).<\/p>\n\n\n\n<p class=\"wp-block-paragraph\">Es decir, cuando L\u00f3pez Obrador ve lo que est\u00e1 pasado desde\ndiciembre pasado en China, y los primeros dos meses de este a\u00f1o, en Europa,\ndecide inyectarle a Pemex, en lugar de a la salud. <\/p>\n\n\n\n<p class=\"wp-block-paragraph\">Y es importante ponerlo en la mesa, porque el 8 de mayo,\nante las cr\u00edticas razonables de los ex secretarios de Salud Jos\u00e9 Narro y Julio\nFrenk, sobre lo confuso de las estad\u00edsticas sobre la pandemia, el Presidente reacciona\ncon otros de sus arranques, y los acusa de haber dejado un \u201ccementerio de\nhospitales y centros de salud\u201d. De hecho, quedaron al menos 307 inconclusos,\nprecis\u00f3 Hugo L\u00f3pez Gatell.<\/p>\n\n\n\n<p class=\"wp-block-paragraph\">Efectivamente. Y entre ellos, porque me consta, se\nencuentran los nuevos hospitales Civil e Infantil en Ciudad Salud, en el\nmunicipio de Charo, donde ya operan los de especialidades del ISSSTE e IMSS.\nLas obras iniciaron en 2013 y para 2018, ya registraban un avance de 70 por\nciento. La pregunta es \u00bfpor qu\u00e9 la Federaci\u00f3n no le meti\u00f3 en 2019 para concluirlos\ny echarlos a andar? <\/p>\n\n\n\n<p class=\"wp-block-paragraph\">El estado, con recursos muy limitados y como pudo, ya\ninvirti\u00f3 70 millones de pesos en vialidades internas, suministro de energ\u00eda\nel\u00e9ctrica, agua potable, telefon\u00eda, drenaje y transporte, pero falta todav\u00eda\ninfraestructura y equipamiento.<\/p>\n\n\n\n<p class=\"wp-block-paragraph\">Entonces, que quede claro: quien quiso dejar esos nosocomios\ninconclusos, fue el mismo Amlo. \u00bfQu\u00e9 le costaba terminarlos y poner la placa\ncon su nombre? Eso es lo que menos importa, ante el beneficio de hospitales\ndignos para 4.2 millones de personas.<\/p>\n\n\n\n<p class=\"wp-block-paragraph\">Sigo con la nota de Albarr\u00e1n, porque recoge impresiones del economista\ny profesor de la Universidad Iberoamericana de Puebla, Enrique C\u00e1rdenas, quien\nestablece que las disminuciones en la inversi\u00f3n f\u00edsica en salud, es lo que ha\ndificultado m\u00e1s, las capacidades del gobierno para atender y enfrentar la\nemergencia sanitaria.<\/p>\n\n\n\n<p class=\"wp-block-paragraph\">Y precisamente por eso, los hospitales improvisados en el\nCentro Banamex, los CRITs y hasta el aut\u00f3dromo \u201cHermanos Rodr\u00edguez\u201d, as\u00ed como\nrecurrir a los privados para atender los contagios.<\/p>\n\n\n\n<p class=\"wp-block-paragraph\">Entonces, que nos explique \u00bfpor qu\u00e9 insiste en invertir en el\nbarril sin fondo que es Pemex, que en los primeros tres meses del a\u00f1o, ya perdi\u00f3\n562,251 millones de pesos, y no le mete a infraestructura en salud, en\nmedicamentos, en buenos salarios para el personal de este sector?<\/p>\n\n\n\n<p class=\"wp-block-paragraph\">As\u00ed las cosas, tendr\u00e1 que tomar la mejor decisi\u00f3n en\nbeneficio del pueblo que tanto le importa: sigue de necio con lo que ser\u00e1n sus\nelefantes blancos, la refiner\u00eda Dos Bocas, el Tren Maya y el aeropuerto de\nSanta Luc\u00eda, o prefiere ser recordado como el Presidente que defendi\u00f3 la vida\nde las y los mexicanos, frente al nuevo naturalizado mexicano&#8230;<\/p>\n\n\n\n<p class=\"wp-block-paragraph\">\u00a0\u00a0\u00a0\u00a0\u00a0\u00a0\u00a0\u00a0\u00a0\u00a0\u00a0\u00a0\u00a0\u00a0\u00a0\u00a0\u00a0\u00a0\u00a0\u00a0\u00a0\u00a0\u00a0\u00a0\u00a0\u00a0\u00a0\u00a0\u00a0\u00a0\u00a0\u00a0\u00a0\u00a0\u00a0\u00a0\u00a0\u00a0\u00a0\u00a0\u00a0\u00a0\u00a0\u00a0\u00a0\u00a0\u00a0\u00a0\u00a0\u00a0\u00a0\u00a0\u00a0\u00a0\u00a0\u00a0\u00a0\u00a0\u00a0\u00a0\u00a0\u00a0\u00a0\u00a0\u00a0\u00a0\u00a0\u00a0\u00a0\u00a0\u00a0\u00a0\u00a0\u00a0<strong>\u00a0\u00a0\u00a0 ***<\/strong><\/p>\n\n\n\n<p class=\"wp-block-paragraph\"><strong>LA COMIDILLA<\/strong><\/p>\n\n\n\n<p class=\"wp-block-paragraph\">Que todo mundo se pregunta si a las y los 25 diputados que a\nfinales de 2019 defraudaron a la Constituci\u00f3n, les sobrar\u00e1 algo del mill\u00f3n de\nd\u00f3lares por piocha, que dicen, recibieron por ampliar el periodo de 2 a 5 a\u00f1os,\ndel gobernador de Baja California, Jaime Bonilla. Esta semana la Suprema Corte\nde Justicia de la Naci\u00f3n tir\u00f3 por grosera y absurda, la maquinaci\u00f3n.<\/p>\n\n\n\n<p class=\"wp-block-paragraph\">\u00bfY c\u00f3mo queda la ex ministra Olga S\u00e1nchez? Es imperdonable\nun periodista con memoria corta. Todav\u00eda se encuentra en redes aquel video\nindiscreto que grab\u00f3 a la titular de Segob en sus oficinas, celebrando la\ncochinada con Bonilla y sus secuaces.<\/p>\n\n\n\n<p class=\"wp-block-paragraph\">S\u00e1nchez Cordero, Manuel Bartlett, Ana Gabriela Guevara y\nahora Sanjuana Mart\u00ednez, son apenas la punta del iceberg de la corrupci\u00f3n y la\npodredumbre en el gobierno de la 4T.<\/p>\n\n\n\n<p class=\"wp-block-paragraph\">Y s\u00ed, que est\u00e1n transformando el pa\u00eds. Como advertimos: para\nmal\u2026<\/p>\n","protected":false},"excerpt":{"rendered":"<p>Domado por COVID-19, invierte en salud o en caprichos<\/p>\n","protected":false},"author":3,"featured_media":9303,"comment_status":"open","ping_status":"open","sticky":false,"template":"","format":"standard","meta":{"_monsterinsights_skip_tracking":false,"footnotes":""},"categories":[691,99,90],"tags":[],"class_list":["post-20678","post","type-post","status-publish","format-standard","has-post-thumbnail","category-691","category-ambigu","category-martha-elba-torres-martinez"],"_links":{"self":[{"href":"https:\/\/redsemlac.com\/semmexico\/wp-json\/wp\/v2\/posts\/20678","targetHints":{"allow":["GET"]}}],"collection":[{"href":"https:\/\/redsemlac.com\/semmexico\/wp-json\/wp\/v2\/posts"}],"about":[{"href":"https:\/\/redsemlac.com\/semmexico\/wp-json\/wp\/v2\/types\/post"}],"author":[{"embeddable":true,"href":"https:\/\/redsemlac.com\/semmexico\/wp-json\/wp\/v2\/users\/3"}],"replies":[{"embeddable":true,"href":"https:\/\/redsemlac.com\/semmexico\/wp-json\/wp\/v2\/comments?post=20678"}],"version-history":[{"count":0,"href":"https:\/\/redsemlac.com\/semmexico\/wp-json\/wp\/v2\/posts\/20678\/revisions"}],"wp:featuredmedia":[{"embeddable":true,"href":"https:\/\/redsemlac.com\/semmexico\/wp-json\/wp\/v2\/media\/9303"}],"wp:attachment":[{"href":"https:\/\/redsemlac.com\/semmexico\/wp-json\/wp\/v2\/media?parent=20678"}],"wp:term":[{"taxonomy":"category","embeddable":true,"href":"https:\/\/redsemlac.com\/semmexico\/wp-json\/wp\/v2\/categories?post=20678"},{"taxonomy":"post_tag","embeddable":true,"href":"https:\/\/redsemlac.com\/semmexico\/wp-json\/wp\/v2\/tags?post=20678"}],"curies":[{"name":"wp","href":"https:\/\/api.w.org\/{rel}","templated":true}]}}