{"id":20673,"date":"2020-05-14T23:07:33","date_gmt":"2020-05-14T23:07:33","guid":{"rendered":"https:\/\/redsemlac.com\/semmexico\/?p=20673"},"modified":"2023-07-21T16:19:17","modified_gmt":"2023-07-21T21:19:17","slug":"sin-enfoque-de-genero-se-profundizaran-las-desigualdades","status":"publish","type":"post","link":"https:\/\/redsemlac.com\/semmexico\/sin-enfoque-de-genero-se-profundizaran-las-desigualdades\/","title":{"rendered":"Sin enfoque de g\u00e9nero se profundizar\u00e1n las desigualdades"},"content":{"rendered":"\n<ul class=\"wp-block-list\"><li><strong>Ministras de la Regi\u00f3n se\u00f1alan que el confinamiento ha triplicado el trabajo en casa de las mujeres<\/strong><\/li><\/ul>\n\n\n\n<ul class=\"wp-block-list\"><li><strong>Realizan foro virtual de alto nivel Clave Feminista sobre los impactos diferenciados de las mujeres<\/strong><\/li><\/ul>\n\n\n\n<p class=\"wp-block-paragraph\"><strong>Elda Montiel &nbsp;&nbsp;&nbsp;&nbsp;&nbsp;&nbsp;&nbsp;&nbsp;&nbsp;&nbsp; <\/strong><\/p>\n\n\n\n<p class=\"wp-block-paragraph\">SemM\u00e9xico,\nCd. de M\u00e9xico, 14 de mayo, 2020.- Imprescindible la participaci\u00f3n igualitaria\nde las mujeres en la toma de decisiones y el enfoque de g\u00e9nero en las pol\u00edticas\nde mitigaci\u00f3n y recuperaci\u00f3n de la crisis, se\u00f1alaron mujeres l\u00edderes de\nRep\u00fablica Dominicana, Costra Rica, Colombia y de la Comisi\u00f3n Interamericana de\nMujeres de la Organizaci\u00f3n de Estados Americanos (CIM-OEA).<\/p>\n\n\n\n<p class=\"wp-block-paragraph\">Durante\nuna conferencia virtual de alto nivel COVID 19 en Clave Feminista, sobre los\nimpactos diferenciados de las mujeres, advirtieron que de no considerar un\nenfoque de g\u00e9nero profundizar\u00e1 las desigualdades con efectos que se prolongar\u00e1n\nen el largo plazo y ser\u00e1n dif\u00edciles de revertir.<\/p>\n\n\n\n<p class=\"wp-block-paragraph\">Afirmaron\nque no se puede permitir un retroceso en los derechos de las mujeres en este\nconfinamiento, si bien las medidas buscan proteger la salud p\u00fablica y evitar el\ncolapso de los servicios de salud, su aplicaci\u00f3n ha provocado que los hogares\nsean los espacios donde todo ocurre: el cuidado; la educaci\u00f3n de ni\u00f1as, ni\u00f1os y\nadolescentes; la socializaci\u00f3n y el trabajo colectivo. <\/p>\n\n\n\n<p class=\"wp-block-paragraph\">Se ha\ntriplicado el trabajo de las mujeres, se ha exacerbado la crisis de los\ncuidados, no solo en el hogar, en el sector sanidad, en el trabajo dom\u00e9stico\nremunerado y en centros especializados de cuidados, situaci\u00f3n que lleva\nimpactos diferenciados sobre la salud de las mujeres y las expone a un mayor\nriesgo de contagio. &nbsp;<\/p>\n\n\n\n<p class=\"wp-block-paragraph\">Globalmente\nlas mujeres son m\u00e1s pobres que los hombres, y ya est\u00e1n sintiendo los efectos en\nel \u00e1mbito econ\u00f3mico y en el mercado de trabajo segmentado por g\u00e9nero. Las\nmujeres representan una gran proporci\u00f3n de la econom\u00eda informal en todos los\npa\u00edses y los datos indican que los sectores de la econom\u00eda m\u00e1s afectados por\nlas medidas de aislamiento social afectan de manera importante en las mujeres. <\/p>\n\n\n\n<p class=\"wp-block-paragraph\">Los indicadores dan cuenta de un\naumento de la violencia de g\u00e9nero, que se recrudece por el confinamiento y por el\nlimitado acceso de las mujeres a los servicios p\u00fablicos de atenci\u00f3n, prevenci\u00f3n\ny sanci\u00f3n de la violencia, que no son considerados como esenciales, y aunque la\nmayor\u00eda de gobiernos est\u00e1n adecuando las medidas al contexto la emergencia, se\nrequieren medidas extraordinarias para una situaci\u00f3n que es\nextraordinaria.&nbsp; <\/p>\n\n\n\n<p class=\"wp-block-paragraph\"><strong>La\nnueva normalidad <\/strong><\/p>\n\n\n\n<p class=\"wp-block-paragraph\">Ante el\ncuestionamiento \u00bfQu\u00e9 va a pasar\ncuando la vida vuelva a movilizarse? Las l\u00edderes Janet Camilo, Presidenta CIM-OEA\ny Ministra de la Mujer de Rep\u00fablica Dominicana; Marta Lucia Ram\u00edrez,\nVicepresidenta de Colombia; Epsy Campbell Barr, Vicepresidenta de Costa Rica, y\nAlejandra Mora Mora, Secretaria Ejecutiva CIM-OEA, respondieron que lo m\u00e1s\nimportante es que no haya retroceso en los derechos de las mujeres, la nueva\nnormalidad debe ser m\u00e1s humana y responsable, la pol\u00edtica debe tener rostro de\nmujer, que los partidos pol\u00edticos asuman de verdad la participaci\u00f3n de las\nmujeres y no solo demag\u00f3gicamente. <\/p>\n\n\n\n<p class=\"wp-block-paragraph\">Necesitamos una OEA movilizada para que este\nconfinamiento no deje m\u00e1s empobrecidas a las mujeres, dijo Janet Camilo de\nRepublica Dominicana, quien precis\u00f3 que esta crisis sorprendi\u00f3 al liderazgo de\nlas mujeres al enfrentarse a la muerte y de c\u00f3mo comunicar la esperanza. De\nc\u00f3mo transmitir que esta crisis se va a terminar y de buena manera. <\/p>\n\n\n\n<p class=\"wp-block-paragraph\">Lo que tambi\u00e9n la llevo a reflexionar sobre la\nimportancia del liderazgo femenino en la toma de decisiones para que sean\nefectivas y se\u00f1alo que la educaci\u00f3n es fundamental, ense\u00f1ar que las ni\u00f1as\npueden ser cient\u00edficas, todo lo que quieran ser y los hombres deben saber\nbarrer, cocinar, educar las nuevas masculinidades. Hay que cambiar las\ndin\u00e1micas porque los hogares no deber\u00edan ser zonas de guerra. <\/p>\n\n\n\n<p class=\"wp-block-paragraph\">Para Empsy Campbell, vicepresidenta de Costa\nRica, la nueva normalidad debe ser la de igualdad entre las mujeres y los\nhombres. Hay que visibilizar las situaciones actuales de las mujeres, la\nvulneraci\u00f3n de los cuidados,\u201d la multiplicaci\u00f3n de sus trabajos es permanente\u201d.\n<\/p>\n\n\n\n<p class=\"wp-block-paragraph\">Las mujeres que trabajan fuera del hogar dedican siete\nhoras y al interior de su hogar trabajan cinco horas m\u00e1s. Por lo que se\u00f1al\u00f3 que\nhay que &nbsp;priorizar a las mujeres cabezas\nde familia. En su pa\u00eds se transfirieron recursos durante esta crisis para\nbeneficiar a las mujeres. <\/p>\n\n\n\n<p class=\"wp-block-paragraph\">A su vez, Martha Luc\u00eda Ram\u00edrez, Vicepresidenta de\nColombia, se pronunci\u00f3 por acciones para reactivar la econom\u00eda, para que las\np\u00e9rdidas de empleo para las mujeres sean lo menos costoso posible, como fondos\nde capital, aunque reconoci\u00f3 que en los estratos m\u00e1s bajos esto es m\u00e1s dif\u00edcil,\npor lo que tambi\u00e9n propuso la \u201cRenta b\u00e1sica para personas que est\u00e1n al frente\nde las familias\u201d. \u201cQu\u00e9 bueno ser\u00eda que la huella que quede la pandemia sea una\ngran cantidad de empresas de mujeres\u201d, dijo.<\/p>\n\n\n\n<p class=\"wp-block-paragraph\"><strong>COVID 19 en la\nvida de las mujeres CIM-OEA<\/strong><\/p>\n\n\n\n<p class=\"wp-block-paragraph\">Asimismo,\nAlejandra Mora, secretaria ejecutiva de la CIM-OEA, se\u00f1al\u00f3 que la emergencia derivada\ndel COVID-19 est\u00e1 provocando impactos espec\u00edficos sobre las mujeres y\nprofundizando las desigualdades de g\u00e9nero existentes, por lo que se elabor\u00f3 un\ndocumento con el objetivo de apoyar a los Estados Miembros, basado en el\nconocimiento generado en emergencias sanitarias anteriores y en la evidencia y\nan\u00e1lisis disponibles sobre los impactos de g\u00e9nero en la emergencia actual.<\/p>\n\n\n\n<p class=\"wp-block-paragraph\">Las lecciones que han dejado pandemias\nrecientes (\u00c9bola, Zika, SARS) han demostrado que es indispensable la incorporaci\u00f3n\nde las necesidades de las mujeres en el abordaje de la emergencia y de no\nconsiderar un enfoque de g\u00e9nero profundizar\u00e1 las desigualdades con efectos que\nse prolongar\u00e1n en el largo plazo y ser\u00e1n dif\u00edciles de revertir. <\/p>\n\n\n\n<p class=\"wp-block-paragraph\">Durante la crisis del \u00c9bola en 2014,\ncualquier respuesta a los desaf\u00edos espec\u00edficos que enfrentaron las mujeres se\nhizo m\u00e1s dif\u00edcil debido a la representaci\u00f3n insuficiente de ellas en todos los\nniveles de la respuesta nacional e internacional.<\/p>\n\n\n\n<p class=\"wp-block-paragraph\">En el documento \u201cCovid 19 en la vida de las\nmujeres: razones para reconocer los impactos diferenciados\u201d, se incluye la informaci\u00f3n\nrecabada sobre la realidad de la regi\u00f3n en las reuniones impulsadas por la CIM\nen las \u00faltimas semanas con las Ministras de la Mujer y Altas Autoridades de los\nMecanismos Nacionales de la Mujer, con el Comit\u00e9 de Expertas del Mecanismo de\nSeguimiento a la Convenci\u00f3n de Bel\u00e9m do Par\u00e1 (MESECVI), y con organizaciones de\nla sociedad civil.<\/p>\n\n\n\n<p class=\"wp-block-paragraph\">La CIM-OEA es el principal foro pol\u00edtico de\nla regi\u00f3n para el reconocimiento de los derechos humanos de las mujeres y la\nigualdad de g\u00e9nero. Desde su creaci\u00f3n en 1928, la CIM ha jugado un rol\npredominante y estrat\u00e9gico en la promoci\u00f3n de los derechos de las mujeres en el\nhemisferio.&nbsp;&nbsp;&nbsp;&nbsp;&nbsp; <\/p>\n\n\n\n<p class=\"wp-block-paragraph\"><strong>Razones <\/strong><\/p>\n\n\n\n<p class=\"wp-block-paragraph\">La\nregi\u00f3n tiene la oportunidad de nuevos pactos, nuevas alianzas y nuevas miradas\nque compensen las certidumbres que se caen, avanzando con el paradigma de la\nigualdad, por lo que se hacen diversas propuestas y consideraciones.<\/p>\n\n\n\n<p class=\"wp-block-paragraph\">La\nprincipal, es la participaci\u00f3n de las mujeres en la toma de decisiones, ya que\nalgunos de los pa\u00edses que est\u00e1n combatiendo esta crisis de forma eficiente,\nest\u00e1n liderados por mujeres lo que es contrario a las percepciones que\ncontin\u00faan se\u00f1alando que el 50 % de la poblaci\u00f3n considera que los hombres son\nmejores l\u00edderes que las mujeres, siendo los hombres m\u00e1s propensos que las\nmujeres a tener esta visi\u00f3n. <\/p>\n\n\n\n<p class=\"wp-block-paragraph\">Hay que\nimpulsar medidas aceleradoras y afirmativas que garanticen la presencia\nigualitaria en el poder, las mujeres siguen subrepresentadas en todas las\ninstituciones del Estado (en promedios regionales: 30,6 % parlamentarias, 28,5 %\nen gabinetes ministeriales, 15,5 % alcaldesas y 32,1 % en m\u00e1ximo tribunal de\njusticia). Entre los Estados Miembros de la OEA, solamente ocho pa\u00edses cuentan\ncon Ministras de Salud, conforman el 70 % de la fuerza laboral en el sector de la\nsalud, pero solo representan el 25 % de los puestos de liderazgo.<\/p>\n\n\n\n<p class=\"wp-block-paragraph\">La OMS\nse\u00f1ala que \u201clas mujeres proporcionan la salud y los hombres la lideran\u201d y ha\nestimado que lograr la igualdad de g\u00e9nero en el sector de la salud llevar\u00e1 202\na\u00f1os. <\/p>\n\n\n\n<p class=\"wp-block-paragraph\"><strong>Medidas\nde exclusi\u00f3n para el agresor en caso de violencia<\/strong><\/p>\n\n\n\n<p class=\"wp-block-paragraph\">Respecto a medidas para evitar la\nviolencia contra las mujeres destaca el contemplar las medidas de exclusi\u00f3n del\nhogar del agresor, y no solo pensar en albergues para las mujeres y sus\nfamilias; as\u00ed como poner en marcha albergues temporales extraordinarios; y\/o\nhabilitar hoteles y otros alojamientos para la recepci\u00f3n de mujeres, ni\u00f1as y\nni\u00f1os, y adultas mayores, los cuales deben contar con presupuesto y protocolos\nde atenci\u00f3n adecuados.<\/p>\n\n\n\n<p class=\"wp-block-paragraph\">Dado que las infraestructuras de albergues o lugares de refugio para mujeres v\u00edctimas\nde violencia y sus familiares tienen limitaciones de capacidad, sanitarias y\npresupuestarias. Esta situaci\u00f3n se complicar\u00e1 a medida que se\nintensifica el confinamiento.&nbsp; <\/p>\n\n\n\n<p class=\"wp-block-paragraph\">Los ataques\nviolentos y el acoso contra el personal sanitario -colectivo integrado por una\nmayor\u00eda de mujeres- en viviendas y en medios de transporte no pueden tolerarse.\nEn\nrespuesta a este nuevo riesgo, los gobiernos pueden emprender campa\u00f1as de\nprevenci\u00f3n de esta violencia, proveer medios de transporte seguros para\nenfermeras y personal sanitario en riesgo de sufrir violencia en espacios p\u00fablicos,\nproporcionar apoyo psicol\u00f3gico y mecanismos para denunciar estas formas de\nabuso.<\/p>\n\n\n\n<p class=\"wp-block-paragraph\">Los\nservicios de atenci\u00f3n y protecci\u00f3n a la violencia contra las mujeres no est\u00e1n\ndise\u00f1ados para responder ante la situaci\u00f3n derivada de la emergencia COVID-19<strong>.\n<\/strong>Los servicios\ntambi\u00e9n deben adaptarse para asegurar el acceso de las mujeres v\u00edctimas de\nviolencia en todo el territorio nacional, y superar las dificultades para\nllegar a las zonas rurales, as\u00ed como adecuarse a las necesidades espec\u00edficas en\ncada territorio.<\/p>\n\n\n\n<p class=\"wp-block-paragraph\">Una medida relevante en este periodo\nespecial es la extensi\u00f3n autom\u00e1tica de medidas judiciales de protecci\u00f3n y de\nmedidas cautelares a mujeres v\u00edctimas de violencia, que ya han adelantado\nmuchos de los gobiernos de la regi\u00f3n. <\/p>\n\n\n\n<p class=\"wp-block-paragraph\">En relaci\u00f3n a los servicios de\natenci\u00f3n, los gobiernos pueden mejorar la capacidad de acceso a la telefon\u00eda\ninteligente y a la mensajer\u00eda silenciosa, mencionadas como medidas novedosas.\nEs necesario declarar servicios indispensables y esenciales las l\u00edneas de\natenci\u00f3n a la violencia y centros de orientaci\u00f3n y atenci\u00f3n psicol\u00f3gica,\npsicosocial y jur\u00eddica existentes, y reforzarlos, garantizando su acceso a\nrecursos para afrontar la situaci\u00f3n excepcional.<\/p>\n\n\n\n<p class=\"wp-block-paragraph\">Es indispensable declarar las l\u00edneas\nde atenci\u00f3n a la violencia, centros de orientaci\u00f3n y atenci\u00f3n psicol\u00f3gica,\npsicosocial y jur\u00eddica como servicios indispensables y reforzarlos. Tambi\u00e9n\nrealizar campa\u00f1as informativas sobre prevenci\u00f3n y atenci\u00f3n de casos de\nviolencia, garantizando que las denuncias ser\u00e1n atendidas y que las v\u00edctimas no\nest\u00e1n solas.<\/p>\n\n\n\n<p class=\"wp-block-paragraph\">Asimismo, los estados deben garantizar\nla seguridad de las ni\u00f1as y apoyo adicional para minimizar el aumento de los\nriesgos de violencia y abandono escolar una vez que termine el confinamiento. &nbsp;<\/p>\n\n\n\n<p class=\"wp-block-paragraph\"><strong>No debe haber retroceso en la\nparticipaci\u00f3n laboral de las mujeres<\/strong><\/p>\n\n\n\n<p class=\"wp-block-paragraph\">La crisis\ndel COVID-19 no puede derivar en un retroceso en la participaci\u00f3n laboral de\nlas mujeres y, por ello, se debe garantizar su acceso a los derechos\necon\u00f3micos. Las\nmujeres parten en peores condiciones para enfrentar esta crisis, presentan una\nmenor participaci\u00f3n laboral, les afecta m\u00e1s el desempleo y se concentran m\u00e1s en\nsectores vulnerables y de baja productividad. <\/p>\n\n\n\n<p class=\"wp-block-paragraph\">En la regi\u00f3n, la participaci\u00f3n laboral\nde las mujeres es de 50,3 %, 25 puntos porcentuales por debajo de los hombres.\nLa tasa de desempleo en 2017 fue de 10,4 % para las mujeres frente al 7,6 %\npara los hombres. El 51.84 % de las mujeres en nuestra regi\u00f3n est\u00e1n ocupadas en\nsectores de baja productividad, y de estas 82,2 % no est\u00e1n afiliadas o\ncotizando en un sistema de pensiones. <\/p>\n\n\n\n<p class=\"wp-block-paragraph\"><strong>Informalidad\ny pobreza<\/strong><\/p>\n\n\n\n<p class=\"wp-block-paragraph\">Existe un v\u00ednculo fuerte entre la\ninformalidad y la pobreza, por lo que el alto porcentaje de mujeres en el\nsector informal contribuye a su situaci\u00f3n de pobreza. Esto a pesar de la\nrelevancia de la participaci\u00f3n laboral de las mujeres para el PIB. <\/p>\n\n\n\n<p class=\"wp-block-paragraph\">La precariedad laboral de muchas\nmujeres las pone en mayor riesgo de que en el periodo de recuperaci\u00f3n puedan\nquedarse sin ingresos, para su bienestar y el de su familia; lo cual se agrava\npara las familias monoparentales, la mayor\u00eda de ellas encabezadas por mujeres.<\/p>\n\n\n\n<p class=\"wp-block-paragraph\">Ante la inevitable crisis econ\u00f3mica,\nla \u00fanica forma de que no se segmente sexualmente la reinserci\u00f3n laboral, es\ndecir, que las mujeres sean asignadas al trabajo no remunerado de la casa y los\nhombres al trabajo remunerado p\u00fablico, reforzando las desigualdades de g\u00e9nero\nen los hogares y en el mundo laboral, ser\u00e1 con medidas afirmativas por sectores\nproductivos y campa\u00f1as p\u00fablicas de informaci\u00f3n de la importancia individual y\ncolectiva de la reinserci\u00f3n laboral de las mujeres.<\/p>\n\n\n\n<p class=\"wp-block-paragraph\">SEM\/em\/sj<\/p>\n","protected":false},"excerpt":{"rendered":"<p>Realizan foro virtual de alto nivel Clave Feminista sobre los impactos diferenciados de las mujeres<\/p>\n","protected":false},"author":3,"featured_media":20674,"comment_status":"open","ping_status":"open","sticky":false,"template":"","format":"standard","meta":{"_monsterinsights_skip_tracking":false,"footnotes":""},"categories":[691,135],"tags":[],"class_list":["post-20673","post","type-post","status-publish","format-standard","has-post-thumbnail","category-691","category-emergencia-sanitaria-covid-19"],"_links":{"self":[{"href":"https:\/\/redsemlac.com\/semmexico\/wp-json\/wp\/v2\/posts\/20673","targetHints":{"allow":["GET"]}}],"collection":[{"href":"https:\/\/redsemlac.com\/semmexico\/wp-json\/wp\/v2\/posts"}],"about":[{"href":"https:\/\/redsemlac.com\/semmexico\/wp-json\/wp\/v2\/types\/post"}],"author":[{"embeddable":true,"href":"https:\/\/redsemlac.com\/semmexico\/wp-json\/wp\/v2\/users\/3"}],"replies":[{"embeddable":true,"href":"https:\/\/redsemlac.com\/semmexico\/wp-json\/wp\/v2\/comments?post=20673"}],"version-history":[{"count":0,"href":"https:\/\/redsemlac.com\/semmexico\/wp-json\/wp\/v2\/posts\/20673\/revisions"}],"wp:featuredmedia":[{"embeddable":true,"href":"https:\/\/redsemlac.com\/semmexico\/wp-json\/wp\/v2\/media\/20674"}],"wp:attachment":[{"href":"https:\/\/redsemlac.com\/semmexico\/wp-json\/wp\/v2\/media?parent=20673"}],"wp:term":[{"taxonomy":"category","embeddable":true,"href":"https:\/\/redsemlac.com\/semmexico\/wp-json\/wp\/v2\/categories?post=20673"},{"taxonomy":"post_tag","embeddable":true,"href":"https:\/\/redsemlac.com\/semmexico\/wp-json\/wp\/v2\/tags?post=20673"}],"curies":[{"name":"wp","href":"https:\/\/api.w.org\/{rel}","templated":true}]}}