{"id":20669,"date":"2020-05-14T23:01:33","date_gmt":"2020-05-14T23:01:33","guid":{"rendered":"https:\/\/redsemlac.com\/semmexico\/?p=20669"},"modified":"2023-07-21T16:19:17","modified_gmt":"2023-07-21T21:19:17","slug":"oaxaca-193","status":"publish","type":"post","link":"https:\/\/redsemlac.com\/semmexico\/oaxaca-193\/","title":{"rendered":"Al l\u00edmite Hospital de Alta Especialidad de Oaxaca"},"content":{"rendered":"\n<ul class=\"wp-block-list\"><li><strong>Imposible atender a m\u00e1s pacientes COVID-19<\/strong><\/li><\/ul>\n\n\n\n<ul class=\"wp-block-list\"><li><strong> Hemos trabajado incansablemente, se\u00f1ala el personal m\u00e9dico<\/strong><\/li><\/ul>\n\n\n\n<p class=\"wp-block-paragraph\"><strong>Patricia Brise\u00f1o<\/strong><\/p>\n\n\n\n<p class=\"wp-block-paragraph\">SemM\u00e9xico,\nOaxaca, 14 de mayo, 2020.- El Hospital Regional de Alta Especialidad,\nlocalizado en la zona metropolitana de la Ciudad de Oaxaca, lleg\u00f3 al l\u00edmite de\nsu capacidad para atender a pacientes con insuficiencia respiratoria cr\u00edtica\nocasionada por COVID-19, personas que en su gran mayor\u00eda est\u00e1n graves y\nrequieren intubaci\u00f3n endotraqueal y cuidados de terapia intensiva. <\/p>\n\n\n\n<p class=\"wp-block-paragraph\">A\ntrav\u00e9s de un comunicado, expres\u00f3 su disculpa a la poblaci\u00f3n abierta e inform\u00f3\n\u201ces imposible ingresar a m\u00e1s pacientes a atenci\u00f3n hospitalaria\u201d.<\/p>\n\n\n\n<div class=\"wp-block-image\"><figure class=\"alignleft size-large is-resized\"><img loading=\"lazy\" decoding=\"async\" src=\"https:\/\/redsemlac.com\/semmexico\/wp-content\/uploads\/2020\/05\/WhatsApp-Image-2020-05-14-at-3.01.27-PM-copia-1024x683.jpeg\" alt=\"\" class=\"wp-image-20671\" width=\"365\" height=\"243\"\/><\/figure><\/div>\n\n\n\n<p class=\"wp-block-paragraph\">Expuso\nque como hospital de tercer nivel en Oaxaca \u201ccomprometido con cuidar y velar\npor la salud de la poblaci\u00f3n que no cuenta con derechohabiencia a otros\nsistemas de salud\u201d, desde que recibi\u00f3 al primer paciente contagiado por el\nvirus, el pasado 24 de marzo, \u201ctodos los d\u00edas hemos trabajado incansablemente\npara que nuestros pacientes superen esta enfermedad\u201d.<\/p>\n\n\n\n<p class=\"wp-block-paragraph\">Pero,\nal ser el \u00fanico hospital que atiende a poblaci\u00f3n abierta, hemos llegado al\nl\u00edmite de nuestra capacidad instalada para atender a pacientes por COVID-19.<\/p>\n\n\n\n<p class=\"wp-block-paragraph\">Y,\nagreg\u00f3, \u201cestamos haciendo todo lo humanamente posible para que nuestros\npacientes salgan victoriosos de esta enfermedad, estamos seguros que juntos lo\nlograremos\u201d. <\/p>\n\n\n\n<p class=\"wp-block-paragraph\">Asimismo,\nreiter\u00f3 su compromiso con \u201cla poblaci\u00f3n m\u00e1s desprotegida a la cual nos debemos\ny les pedimos que nos ayuden siguiendo las recomendaciones de higiene de manos,\nqued\u00e1ndose en casa y guardar la sana distancia\u201d.<\/p>\n\n\n\n<p class=\"wp-block-paragraph\"><strong>Casi a tope tres hospitales en su \u00e1rea\nCOVID-19<\/strong><\/p>\n\n\n\n<p class=\"wp-block-paragraph\">En\nOaxaca, los Servicios de Salud acondicionaron 25 hospitales con \u00e1rea de\natenci\u00f3n a pacientes positivos por COVID-19: 10 pertenecen a la Secretar\u00eda de\nSalud; cinco, al ISSSTE e igual n\u00famero al IMSS; cuatro, son responsabilidad de\nla Sedena y uno de Petr\u00f3leos Mexicanos.<\/p>\n\n\n\n<p class=\"wp-block-paragraph\">El\nHospital Regional de Alta Especialidad de Oaxaca que cuenta con 26 camas hoy\njueves lleg\u00f3 al 100 % de su capacidad. Mientras que el Hospital General de Zona\n1 del IMSS, que cuenta con 19 camas ya registra un 95 % de ocupaci\u00f3n. En tanto\nque el hospital del ISSSTE que cuenta con 13 camas tiene un 38.5 % de\nocupaci\u00f3n.<\/p>\n\n\n\n<p class=\"wp-block-paragraph\">SEM\/pb\/sj<\/p>\n","protected":false},"excerpt":{"rendered":"<p>Imposible atender a m\u00e1s pacientes COVID-19<\/p>\n","protected":false},"author":3,"featured_media":20670,"comment_status":"open","ping_status":"open","sticky":false,"template":"","format":"standard","meta":{"_monsterinsights_skip_tracking":false,"footnotes":""},"categories":[691,135],"tags":[],"class_list":["post-20669","post","type-post","status-publish","format-standard","has-post-thumbnail","category-691","category-emergencia-sanitaria-covid-19"],"_links":{"self":[{"href":"https:\/\/redsemlac.com\/semmexico\/wp-json\/wp\/v2\/posts\/20669","targetHints":{"allow":["GET"]}}],"collection":[{"href":"https:\/\/redsemlac.com\/semmexico\/wp-json\/wp\/v2\/posts"}],"about":[{"href":"https:\/\/redsemlac.com\/semmexico\/wp-json\/wp\/v2\/types\/post"}],"author":[{"embeddable":true,"href":"https:\/\/redsemlac.com\/semmexico\/wp-json\/wp\/v2\/users\/3"}],"replies":[{"embeddable":true,"href":"https:\/\/redsemlac.com\/semmexico\/wp-json\/wp\/v2\/comments?post=20669"}],"version-history":[{"count":0,"href":"https:\/\/redsemlac.com\/semmexico\/wp-json\/wp\/v2\/posts\/20669\/revisions"}],"wp:featuredmedia":[{"embeddable":true,"href":"https:\/\/redsemlac.com\/semmexico\/wp-json\/wp\/v2\/media\/20670"}],"wp:attachment":[{"href":"https:\/\/redsemlac.com\/semmexico\/wp-json\/wp\/v2\/media?parent=20669"}],"wp:term":[{"taxonomy":"category","embeddable":true,"href":"https:\/\/redsemlac.com\/semmexico\/wp-json\/wp\/v2\/categories?post=20669"},{"taxonomy":"post_tag","embeddable":true,"href":"https:\/\/redsemlac.com\/semmexico\/wp-json\/wp\/v2\/tags?post=20669"}],"curies":[{"name":"wp","href":"https:\/\/api.w.org\/{rel}","templated":true}]}}