{"id":20658,"date":"2020-05-14T20:20:14","date_gmt":"2020-05-14T20:20:14","guid":{"rendered":"https:\/\/redsemlac.com\/semmexico\/?p=20658"},"modified":"2023-07-21T16:19:17","modified_gmt":"2023-07-21T21:19:17","slug":"oaxaca-192","status":"publish","type":"post","link":"https:\/\/redsemlac.com\/semmexico\/oaxaca-192\/","title":{"rendered":"Registra Oaxaca caso de muerte materna, agravada por COVID 19"},"content":{"rendered":"\n<ul class=\"wp-block-list\"><li><strong> Como lo hab\u00eda advertido CPMS hubo un retraso en la atenci\u00f3n, fue rechazada en dos hospitales<\/strong><\/li><\/ul>\n\n\n\n<ul class=\"wp-block-list\"><li><strong>Hasta la semana 19, sumaban cuatro muertes maternas agravadas por la pandemia<\/strong><\/li><\/ul>\n\n\n\n<p class=\"wp-block-paragraph\"><strong>Patricia Brise\u00f1o<\/strong><\/p>\n\n\n\n<p class=\"wp-block-paragraph\">SemM\u00e9xico,\nOaxaca, 14 de mayo, 2020.- &nbsp;Organizaciones\ncomo el Comit\u00e9 Promotor\npor una Maternidad Segura en M\u00e9xico, CPMS, lo hab\u00eda advertido y sucedi\u00f3 en\nOaxaca, cuando una mujer de 37 a\u00f1os de edad, muri\u00f3 a consecuencia del SARS-CoV-2, causante de la enfermedad COVID 19, tras\ndeambular por otros dos hospitales buscando ser atendida.<\/p>\n\n\n\n<p class=\"wp-block-paragraph\">Cabe se\u00f1alar que, de acuerdo con el informe\nsemanal de notificaci\u00f3n inmediata de muerte materna, hasta la semana 19 de este\na\u00f1o 2020 al menos cuatro mujeres hab\u00edan sufrido muerte materna derivado\n\u201cprobablemente\u201d del COVID 19, de un total de 221 muertes maternas ocurridos en ese\nlapso.<\/p>\n\n\n\n<p class=\"wp-block-paragraph\">Originaria de la regi\u00f3n de la\nmixteca, fue sometida a una ces\u00e1rea y falleci\u00f3 poco despu\u00e9s, el beb\u00e9 reci\u00e9n\nnacido tambi\u00e9n dio positivo, es el primer caso de un neonato, que de acuerdo al\nreporte m\u00e9dico tiene buenas expectativas. <\/p>\n\n\n\n<p class=\"wp-block-paragraph\">La tragedia de esta muerte materna,\nagravada por COVID 19, inici\u00f3 cuando en dos cl\u00ednicas de la regi\u00f3n fue rechazada\npor presentar los s\u00edntomas de la enfermedad y fue hasta un tercer hospital\ndonde la atendieron, pero fue imposible salvar la vida de la madre.<\/p>\n\n\n\n<p class=\"wp-block-paragraph\">Este\ncaso es el primer de un neonato con COVID 19, en Oaxaca, donde suman\n291 pacientes que han desarrollado los s\u00edntomas de esta enfermedad, registrados\nen la plataforma del Sistema Nacional de Vigilancia Epidemiol\u00f3gica.<\/p>\n\n\n\n<p class=\"wp-block-paragraph\">Los\nServicios de Salud de Oaxaca confirmaron que los familiares recibieron las\nrecomendaciones pertinentes, principalmente, el aislamiento del beb\u00e9 ante la\nposible propagaci\u00f3n del virus entre los encargados de su cuidado.<\/p>\n\n\n\n<p class=\"wp-block-paragraph\">La\nJurisdicci\u00f3n Sanitaria n\u00famero 05, con sede en la regi\u00f3n Mixteca, dio a conocer\nque tras confirmarse el deceso de la madre del menor, de 37 a\u00f1os de edad, el\nbeb\u00e9 fue examinado para saber si era portador del virus, arrojando como\nresultado positivo.<\/p>\n\n\n\n<p class=\"wp-block-paragraph\">De\nacuerdo con la ficha cl\u00ednica: \u201cEl beb\u00e9 tiene aparentemente las circunstancias\npara poder salir adelante, siempre y cuando, se le proporcionen las condiciones\nadecuadas, de resguardarlo, evitar los cambios bruscos de temperatura\u201d.<\/p>\n\n\n\n<p class=\"wp-block-paragraph\">Los\nServicios de Salud de Oaxaca (SSO) notificaron este mi\u00e9rcoles tres defunciones\npor COVID-19, con lo cual suman un global de 55 decesos.<\/p>\n\n\n\n<p class=\"wp-block-paragraph\">Seg\u00fan\nlas cifras de las personas contagiadas, los hombres presentan la incidencia m\u00e1s\nalta con 171 casos, respecto al sexo femenino, quienes han notificado 120 casos\nconfirmados. <\/p>\n\n\n\n<p class=\"wp-block-paragraph\">Y\ncontin\u00faa siendo el grupo de edad m\u00e1s afectado el de entre 25 a 44 a\u00f1os, con 106\npersonas; de 50 a 59 a\u00f1os, 59 personas afectadas, en tanto, que entre 65 y m\u00e1s,\n56 casos m\u00e1s.<\/p>\n\n\n\n<p class=\"wp-block-paragraph\">Tal como lo inform\u00f3 SemM\u00e9xico, la advertencia del Comit\u00e9 Promotor por una Maternidad Segura en M\u00e9xico (<a href=\"https:\/\/redsemlac.com\/semmexico\/?p=19118\">https:\/\/redsemlac.com\/semmexico\/?p=19118<\/a>) no ha funcionado del todo bien. \u201cSi no se act\u00faa r\u00e1pido se repetir\u00e1 la historia de 2009, durante la pandemia de influenza H1N1 cuando murieron al menos 300 mujeres antes, durante o despu\u00e9s del parto, dijo a SemM\u00e9xico, David Mel\u00e9ndez Navarro, Secretario T\u00e9cnico del CPMS. <\/p>\n\n\n\n<p class=\"wp-block-paragraph\">SEM\/pb\/sj<\/p>\n","protected":false},"excerpt":{"rendered":"<p>Hasta la semana 19, sumaban cuatro muertes maternas agravadas por la pandemia<\/p>\n","protected":false},"author":3,"featured_media":20659,"comment_status":"open","ping_status":"open","sticky":false,"template":"","format":"standard","meta":{"_monsterinsights_skip_tracking":false,"footnotes":""},"categories":[691,135],"tags":[],"class_list":["post-20658","post","type-post","status-publish","format-standard","has-post-thumbnail","category-691","category-emergencia-sanitaria-covid-19"],"_links":{"self":[{"href":"https:\/\/redsemlac.com\/semmexico\/wp-json\/wp\/v2\/posts\/20658","targetHints":{"allow":["GET"]}}],"collection":[{"href":"https:\/\/redsemlac.com\/semmexico\/wp-json\/wp\/v2\/posts"}],"about":[{"href":"https:\/\/redsemlac.com\/semmexico\/wp-json\/wp\/v2\/types\/post"}],"author":[{"embeddable":true,"href":"https:\/\/redsemlac.com\/semmexico\/wp-json\/wp\/v2\/users\/3"}],"replies":[{"embeddable":true,"href":"https:\/\/redsemlac.com\/semmexico\/wp-json\/wp\/v2\/comments?post=20658"}],"version-history":[{"count":0,"href":"https:\/\/redsemlac.com\/semmexico\/wp-json\/wp\/v2\/posts\/20658\/revisions"}],"wp:featuredmedia":[{"embeddable":true,"href":"https:\/\/redsemlac.com\/semmexico\/wp-json\/wp\/v2\/media\/20659"}],"wp:attachment":[{"href":"https:\/\/redsemlac.com\/semmexico\/wp-json\/wp\/v2\/media?parent=20658"}],"wp:term":[{"taxonomy":"category","embeddable":true,"href":"https:\/\/redsemlac.com\/semmexico\/wp-json\/wp\/v2\/categories?post=20658"},{"taxonomy":"post_tag","embeddable":true,"href":"https:\/\/redsemlac.com\/semmexico\/wp-json\/wp\/v2\/tags?post=20658"}],"curies":[{"name":"wp","href":"https:\/\/api.w.org\/{rel}","templated":true}]}}