{"id":20651,"date":"2020-05-14T20:15:21","date_gmt":"2020-05-14T20:15:21","guid":{"rendered":"https:\/\/redsemlac.com\/semmexico\/?p=20651"},"modified":"2023-07-21T16:19:17","modified_gmt":"2023-07-21T21:19:17","slug":"repare-mujeres-llegaran-en-desventaja-al-proceso-electoral-2021","status":"publish","type":"post","link":"https:\/\/redsemlac.com\/semmexico\/repare-mujeres-llegaran-en-desventaja-al-proceso-electoral-2021\/","title":{"rendered":"REPARE: Mujeres llegaran en desventaja al proceso electoral 2021"},"content":{"rendered":"\n<ul class=\"wp-block-list\"><li><strong>En Chiapas se ha confabulado el sistema pol\u00edtico <\/strong><\/li><\/ul>\n\n\n\n<ul class=\"wp-block-list\"><li><strong> Celebra la organizaci\u00f3n su V aniversario <\/strong><\/li><\/ul>\n\n\n\n<p class=\"wp-block-paragraph\"><strong>Lorena\nVaniezcot<\/strong><\/p>\n\n\n\n<p class=\"wp-block-paragraph\">SemM\u00e9xico,\nTuxtla Guti\u00e9rrez, 14 de mayo, 2020.- Luego de reconocer los avances normativos,\nque \u201cse han reconocido a cuenta gotas durante 90 a\u00f1os, la Red Chiapas por la\nParidad Efectiva (REPARE), se\u00f1ala que en esta entidad &nbsp;todo el sistema pol\u00edtico-electoral se ha\nconfabulado para impedir el ejercicio de esos derechos.<\/p>\n\n\n\n<p class=\"wp-block-paragraph\">En un\npronunciamiento hecho en el marco del V aniversario y a 95 a\u00f1os de la conquista\ndel voto femenino en Chiapas, REPARE reconoci\u00f3 la lucha de las mujeres que a\nprincipios del siglo XX exigieron el reconocimiento de los derechos pol\u00edticos\nde las mujeres de esta entidad y destacan que su celebraci\u00f3n se hace \u201cen un\ncontexto de preocupaci\u00f3n adicional, por la situaci\u00f3n de un escenario de\ndesventaja para las mujeres para las pr\u00f3ximas elecciones de 2021\u201d.<\/p>\n\n\n\n<p class=\"wp-block-paragraph\">Las\nintegrantes de REPARE identifican escenarios de desventaja para las mujeres: la\ncontingencia sanitaria por COVID-19 tendr\u00e1 un impacto negativo al activismo de\nlas pol\u00edticas, los partidos pol\u00edticos no incorporan a las mujeres en los\nc\u00e1lculos electorales, por lo que aseguran tener sobradas razones para suponer\nla repetici\u00f3n de la simulaci\u00f3n de la paridad.<\/p>\n\n\n\n<p class=\"wp-block-paragraph\">Finalmente,\nllaman a al Congreso del Estado, a la Secretar\u00eda General de Gobierno y al\nObservatorio de Participaci\u00f3n y Empoderamiento Pol\u00edtico de las Mujeres en\nChiapas a cumplir con los compromisos de Chiapas frente a los derechos\npol\u00edticos de las mujeres y todas las reformas legales e institucionales que\nello demande.<\/p>\n\n\n\n<p class=\"wp-block-paragraph\"><strong>Los hitos que han marcado la historia\npol\u00edtica en Chiapas<\/strong><\/p>\n\n\n\n<p class=\"wp-block-paragraph\">Luego\nde hacer un recuento de los hitos que han marcado esta historia, ratifican el\ncompromiso de REPARE, \u201cnuestra causa es y seguir\u00e1 siendo asegurar el\ncumplimiento de la ley electoral en materia de equidad, as\u00ed como el\ncumplimiento del principio constitucional en materia de paridad entre g\u00e9neros\u201d.<\/p>\n\n\n\n<p class=\"wp-block-paragraph\">Destacaron\nel avance en M\u00e9xico en materia de paridad, enmarcados en su art\u00edculos 2, 4, 35,\n42, 52, 53, 56, 94 y 115 (decreto 6 de junio del&nbsp; 2019), argumentaci\u00f3n jur\u00eddica que es\nacompa\u00f1ada por la Ley de Violencia Pol\u00edtica en raz\u00f3n de g\u00e9nero que entr\u00f3 en\nvigor el 13 de abril del 2020, a ra\u00edz de su publicaci\u00f3n en el Diario Oficial de\nla Federaci\u00f3n. <\/p>\n\n\n\n<p class=\"wp-block-paragraph\">En el\npronunciamiento las integrantes de REPARE hacen un reconocimiento a las\nchiapanecas que en estos 95 a\u00f1os ganaron espacios en los ayuntamientos y el\ncongreso local, a las que han defendido en los tribunales sus derechos\npol\u00edticos y a la fuerza de las mujeres ind\u00edgenas que se atreven a ir por m\u00e1s,\nen su propio contexto cultural. <\/p>\n\n\n\n<p class=\"wp-block-paragraph\">De\nigual forma, honran la valent\u00eda de las mujeres que ante la adversidad que\nmuestran las desigualdades de la competencia electoral, se atreven y arriesgan\nsus vidas, indefensas y sin garant\u00edas, pese a que las normas del Estado han\nreconocido sus derechos pol\u00edticos en igualdad, sin violencia y sin discriminaci\u00f3n.\nPero que han sido incumplidos, como hemos documentado y denunciado.<\/p>\n\n\n\n<p class=\"wp-block-paragraph\">Del\nrecuento sobre los hechos que han construido esta historia destacan la reforma\nal art\u00edculo 4to constitucional en 1974, que incorpor\u00f3 la igualdad jur\u00eddica\nentre mujeres y hombres, sin que en los hechos este principio se haya cumplido.\n<\/p>\n\n\n\n<p class=\"wp-block-paragraph\">Del\npresente siglo refieren las conquistas normativas relevantes, como la reforma\ndel &nbsp;art\u00edculo 41 del 2014, y el avance a\ntrav\u00e9s de las jurisprudencias, que establecieron las reglas para garantizar el\nejercicio del principio constitucional de la paridad entre g\u00e9neros en\ncandidaturas a legisladores federales y locales y municipales, as\u00ed como las\nsanciones que deben imponerse por el incumplimiento de sus obligaciones.<\/p>\n\n\n\n<p class=\"wp-block-paragraph\">Explican\nque el sistema pol\u00edtico-electoral \u201cse ha confabulado para impedir el ejercicio\nde esos derechos\u201d , omisiones que dieron origen al surgimiento de la REPARE,\nque ha obtenido conquistas de alcance nacional, como las jurisprudencias\nSUP-REC 294\/2015 y la SUP-REC 0876\/2018.<\/p>\n\n\n\n<p class=\"wp-block-paragraph\">REPARE\nha cimentado importantes reformas a la Constituci\u00f3n Pol\u00edtica del Estado de\nChiapas y en la Ley de Desarrollo Constitucional para la Igualdad de G\u00e9nero y\nAcceso a una Vida Libre de Violencia para las Mujeres del estado, apuntan en el\nbalance del V Aniversario, en el que refrendan su compromiso de asegurar el<\/p>\n\n\n\n<p class=\"wp-block-paragraph\">cumplimiento\nde la ley electoral en materia de equidad, as\u00ed como el cumplimiento del\nprincipio constitucional en materia de paridad entre g\u00e9neros. <\/p>\n\n\n\n<p class=\"wp-block-paragraph\">En ese\nsentido, reconocen el avance en M\u00e9xico en materia de paridad, enmarcados en su art\u00edculos\n2, 4, 35, 42, 52, 53, 56, 94 y 115 (decreto 6 de junio del&nbsp; 2019), argumentaci\u00f3n jur\u00eddica que es\nacompa\u00f1ada por la Ley de Violencia Pol\u00edtica en raz\u00f3n de g\u00e9nero que entr\u00f3 en\nvigor el 13 de abril del 2020, a ra\u00edz de su publicaci\u00f3n en el Diario Oficial de\nla Federaci\u00f3n. <\/p>\n\n\n\n<p class=\"wp-block-paragraph\">De\nestas reformas la del art\u00edculo 2\u00ba establece la obligaci\u00f3n de la paridad en los\nmunicipios ind\u00edgenas, que a la letra dice en la Fracci\u00f3n A-VII \u201cElegir, en los\nmunicipios con poblaci\u00f3n ind\u00edgena, representantes ante los ayuntamientos,\nobservando el principio de paridad de g\u00e9nero conforme a las normas aplicables\u201d,\nes decir incorporando el enfoque intercultural en el ejercicio de este derecho.\n<\/p>\n\n\n\n<p class=\"wp-block-paragraph\">Sin\nolvidar que, adicionalmente, por motivo de las pol\u00edticas de acci\u00f3n afirmativa,\nlas mujeres ind\u00edgenas tienen garantizado su derecho de paridad al integrar los\n9 Distritos electorales ind\u00edgenas locales; adem\u00e1s de los 5 Distritos\nelectorales federales ind\u00edgenas. Queda el desaf\u00edo de la organizaci\u00f3n pol\u00edtica\nde las mujeres para impedir la simulaci\u00f3n y usurpaci\u00f3n.<\/p>\n\n\n\n<p class=\"wp-block-paragraph\">Estos\navances se ven ensombrecidos con retrocesos que ocurren simult\u00e1neamente. Recientemente,\nel Congreso local realiz\u00f3 una reforma en el art\u00edculo 37 de la Constituci\u00f3n del\nestado (publicado el 04 de mayo de 2020) que disminuy\u00f3 el n\u00famero de\ncircunscripciones electorales uninominales, de cuatro a uno. Con este cambio,\nel n\u00famero de diputadas se redujo de 13 a 8 espacios. De esta forma las mujeres perdimos\ncinco esca\u00f1os dentro del Congreso local, por motivo de esa reforma.<\/p>\n\n\n\n<p class=\"wp-block-paragraph\">Por\n\u00faltimo se\u00f1alan que la celebraci\u00f3n de su V aniversario se hace en un contexto de\npreocupaci\u00f3n frente al escenario de desventaja para las mujeres en el proceso\n2021, donde la emergencia nacional por el COVID 19 no ha imedido que actores\npol\u00edticos ya se encuentren haciendo procelitismo, pese a que \u00e9ste oficialmente\ninicia el 1 de octubre pr\u00f3ximo.<\/p>\n\n\n\n<p class=\"wp-block-paragraph\">SEM\/lv\/sj<\/p>\n","protected":false},"excerpt":{"rendered":"<p>En Chiapas se ha confabulado el sistema pol\u00edtico <\/p>\n","protected":false},"author":3,"featured_media":20652,"comment_status":"open","ping_status":"open","sticky":false,"template":"","format":"standard","meta":{"_monsterinsights_skip_tracking":false,"footnotes":""},"categories":[691,54],"tags":[],"class_list":["post-20651","post","type-post","status-publish","format-standard","has-post-thumbnail","category-691","category-mujeres"],"_links":{"self":[{"href":"https:\/\/redsemlac.com\/semmexico\/wp-json\/wp\/v2\/posts\/20651","targetHints":{"allow":["GET"]}}],"collection":[{"href":"https:\/\/redsemlac.com\/semmexico\/wp-json\/wp\/v2\/posts"}],"about":[{"href":"https:\/\/redsemlac.com\/semmexico\/wp-json\/wp\/v2\/types\/post"}],"author":[{"embeddable":true,"href":"https:\/\/redsemlac.com\/semmexico\/wp-json\/wp\/v2\/users\/3"}],"replies":[{"embeddable":true,"href":"https:\/\/redsemlac.com\/semmexico\/wp-json\/wp\/v2\/comments?post=20651"}],"version-history":[{"count":0,"href":"https:\/\/redsemlac.com\/semmexico\/wp-json\/wp\/v2\/posts\/20651\/revisions"}],"wp:featuredmedia":[{"embeddable":true,"href":"https:\/\/redsemlac.com\/semmexico\/wp-json\/wp\/v2\/media\/20652"}],"wp:attachment":[{"href":"https:\/\/redsemlac.com\/semmexico\/wp-json\/wp\/v2\/media?parent=20651"}],"wp:term":[{"taxonomy":"category","embeddable":true,"href":"https:\/\/redsemlac.com\/semmexico\/wp-json\/wp\/v2\/categories?post=20651"},{"taxonomy":"post_tag","embeddable":true,"href":"https:\/\/redsemlac.com\/semmexico\/wp-json\/wp\/v2\/tags?post=20651"}],"curies":[{"name":"wp","href":"https:\/\/api.w.org\/{rel}","templated":true}]}}