{"id":20645,"date":"2020-05-14T17:06:12","date_gmt":"2020-05-14T17:06:12","guid":{"rendered":"https:\/\/redsemlac.com\/semmexico\/?p=20645"},"modified":"2023-07-21T16:19:17","modified_gmt":"2023-07-21T21:19:17","slug":"notimex-deber-suspender-operaciones-ordena-conciliacion-y-arbitraje","status":"publish","type":"post","link":"https:\/\/redsemlac.com\/semmexico\/notimex-deber-suspender-operaciones-ordena-conciliacion-y-arbitraje\/","title":{"rendered":"Notimex deber suspender operaciones, ordena Conciliaci\u00f3n y Arbitraje"},"content":{"rendered":"\n<ul class=\"wp-block-list\"><li><strong>Tras m\u00e1s de 80 d\u00edas de huelga, SanJuana Mart\u00ednez debe detener las actividades<\/strong><\/li><\/ul>\n\n\n\n<ul class=\"wp-block-list\"><li><strong>Notimex ser\u00e1 mutada por la JFCA por m\u00e1s de 400 mil pesos<\/strong><\/li><\/ul>\n\n\n\n<p class=\"wp-block-paragraph\"><strong>Redacci\u00f3n<\/strong><\/p>\n\n\n\n<p class=\"wp-block-paragraph\">SemM\u00e9xico\/CCONoticias,\n14 de mayo, 2020.- Luego de m\u00e1s de 80 d\u00edas de huelga, del Sindicato \u00danico de\nTrabajadores de Notimex (SutNotimex), la Junta Federal de Conciliaci\u00f3n y\nArbitraje (JFCA) orden\u00f3 a la directora de&nbsp;Notimex,&nbsp;Sanjuana\nMart\u00ednez,&nbsp;que suspenda de inmediato las operaciones de la empresa.<\/p>\n\n\n\n<p class=\"wp-block-paragraph\">En\nlas pr\u00f3ximas horas la JFCA notificar\u00e1 el resolutivo a la Junta de Gobierno de\nNotimex, que es el \u00f3rgano m\u00e1ximo de operaci\u00f3n de la Agencia, para que acate el\nfallo e informe a la autoridad laboral sobre su cumplimiento, \u201ca la brevedad\nposible\u201d, pues debe respetar la huelga \u201clegal y leg\u00edtima\u201d que estall\u00f3&nbsp;el\npasado 21 de febrero.<\/p>\n\n\n\n<p class=\"wp-block-paragraph\">La\ninstancia se\u00f1al\u00f3 que, al no atender los lineamientos de suspensi\u00f3n de labores,\nla empresa \u201cofende los derechos de la sociedad\u201d, y se har\u00e1 acreedora a una&nbsp;multa&nbsp;de&nbsp;hasta\n5 mil veces&nbsp;la Unidad de Medida y Actualizaci\u00f3n (vale 86.88 pesos), que\nequivale a&nbsp;434 mil 400 pesos.<\/p>\n\n\n\n<p class=\"wp-block-paragraph\">El\ncierre de operaciones de Notimex consiste en que no se suba ni una nota m\u00e1s al\nportal de noticias, tampoco a sus canales de redes sociales, que los reporteros\ndejen de asistir a las coberturas period\u00edsticas, y que se cierren todas sus\noficinas.<\/p>\n\n\n\n<p class=\"wp-block-paragraph\">Al\nrespecto, el Sindicato \u00danico de Trabajo de Notimex (SutNotimex) refrend\u00f3 su\ndisposici\u00f3n al di\u00e1logo y la negociaci\u00f3n para alcanzar un acuerdo en beneficio\nde las y los trabajadores y que apoye la operaci\u00f3n de la Agencia.<\/p>\n\n\n\n<p class=\"wp-block-paragraph\">SEM-CCONoticias<\/p>\n","protected":false},"excerpt":{"rendered":"<p>Notimex ser\u00e1 mutada por la JFCA por m\u00e1s de 400 mil pesos<\/p>\n","protected":false},"author":3,"featured_media":20646,"comment_status":"open","ping_status":"open","sticky":false,"template":"","format":"standard","meta":{"_monsterinsights_skip_tracking":false,"footnotes":""},"categories":[691,51],"tags":[],"class_list":["post-20645","post","type-post","status-publish","format-standard","has-post-thumbnail","category-691","category-ejecutivo"],"_links":{"self":[{"href":"https:\/\/redsemlac.com\/semmexico\/wp-json\/wp\/v2\/posts\/20645","targetHints":{"allow":["GET"]}}],"collection":[{"href":"https:\/\/redsemlac.com\/semmexico\/wp-json\/wp\/v2\/posts"}],"about":[{"href":"https:\/\/redsemlac.com\/semmexico\/wp-json\/wp\/v2\/types\/post"}],"author":[{"embeddable":true,"href":"https:\/\/redsemlac.com\/semmexico\/wp-json\/wp\/v2\/users\/3"}],"replies":[{"embeddable":true,"href":"https:\/\/redsemlac.com\/semmexico\/wp-json\/wp\/v2\/comments?post=20645"}],"version-history":[{"count":0,"href":"https:\/\/redsemlac.com\/semmexico\/wp-json\/wp\/v2\/posts\/20645\/revisions"}],"wp:featuredmedia":[{"embeddable":true,"href":"https:\/\/redsemlac.com\/semmexico\/wp-json\/wp\/v2\/media\/20646"}],"wp:attachment":[{"href":"https:\/\/redsemlac.com\/semmexico\/wp-json\/wp\/v2\/media?parent=20645"}],"wp:term":[{"taxonomy":"category","embeddable":true,"href":"https:\/\/redsemlac.com\/semmexico\/wp-json\/wp\/v2\/categories?post=20645"},{"taxonomy":"post_tag","embeddable":true,"href":"https:\/\/redsemlac.com\/semmexico\/wp-json\/wp\/v2\/tags?post=20645"}],"curies":[{"name":"wp","href":"https:\/\/api.w.org\/{rel}","templated":true}]}}