{"id":20642,"date":"2020-05-14T17:03:01","date_gmt":"2020-05-14T17:03:01","guid":{"rendered":"https:\/\/redsemlac.com\/semmexico\/?p=20642"},"modified":"2023-07-21T16:19:17","modified_gmt":"2023-07-21T21:19:17","slug":"inicia-registro-de-trabajadoras-del-hogar-al-credito-solidario-a-la-palabra","status":"publish","type":"post","link":"https:\/\/redsemlac.com\/semmexico\/inicia-registro-de-trabajadoras-del-hogar-al-credito-solidario-a-la-palabra\/","title":{"rendered":"Inicia registro de trabajadoras del hogar al Cr\u00e9dito Solidario a la Palabra"},"content":{"rendered":"\n<ul class=\"wp-block-list\"><li><strong>Tambi\u00e9n ser\u00e1n registrados\npersonas que trabajan de forma independiente<\/strong><\/li><\/ul>\n\n\n\n<ul class=\"wp-block-list\"><li><strong>Se estima que ambos casos\nsumen un universo potencial de m\u00e1s de 47 mil personas<\/strong><\/li><\/ul>\n\n\n\n<ul class=\"wp-block-list\"><li><strong>Se pagar\u00e1n 823 pesos\nmensuales durante tres a\u00f1os<\/strong><\/li><\/ul>\n\n\n\n<p class=\"wp-block-paragraph\"><strong>Redacci\u00f3n<\/strong><\/p>\n\n\n\n<p class=\"wp-block-paragraph\">SemM\u00e9xico\/CCONoticias,\n14 de mayo, 2020.- Inici\u00f3 el registro de personas trabajadoras del hogar y de\ntrabajadores independientes al Cr\u00e9dito Solidario a la Palabra, que comprende un\nuniverso potencial de 22 mil 300 trabajadores, para el primer caso; y de 23 mil\n717 para el segundo rubro, inform\u00f3 la directora de Incorporaci\u00f3n y Recaudaci\u00f3n\ndel Instituto Mexicano del Seguro Social (IMSS), Norma Gabriela L\u00f3pez\nCasta\u00f1eda.<\/p>\n\n\n\n<p class=\"wp-block-paragraph\">Explic\u00f3\nque esta modalidad del Cr\u00e9dito Solidario a la Palabra est\u00e1 dirigida a\ntrabajadoras del hogar y trabajadores independientes vigentes al 30 de abril en\nel Seguro Social.<\/p>\n\n\n\n<p class=\"wp-block-paragraph\">Explic\u00f3\nque una vez que realicen su registro, se har\u00e1 el dep\u00f3sito de 25 mil pesos,\nmonto por el que pagar\u00e1n 823 pesos mensuales durante tres a\u00f1os a partir del\ncuarto mes de la entrega del cr\u00e9dito.<\/p>\n\n\n\n<p class=\"wp-block-paragraph\">Enfatiz\u00f3\nque este cr\u00e9dito ha generado mucha expectativa e interacci\u00f3n en redes sociales,\npor lo cual se habilit\u00f3 el correo&nbsp;<a href=\"mailto:apoyo.solidario@imss.gob.mx\">apoyo.solidario@imss.gob.mx<\/a>&nbsp;para atender\ncualquier duda.<\/p>\n\n\n\n<p class=\"wp-block-paragraph\">Norma\nGabriela L\u00f3pez Casta\u00f1eda indic\u00f3 que para inscribirse al cr\u00e9dito, a diferencia\ndel que solicitan los empresarios, no tendr\u00e1n que ingresar el Registro Federal\nde Contribuyentes (RFC), \u201clo estamos habilitando con la CURP, precisamente\nentendiendo que es un sector, principalmente el de trabajadoras del hogar, que\nno necesariamente tiene RFC. Es importante que la cuenta est\u00e9 a nombre de la\npersona que solicita el beneficio, de lo contrario no podr\u00e1 proceder el\ndep\u00f3sito\u201d.<\/p>\n\n\n\n<p class=\"wp-block-paragraph\">Explic\u00f3\nque al momento del registro para el cr\u00e9dito hay cuentas que no permiten recibir\nun importe de transacci\u00f3n de 25 mil pesos; por ello, a partir del viernes se\nhabilitar\u00e1 un canal de asesor\u00eda v\u00eda remota para abrir cuentas bancarias sin\neste candado, \u201csi se trata de una cuenta que tiene esta restricci\u00f3n, mejor\nesp\u00e9renos al d\u00eda viernes para que no tengan esta limitaci\u00f3n en cuanto al\ndep\u00f3sito\u201d.<\/p>\n\n\n\n<p class=\"wp-block-paragraph\">La\ndirectora de Incorporaci\u00f3n y Recaudaci\u00f3n tambi\u00e9n inform\u00f3 que al corte del 13 de\nmayo, 153 mil 316 patrones han solicitado el Cr\u00e9dito Solidario a la Palabra,\nseis mil 695 registros m\u00e1s que el d\u00eda anterior.<\/p>\n\n\n\n<p class=\"wp-block-paragraph\">Detall\u00f3\nque con este programa se han dispersado tres mil 320 millones 675 mil pesos, y\nque es el sector econ\u00f3mico de Servicios para empresas a quienes m\u00e1s se ha\nentregado este cr\u00e9dito, seguido de Comercio (peque\u00f1os negocios, miscel\u00e1neas),\nTransformaci\u00f3n, Construcci\u00f3n, Servicios sociales, Transporte y comunicaciones,\nAgropecuario, Extractivas y El\u00e9ctrica y agua.<\/p>\n\n\n\n<p class=\"wp-block-paragraph\">Detall\u00f3\nque las tres opciones de cr\u00e9dito se encuentran disponibles en el sitio\nweb&nbsp;<a href=\"http:\/\/www.imss.gob.mx\/\">www.imss.gob.mx<\/a>&nbsp;en donde deber\u00e1n acceder al\napartado de Apoyo Solidario a la Palabra y seleccionar la opci\u00f3n que\ncorresponda.<\/p>\n\n\n\n<p class=\"wp-block-paragraph\">Posteriormente,\nser\u00e1n direccionados a una liga para ingresar la CURP o el RFC, seg\u00fan sea el\ncaso, ingresar nombre, tel\u00e9fono, correo electr\u00f3nico y cuenta bancaria. Si la\npersona es aprobada para recibir el cr\u00e9dito solidario, se le informar\u00e1 sobre\nlos plazos del mismo y la tabla de amortizaci\u00f3n de inter\u00e9s interbancario.<\/p>\n\n\n\n<p class=\"wp-block-paragraph\">Record\u00f3 el n\u00famero de l\u00ednea de orientaci\u00f3n telef\u00f3nica: 800 623 2323, opci\u00f3n 2, para la atenci\u00f3n de cualquier duda, esto de lunes a viernes de 08:00 a 20:00 horas, as\u00ed como s\u00e1bados y domingos de 08:00 a 14:00 horas.<\/p>\n\n\n\n<p class=\"wp-block-paragraph\">En punto de las 18:30 horas, como se ha hecho diariamente en esta conferencia, se hizo una pausa para aplaudir el trabajo del personal m\u00e9dico que atiende la emergencia sanitaria por COVID-19; en esta ocasi\u00f3n el reconocimiento fue por la solidaridad que han mantenido los trabajadores de la salud que por varias semanas han estado en frente de batalla contra esta enfermedad.<\/p>\n\n\n\n<p class=\"wp-block-paragraph\">SEM\/CCO\nNoticias<\/p>\n","protected":false},"excerpt":{"rendered":"<p>Se pagar\u00e1n 823 pesos mensuales durante tres a\u00f1os<\/p>\n","protected":false},"author":3,"featured_media":20643,"comment_status":"open","ping_status":"open","sticky":false,"template":"","format":"standard","meta":{"_monsterinsights_skip_tracking":false,"footnotes":""},"categories":[691,51],"tags":[],"class_list":["post-20642","post","type-post","status-publish","format-standard","has-post-thumbnail","category-691","category-ejecutivo"],"_links":{"self":[{"href":"https:\/\/redsemlac.com\/semmexico\/wp-json\/wp\/v2\/posts\/20642","targetHints":{"allow":["GET"]}}],"collection":[{"href":"https:\/\/redsemlac.com\/semmexico\/wp-json\/wp\/v2\/posts"}],"about":[{"href":"https:\/\/redsemlac.com\/semmexico\/wp-json\/wp\/v2\/types\/post"}],"author":[{"embeddable":true,"href":"https:\/\/redsemlac.com\/semmexico\/wp-json\/wp\/v2\/users\/3"}],"replies":[{"embeddable":true,"href":"https:\/\/redsemlac.com\/semmexico\/wp-json\/wp\/v2\/comments?post=20642"}],"version-history":[{"count":0,"href":"https:\/\/redsemlac.com\/semmexico\/wp-json\/wp\/v2\/posts\/20642\/revisions"}],"wp:featuredmedia":[{"embeddable":true,"href":"https:\/\/redsemlac.com\/semmexico\/wp-json\/wp\/v2\/media\/20643"}],"wp:attachment":[{"href":"https:\/\/redsemlac.com\/semmexico\/wp-json\/wp\/v2\/media?parent=20642"}],"wp:term":[{"taxonomy":"category","embeddable":true,"href":"https:\/\/redsemlac.com\/semmexico\/wp-json\/wp\/v2\/categories?post=20642"},{"taxonomy":"post_tag","embeddable":true,"href":"https:\/\/redsemlac.com\/semmexico\/wp-json\/wp\/v2\/tags?post=20642"}],"curies":[{"name":"wp","href":"https:\/\/api.w.org\/{rel}","templated":true}]}}