{"id":20637,"date":"2020-05-14T16:54:20","date_gmt":"2020-05-14T16:54:20","guid":{"rendered":"https:\/\/redsemlac.com\/semmexico\/?p=20637"},"modified":"2023-07-21T16:19:17","modified_gmt":"2023-07-21T21:19:17","slug":"opinion-505","status":"publish","type":"post","link":"https:\/\/redsemlac.com\/semmexico\/opinion-505\/","title":{"rendered":"R\u00e1faga"},"content":{"rendered":"\n<h2 class=\"wp-block-heading\">\u00a1Nombres y Pruebas!, exige personal m\u00e9dico al Presidente de M\u00e9xico<\/h2>\n\n\n\n<p class=\"wp-block-paragraph\"><strong>Jorge Herrera Valenzuela<\/strong><\/p>\n\n\n\n<p class=\"wp-block-paragraph\">SemM\u00e9xico, 14 de mayo, 2020.- La indignaci\u00f3n reina\nentre los m\u00e9dicos, por las ofensivas palabras que pronunci\u00f3 el viernes pasado,\nen su \u201cma\u00f1anera\u201d, el Presidente de M\u00e9xico. El tabasque\u00f1o desde su p\u00falpito en\nPalacio Nacional afirm\u00f3 que \u201cel m\u00e9dico\u201d al recibir a un paciente no le\npreguntaba qu\u00e9 le dol\u00eda, sino cu\u00e1ntos bienes ten\u00eda e hizo con la mano derecha,\nutilizando los dedos pulgar e \u00edndice, la se\u00f1a indicativa de dinero.<\/p>\n\n\n\n<p class=\"wp-block-paragraph\">El lunes sobre el mismo tema y presionado para\ndisculparse, ante supuestos reporteros, el hombre que tuvo hasta 30 millones de\nsimpatizantes, expres\u00f3: \u201c\u2026<strong>habl\u00f3 de\nalgunos m\u00e9dicos, porque tambi\u00e9n es una realidad que se mercantiliz\u00f3 la\nmedicina, se robaban las medicinas, uno de los negocios m\u00e1s jugosos era la\ncompra de las medicinas. No solo eso, adulteraban los medicamentos. Hab\u00eda\nm\u00e9dicos que solo les interesaba eso\u2026\u201d.<\/strong><\/p>\n\n\n\n<p class=\"wp-block-paragraph\">No par\u00f3 ah\u00ed, sino agreg\u00f3 que \u201ceso\u201d tambi\u00e9n lo hab\u00eda \u201c<strong>en el gremio empresarial, como en el gremio\nde los legisladores (sic), el de los pol\u00edticos, en todos, ni modo que hay un\ngremio puro<\/strong>\u201d. <strong>&nbsp;<\/strong>Hasta Cantinflas se hubiese ruborizado al\no\u00edr al m\u00e1s importante funcionario mexicano, pues habl\u00f3 mucho, nose disculp\u00f3 con los m\u00e9dicos agraviados\ne irrit\u00f3 m\u00e1s a los profesionistas que recibieron el apoyo solidario de\nenfermeras, enfermeros, camilleros y por supuesto de muchas personas.<\/p>\n\n\n\n<p class=\"wp-block-paragraph\">La historia comenz\u00f3 la ma\u00f1ana del viernes 8 cuando\ndesde su atril quiso ser gracioso m\u00e1s que sarc\u00e1stico e invent\u00f3 el siguiente\ndi\u00e1logo:<\/p>\n\n\n\n<p class=\"wp-block-paragraph\">El m\u00e9dico recib\u00eda al paciente, \u00bf<strong>qu\u00e9 tiene<\/strong>? Y el enfermo respond\u00eda \u201c<strong>me duele aqu\u00ed<\/strong>\u201d, se\u00f1alando con su mano una parte del cuerpo y el\ndoctor lo interrump\u00eda, \u201c\u00bf<strong>no, no que le\nduele, cu\u00e1ntos bienes tiene<\/strong>? Enseguida en el video se ve claramente cuando\nel Presidente de M\u00e9xico hac\u00eda la se\u00f1al de dinero. <\/p>\n\n\n\n<p class=\"wp-block-paragraph\">En esa misma ocasi\u00f3n puso \u00e9nfasis al decir que los\nm\u00e9dicos \u201cdel neoliberalismo\u201d se enriquecieron. Textualmente dijo: \u201c<strong>Se dec\u00eda antes que los m\u00e9dicos solo\nbuscaban enriquecerse, \u00bfno?<\/strong>\u201d<\/p>\n\n\n\n<p class=\"wp-block-paragraph\">Puedo afirmar categ\u00f3ricamente que jam\u00e1s durante los\n\u00faltimos 60 a\u00f1os de mi vida, como jefe de familia, nunca un m\u00e9dico que atendi\u00f3 a\nmis hijos desde peque\u00f1os, ning\u00fan facultativo, insinu\u00f3 una barbaridad como la\nque se escuch\u00f3 en Palacio Nacional. Hemos sido atendidos mi esposa y yo por\nmuchos m\u00e9dicos y jam\u00e1s alguno de ellos antepuso un inter\u00e9s monetario para\natendernos. <\/p>\n\n\n\n<p class=\"wp-block-paragraph\">\u00bfNombres de esos m\u00e9dicos? Javier Villalpando\nGuti\u00e9rrez, Ra\u00fal M. Simancas, Jorge A. Avi\u00f1a Valencia, Jorge Tommasi Pedraza,\nJuan Carlos Pel\u00e1ez Piedrahita, Isidoro Wiener Castillo, Eduardo Villanueva Sa\u00e9nz,\nJ. Arturo Zavala Habib, Armando Castro Gayt\u00e1n, Francisco P. Navarro Reynoso,\nEduardo G\u00f3mez Maciel, Roberto Garc\u00eda Castro, Roberto Garc\u00eda Quintero, Arturo\nMichel Estrada y la doctora Nora Quintero P\u00e9rez; tal vez haya omitido alguno.\nLos he mencionado sin su conocimiento ni consentimiento, porque siempre de\nellos recibimos oportuna y acertada atenci\u00f3n.<\/p>\n\n\n\n<p class=\"wp-block-paragraph\">Como estoy en mi confinamiento, recurr\u00ed v\u00eda\ntelef\u00f3nica a comentar esta noticia y las reacciones de m\u00e9dicos y de personas de\ndiferentes sectores sociales y profesionales. La respuesta de todos ellos,\nprincipalmente de los afectados, los hombres que hoy expone su vida para salvar\na los contagiados por el coronavirus, a los que he llamado, anteriormente, en\neste mismo espacio integrantes de <strong>El\nBatall\u00f3n de las Batas Blancas<\/strong>, se resume en una demanda:<\/p>\n\n\n\n<p class=\"wp-block-paragraph\"><strong>Que el Presidente de M\u00e9xico d\u00e9 nombres de los m\u00e9dicos que se\nenriquecieron y presente las pruebas correspondientes.<\/strong><\/p>\n\n\n\n<p class=\"wp-block-paragraph\">Es muy cierto. Desde Palacio Nacional se ha llamado\ncorruptos a los contratistas del frustrado Aeropuerto Internacional, a los\nempresarios, a los reporteros, a los columnistas y a los medios informativos,\npero hasta ahora el presidente Andr\u00e9s Manuel L\u00f3pez Obrador no ha revelado un\nnombre de los corruptos que hay en su mente, ni ha presentado pruebas y tampoco\nexiste una formal acusaci\u00f3n judicial contra un presunto responsable de\ncorrupci\u00f3n.<\/p>\n\n\n\n<p class=\"wp-block-paragraph\"><strong>jherrerav@live.com.mx<\/strong><\/p>\n","protected":false},"excerpt":{"rendered":"<p>\u00a1Nombres y Pruebas!, exige personal m\u00e9dico al Presidente de M\u00e9xico<\/p>\n","protected":false},"author":3,"featured_media":20638,"comment_status":"open","ping_status":"open","sticky":false,"template":"","format":"standard","meta":{"_monsterinsights_skip_tracking":false,"footnotes":""},"categories":[691,94,107],"tags":[],"class_list":["post-20637","post","type-post","status-publish","format-standard","has-post-thumbnail","category-691","category-jorge-herrera-valenzuela","category-rafaga"],"_links":{"self":[{"href":"https:\/\/redsemlac.com\/semmexico\/wp-json\/wp\/v2\/posts\/20637","targetHints":{"allow":["GET"]}}],"collection":[{"href":"https:\/\/redsemlac.com\/semmexico\/wp-json\/wp\/v2\/posts"}],"about":[{"href":"https:\/\/redsemlac.com\/semmexico\/wp-json\/wp\/v2\/types\/post"}],"author":[{"embeddable":true,"href":"https:\/\/redsemlac.com\/semmexico\/wp-json\/wp\/v2\/users\/3"}],"replies":[{"embeddable":true,"href":"https:\/\/redsemlac.com\/semmexico\/wp-json\/wp\/v2\/comments?post=20637"}],"version-history":[{"count":0,"href":"https:\/\/redsemlac.com\/semmexico\/wp-json\/wp\/v2\/posts\/20637\/revisions"}],"wp:featuredmedia":[{"embeddable":true,"href":"https:\/\/redsemlac.com\/semmexico\/wp-json\/wp\/v2\/media\/20638"}],"wp:attachment":[{"href":"https:\/\/redsemlac.com\/semmexico\/wp-json\/wp\/v2\/media?parent=20637"}],"wp:term":[{"taxonomy":"category","embeddable":true,"href":"https:\/\/redsemlac.com\/semmexico\/wp-json\/wp\/v2\/categories?post=20637"},{"taxonomy":"post_tag","embeddable":true,"href":"https:\/\/redsemlac.com\/semmexico\/wp-json\/wp\/v2\/tags?post=20637"}],"curies":[{"name":"wp","href":"https:\/\/api.w.org\/{rel}","templated":true}]}}