{"id":20633,"date":"2020-05-13T22:11:03","date_gmt":"2020-05-13T22:11:03","guid":{"rendered":"https:\/\/redsemlac.com\/semmexico\/?p=20633"},"modified":"2023-07-21T16:19:17","modified_gmt":"2023-07-21T21:19:17","slug":"luz-en-tiempos-del-covid","status":"publish","type":"post","link":"https:\/\/redsemlac.com\/semmexico\/luz-en-tiempos-del-covid\/","title":{"rendered":"Luz en tiempos del Covid"},"content":{"rendered":"\n<h2 class=\"wp-block-heading\">\u00a0Electricidad y Pemex<\/h2>\n\n\n\n<p class=\"wp-block-paragraph\"><strong>Dulce Mar\u00eda Sauri\nRiancho (*)<\/strong><\/p>\n\n\n\n<p class=\"wp-block-paragraph\">SemM\u00e9xico. Ciudad de M\u00e9xico. 13 de mayo 2020.- En estos d\u00edas\nde encierro ha subido la demanda de electricidad en los hogares, pero ha bajado\ndr\u00e1sticamente en los comercios y en las f\u00e1bricas. Los recibos del m\u00e1s reciente\nbimestre reflejan el aumento del consumo experimentado en el periodo de\nconfinamiento. Aun as\u00ed, no hay explicaci\u00f3n ante sumas al doble o triple de lo\npagado a principio de a\u00f1o.<\/p>\n\n\n\n<p class=\"wp-block-paragraph\">Es sobradamente conocido que el precio del barril de\npetr\u00f3leo en el mundo cay\u00f3 tan bajo que hubo d\u00edas en que se le ten\u00eda que pagar\nal comprador para que se lo llevara. Tambi\u00e9n sabemos que el gas natural ha\nmantenido precios reducidos. Las gasolinas tambi\u00e9n cuestan menos. Entonces,\n\u00bfqu\u00e9 pasa con las tarifas el\u00e9ctricas, que suben, en vez de bajar?<\/p>\n\n\n\n<p class=\"wp-block-paragraph\">Perm\u00edtanme, amig@s lector@s, un intento de explicaci\u00f3n. La\nenerg\u00eda que consumimos se genera principalmente a partir de plantas\ntermoel\u00e9ctricas, que \u201cqueman\u201d gas natural, combust\u00f3leo (conocido como\n\u201cchapopote\u201d), carb\u00f3n o di\u00e9sel.<\/p>\n\n\n\n<p class=\"wp-block-paragraph\">El sistema nacional de electricidad recibe, tambi\u00e9n, energ\u00eda\nde las centrales hidroel\u00e9ctricas, como las de Malpaso, Chiapas, la nuclear de\nLaguna Verde, un poco de geotermia, y un porcentaje todav\u00eda peque\u00f1o, pero\ncreciente, de energ\u00eda proveniente de los parques e\u00f3licos y solares.<\/p>\n\n\n\n<p class=\"wp-block-paragraph\">Las primeras fuentes, provenientes de combustibles f\u00f3siles\nacumulados durante millones de a\u00f1os, se tienden a agotar, adem\u00e1s que contaminan\nel ambiente. En cambio, las denominadas \u201cenerg\u00edas renovables\u201d, pueden ser\nutilizadas indefinidamente, ya que son generadas por el sol y el viento.\n\u00bfRecuerdan las veletas del horizonte meridano? El aire que hac\u00eda girar sus\naspas extra\u00eda mec\u00e1nicamente el agua que se aprovechaba en casas y solares.<\/p>\n\n\n\n<p class=\"wp-block-paragraph\">Desde 2015, las autoridades del sector concedieron permisos\na inversionistas privados para instalar parques en distintas partes del\nterritorio nacional. Yucat\u00e1n, con excelente exposici\u00f3n solar y buen viento en\nsu costa, recibi\u00f3 m\u00e1s de 20 concesiones para que la energ\u00eda generada se\nentregara a la CFE. M\u00e1s barata, desde luego, que la de las termoel\u00e9ctricas.<\/p>\n\n\n\n<p class=\"wp-block-paragraph\">Las energ\u00edas renovables -llamadas tambi\u00e9n \u201climpias\u201d porque\nson las que menos contaminan- se volvieron una verdadera opci\u00f3n para que\nYucat\u00e1n tuviera electricidad para los hogares y las empresas al mismo precio\nque otras partes del pa\u00eds. Esta buena noticia se sum\u00f3 al compromiso de conectar\nel gasoducto Mayak\u00e1n con la red surtida por el gasoducto submarino que corre\ndel sur de Texas hasta Tuxpan, Veracruz. \u00a1Gas barato para alimentar las tres\ntermoel\u00e9ctricas yucatecas y electricidad a buen precio proveniente de los\nparques e\u00f3licos y solares!<\/p>\n\n\n\n<p class=\"wp-block-paragraph\">\u201cAhora s\u00ed -dec\u00edamos- no habr\u00e1 pretexto para mantener altas\nlas tarifas de electricidad en la Pen\u00ednsula\u201d. Pero \u201cel gozo se fue al pozo\u201d.<\/p>\n\n\n\n<p class=\"wp-block-paragraph\">Con la pandemia del Covid como pretexto por haber disminuido\nla demanda comercial de electricidad, la CFE cambi\u00f3 de la noche a la ma\u00f1ana su\npol\u00edtica nacional de suministro de energ\u00eda y decidi\u00f3 privilegiar a las viejas\ntermoel\u00e9ctricas que funcionan con combust\u00f3leo, el m\u00e1s caro y contaminante de\ntodos.<\/p>\n\n\n\n<p class=\"wp-block-paragraph\">Adem\u00e1s, el Centro Nacional de Control de Energ\u00eda (Cenace),\nencargado de hacer la \u201cmezcla\u201d con el fluido procedente de distintas partes u\nor\u00edgenes, anunci\u00f3 que dejar\u00eda de \u201cdespachar\u201d la que proviene de los parques\ne\u00f3licos y solares. Por si no fuera suficiente, les anunci\u00f3 a todos aquellos que\nestaban en v\u00edsperas de entrar en operaci\u00f3n, que ni lo intentaran, porque no se\nles dar\u00eda permiso para entregar su energ\u00eda al sistema nacional. Un retroceso de\n50 a\u00f1os, a los tiempos cuando s\u00f3lo se dispon\u00eda de carb\u00f3n o chapopote para\ngenerar electricidad.<\/p>\n\n\n\n<p class=\"wp-block-paragraph\">\u00bfQui\u00e9nes resultan perjudicados con esta decisi\u00f3n? Ni duda\ncabe: las y los usuarios de energ\u00eda el\u00e9ctrica, que la reciben mucho m\u00e1s cara y\ncontaminante. Tal pareciera que la CFE, el Cenace, la Comisi\u00f3n Reguladora de\nEnerg\u00eda (CRE), y la Secretar\u00eda de Energ\u00eda perdieron el juicio ante tama\u00f1o\ndesprop\u00f3sito.<\/p>\n\n\n\n<p class=\"wp-block-paragraph\">No es as\u00ed, sino que decidieron comprarle a Pemex sus enormes\nexistencias de combust\u00f3leo. \u00bfRecuerdan las plantas desfibradoras de henequ\u00e9n?\nLas m\u00e1s antiguas, cuando raspaban las hojas, produc\u00edan gran cantidad de bagazo;\nen cambio, las m\u00e1s nuevas como las de Desfiyusa, ten\u00edan un sistema para ajustar\nlas cuchillas que permit\u00eda minimizar el desperdicio.<\/p>\n\n\n\n<p class=\"wp-block-paragraph\">Algo similar sucede con la producci\u00f3n de gasolinas. De seis\nrefiner\u00edas que tiene Pemex en el pa\u00eds, tres de ellas no tienen coquizadora,\ncuya operaci\u00f3n permite minimizar la obtenci\u00f3n de combust\u00f3leo al producir\ngasolina.<\/p>\n\n\n\n<p class=\"wp-block-paragraph\">Debido a esta carencia, mientras m\u00e1s petr\u00f3leo refina Pemex,\nm\u00e1s combust\u00f3leo caro y contaminante obtiene.<\/p>\n\n\n\n<p class=\"wp-block-paragraph\">El mercado del combust\u00f3leo de Pemex estaba conformado, en\nuna parte importante, por barcos cargueros y cruceros tur\u00edsticos que surcan los\noc\u00e9anos; otro tanto iba a pa\u00edses de Centroam\u00e9rica y, cada vez menos, a la CFE.<\/p>\n\n\n\n<p class=\"wp-block-paragraph\">Todo cambi\u00f3 el 1\u00ba de enero de este a\u00f1o, cuando entr\u00f3 en\nvigor la prohibici\u00f3n internacional de utilizar este tipo de combust\u00f3leo para\nmover embarcaciones y los pa\u00edses centroamericanos disminuyeron sus\nadquisiciones porque han avanzado aceleradamente en la generaci\u00f3n de energ\u00edas\nrenovables.<\/p>\n\n\n\n<p class=\"wp-block-paragraph\">La decisi\u00f3n m\u00e1s sencilla para ayudar a Pemex fue \u201ctorcerle\u201d\nel brazo a la CFE para \u00bfobligarla? a violar la Ley desplazando al gas natural y\na las energ\u00edas limpias para utilizar combust\u00f3leo en sus plantas termoel\u00e9ctricas.<\/p>\n\n\n\n<p class=\"wp-block-paragraph\">Estas decisiones afectan severamente el futuro de M\u00e9xico en\nun mundo dominado ya por las energ\u00edas renovables. Y no hablemos de los\ncompromisos internacionales sobre cambio clim\u00e1tico, incumplidos por esta\npol\u00edtica miope e inmediatista.<\/p>\n\n\n\n<p class=\"wp-block-paragraph\">Salvar a Pemex no puede implicar el sacrificio de la\neconom\u00eda de millones de familias en aras de una pol\u00edtica energ\u00e9tica desfasada\nen el tiempo. S\u00ed es posible producir electricidad limpia y barata, los hechos\nlo demuestran.<\/p>\n\n\n\n<p class=\"wp-block-paragraph\">La demanda es sencilla: revisen y cambien su pol\u00edtica; Pemex\nen sus refiner\u00edas, Cenace en sus \u201cmezclas\u201d y que la CFE haga su trabajo.<\/p>\n\n\n\n<p class=\"wp-block-paragraph\">Por cierto, urge el protocolo de actuaci\u00f3n de CFE ante la\npandemia. \u00a1Alto a los cortes de luz! Si en Tabasco, hace a\u00f1os numerosas\npersonas dejaron de pagar la electricidad y la CFE no realiza cortes, \u00bfpodemos\nser tod@s Tabasco? Al menos, durante la emergencia sanitaria.<\/p>\n","protected":false},"excerpt":{"rendered":"<p> Electricidad y Pemex<\/p>\n","protected":false},"author":3,"featured_media":20634,"comment_status":"open","ping_status":"open","sticky":false,"template":"","format":"standard","meta":{"_monsterinsights_skip_tracking":false,"footnotes":""},"categories":[691,82,110],"tags":[],"class_list":["post-20633","post","type-post","status-publish","format-standard","has-post-thumbnail","category-691","category-la-opinion","category-la-opinion-columnas"],"_links":{"self":[{"href":"https:\/\/redsemlac.com\/semmexico\/wp-json\/wp\/v2\/posts\/20633","targetHints":{"allow":["GET"]}}],"collection":[{"href":"https:\/\/redsemlac.com\/semmexico\/wp-json\/wp\/v2\/posts"}],"about":[{"href":"https:\/\/redsemlac.com\/semmexico\/wp-json\/wp\/v2\/types\/post"}],"author":[{"embeddable":true,"href":"https:\/\/redsemlac.com\/semmexico\/wp-json\/wp\/v2\/users\/3"}],"replies":[{"embeddable":true,"href":"https:\/\/redsemlac.com\/semmexico\/wp-json\/wp\/v2\/comments?post=20633"}],"version-history":[{"count":0,"href":"https:\/\/redsemlac.com\/semmexico\/wp-json\/wp\/v2\/posts\/20633\/revisions"}],"wp:featuredmedia":[{"embeddable":true,"href":"https:\/\/redsemlac.com\/semmexico\/wp-json\/wp\/v2\/media\/20634"}],"wp:attachment":[{"href":"https:\/\/redsemlac.com\/semmexico\/wp-json\/wp\/v2\/media?parent=20633"}],"wp:term":[{"taxonomy":"category","embeddable":true,"href":"https:\/\/redsemlac.com\/semmexico\/wp-json\/wp\/v2\/categories?post=20633"},{"taxonomy":"post_tag","embeddable":true,"href":"https:\/\/redsemlac.com\/semmexico\/wp-json\/wp\/v2\/tags?post=20633"}],"curies":[{"name":"wp","href":"https:\/\/api.w.org\/{rel}","templated":true}]}}