{"id":20629,"date":"2020-05-13T21:59:31","date_gmt":"2020-05-13T21:59:31","guid":{"rendered":"https:\/\/redsemlac.com\/semmexico\/?p=20629"},"modified":"2023-07-21T16:19:17","modified_gmt":"2023-07-21T21:19:17","slug":"relatos-de-mujeres-covid-19","status":"publish","type":"post","link":"https:\/\/redsemlac.com\/semmexico\/relatos-de-mujeres-covid-19\/","title":{"rendered":"Relatos de Mujeres COVID-19"},"content":{"rendered":"\n<h2 class=\"wp-block-heading\">D\u00edas de esperanza<\/h2>\n\n\n\n<p class=\"wp-block-paragraph\"><strong>Por: Susana Vidales Rodr\u00edguez <\/strong><\/p>\n\n\n\n<p class=\"wp-block-paragraph\">SemM\u00e9xico. Ciudad de M\u00e9xico. 12 de mayo 2020.<\/p>\n\n\n\n<p class=\"wp-block-paragraph\"><strong><em>Querida Silvia,<\/em><\/strong><\/p>\n\n\n\n<p class=\"wp-block-paragraph\">Oigo el canto de los p\u00e1jaros, claro y fuerte, un parloteo\nque llega hasta mi cocina.<\/p>\n\n\n\n<p class=\"wp-block-paragraph\">La ma\u00f1ana es soleada, m\u00e1s tarde se pondr\u00e1 caluroso, pero\ntemprano corre un viento fresco del que ahora disfruto. <\/p>\n\n\n\n<p class=\"wp-block-paragraph\">Todos estos d\u00edas en la cuarentena de la Ciudad de M\u00e9xico la\nprimavera est\u00e1 en su esplendor. Desde los primeros de marzo la ciudad se ti\u00f1\u00f3\nde morado con las jacarandas en flor y el aroma de sus flores inundando las\nnoches. <\/p>\n\n\n\n<p class=\"wp-block-paragraph\">Para m\u00ed este mes de marzo ser\u00e1 el del feminismo otra vez en\nlas calles, ahora masivamente y con una energ\u00eda y un enojo nunca antes visto. Y\nlas flores de jacaranda me recordaran siempre a la diamantina que las j\u00f3venes\nfeministas arrojaron a la cara del gobierno ante la ineptitud y la indolencia\npara ponerle freno a la violencia feminicida. <\/p>\n\n\n\n<p class=\"wp-block-paragraph\">Los d\u00edas perfectos han continuado durante toda esta cuarentena,\nen contraste con nuestras emociones, sujetas al vaiv\u00e9n de la informaci\u00f3n\nincesante, contradictoria y hasta falsa. <\/p>\n\n\n\n<p class=\"wp-block-paragraph\">Toda esta situaci\u00f3n me trae a la mente la frase del escritor\nDaniel Sada: \u201cPorque parece mentira, la verdad nunca se sabe\u201d. Mis d\u00edas en\nestos tiempos del coronavirus tienen rutinas distintas.&nbsp; <\/p>\n\n\n\n<p class=\"wp-block-paragraph\">Hay d\u00edas en que me despierto temprano para recibir al nieto\nque viene a quedarse conmigo porque no hay guarder\u00eda y ambos padres trabajan en\noficina a\u00fan durante la cuarentena. Mi nuera tiene un puesto en empresa de los\nSalinas y \u00e9ste ha declarado p\u00fablicamente su desacuerdo con las medidas\nsanitarias dictadas por el gobierno y a pesar del decreto oficial mantiene\nabiertas sus oficinas y tiendas; as\u00ed que, junto a los pap\u00e1s, nieto y abuela se\nponen en riesgo, todo sea por la avaricia empresarial. <\/p>\n\n\n\n<p class=\"wp-block-paragraph\">Pero pues no es m\u00e1s que un ejemplo, de los millones que hay,\nde lo que nuestro sistema econ\u00f3mico, pol\u00edtico y social ha predicado hasta\nahora, su falta de inter\u00e9s en la persona y el bienestar humano.<\/p>\n\n\n\n<p class=\"wp-block-paragraph\">Claro que cuando nos tocan en lo individual las situaciones\nse ven de muy distinta manera y las emociones se desbordan, hay enojo, angustia\ny hasta miedo. <\/p>\n\n\n\n<p class=\"wp-block-paragraph\">Esos d\u00edas con el nieto son los de total felicidad y gran\nenerg\u00eda, ahuyentan toda emoci\u00f3n negativa, no hay cabida para otro sentimiento\nque no sea de amor puro e incondicional con esta personita que apareci\u00f3 en mi\nvida hace casi dos a\u00f1os y que viene a ser mi tercer nieto. <\/p>\n\n\n\n<p class=\"wp-block-paragraph\">No es sino hasta que vuelvo a quedarme sola que veo las\nnoticias del d\u00eda y reviso mis correos y chats, y me enfrasco en las reflexiones\ndiarias sobre lo que est\u00e1 ocurriendo. A las 7 de la tarde enciendo la tele para\nver en cadena nacional, como si fuera la telenovela, y a veces tengo la\nimpresi\u00f3n de que es una telenovela,&nbsp; al\nDr. Lopez Gatell y su reporte sobre el coronavirus. <\/p>\n\n\n\n<p class=\"wp-block-paragraph\">Casi siempre termino recordando alg\u00fan dicho de mi madre\nrecientemente fallecida, como aquel de: \u201cM\u00e1s vale creerlo, que adivinarlo\u201d.<\/p>\n\n\n\n<p class=\"wp-block-paragraph\">Otros d\u00edas, desde temprano estoy viendo noticias y art\u00edculos\nrelevantes a la cuarentena y revisando mis chats y lo que me han enviado\namigas, redes y familiares.<\/p>\n\n\n\n<p class=\"wp-block-paragraph\">El chat Rodr\u00edguez es muy activo y se comparten todo tipo de\ninformaciones y reflexiones, de todos los colores y sabores. Algo que me\nencanta de mi familia es su pluralidad y respeto por las diferencias de\npensamiento. <\/p>\n\n\n\n<p class=\"wp-block-paragraph\">Me sent\u00ed muy orgullosa cuando el mayor de mis nietos me dijo\nhace poco: Abi, tu casa es una casa democr\u00e1tica porque aqu\u00ed se puede discutir\nde cualquier cosa.<\/p>\n\n\n\n<p class=\"wp-block-paragraph\">Desde ni\u00f1a me gust\u00f3 descubrir y discutir ideas, intercambiar\npuntos de vista; pensaba y sent\u00eda que me enriquec\u00eda conocer lo diferente. Por\neso, como estudiante del bachillerato me involucr\u00e9 en el movimiento estudiantil\ndel 73 en Sonora y descubr\u00ed el feminismo junto a un grupo de jovencitas\nvisionarias que produc\u00edamos para la radio Universitaria un programa sobre la\n\u201cliberaci\u00f3n de la mujer\u201d. Tambi\u00e9n descubr\u00ed a los troskos del entonces Grupo Comunista\nInternacionalista y sus ideas sobre la revoluci\u00f3n permanente y el desarrollo\ndesigual y combinado y con ellos me adentr\u00e9 en la formaci\u00f3n marxista. <\/p>\n\n\n\n<p class=\"wp-block-paragraph\">Y en estos d\u00edas en que hay m\u00e1s tiempo que vida, los\nrecuerdos vuelven n\u00edtidos, alentados adem\u00e1s por toda una serie de videos y\naudios de tiempos pasados que aparecen en casi todos los chats, (\u00bfun signo del\ntemor al futuro?).<\/p>\n\n\n\n<p class=\"wp-block-paragraph\">Puedo estar horas en la nostalgia, complaci\u00e9ndome en revivir\nmomentos felices y gratificantes; pensando en los a\u00f1os de luchas, en todas las\nacciones que se han hecho a favor de los derechos de las mujeres y en las que\nhe participado junto a muchas otras compa\u00f1eras, algunas que ya no est\u00e1n, otras\ncomo t\u00fa, querida Silvia, que siguen contribuyendo.<\/p>\n\n\n\n<p class=\"wp-block-paragraph\">Claro que para traerme bruscamente a la realidad est\u00e1n los\nchats de las diversas articulaciones feministas, en las que sobre todo y a\npesar del coronavirus, las informaciones siguen siendo de feminicidios y abusos\na las mujeres. Y los n\u00fameros de asesinadas son aterradores, pero nadie hace cuarentena\npor ello.<\/p>\n\n\n\n<p class=\"wp-block-paragraph\">Otro chat importante y muy activo es el de la organizaci\u00f3n\nde vecinos de Coyoac\u00e1n, mi barrio, en el que todos los d\u00edas se comparten\ninformaciones sobre la epidemia y los lugares en el rumbo en los que se puede\nordenar comida y conseguir servicios.&nbsp;&nbsp;\nEl chat es lugar de interminables discusiones sobre si el gobierno\nmiente o no en sus informes de la situaci\u00f3n hospitalaria y su capacidad para\nenfrentar esta contingencia. <\/p>\n\n\n\n<p class=\"wp-block-paragraph\">Pero estos mismos vecinos, tan diversos en sus apreciaciones\ny en sus filiaciones pol\u00edticas e ideol\u00f3gicas, nos hemos puesto de acuerdo para\nel apoyo al personal de salud de los hospitales de la zona, llevando equipo de\nprotecci\u00f3n, que se compra con el dinero recaudado a trav\u00e9s de este chat, a\ndiversos hospitales del rumbo.&nbsp;&nbsp; <\/p>\n\n\n\n<p class=\"wp-block-paragraph\">Porque por redes, en mensajes a la ciudadan\u00eda y a trav\u00e9s de\nlos medios, muchos m\u00e9dicos y enfermeras est\u00e1n denunciando&nbsp; que no tienen equipo de protecci\u00f3n, que se\nest\u00e1n infectando por ello y que su situaci\u00f3n es desesperada. Al chat se suben\nfotos&nbsp; del momento de la entrega del\nequipo y agradecimientos de parte del personal de salud beneficiado con este\napoyo.<\/p>\n\n\n\n<p class=\"wp-block-paragraph\">Estas iniciativas ciudadanas se est\u00e1n sucediendo en diversas\ncolonias de la ciudad. Como siempre somos los ciudadanos los que nos\nmovilizamos ante los desastres. Los gobiernos no salen de la simulaci\u00f3n, la\ncorrupci\u00f3n y la mentira, solo hay que ver las noticias. <\/p>\n\n\n\n<p class=\"wp-block-paragraph\">Hay compras discrecionales de ventiladores hasta en millones\nde pesos; hijos de pol\u00edticos convertidos r\u00e1pidamente en empresarios de material\ny equipo m\u00e9dico. Cubre bocas que costaban 3 pesos se venden por 100 y el gel\nanti bacterial es producto de lujo.&nbsp;&nbsp; <\/p>\n\n\n\n<p class=\"wp-block-paragraph\">Hay quienes atacan a los m\u00e9dicos y enfermeras porque los\ncreen foco de infecci\u00f3n y en varios casos los propios vecinos quieren impedirles\nque entren al edificio de departamentos en el que viven.&nbsp; Es en la adversidad donde sale a relucir lo\nmejor y lo peor de las personas.&nbsp; En esos\nd\u00edas, igual que en la composici\u00f3n de Silvio Rodr\u00edguez, la rabia es mi\nsalvaci\u00f3n.<\/p>\n\n\n\n<p class=\"wp-block-paragraph\">Y luego est\u00e1n los d\u00edas como hoy en que puedo detenerme a\nescuchar el canto de los pajaritos y escribirte estas l\u00edneas.&nbsp; Son los d\u00edas de la esperanza.&nbsp; Ya te contar\u00e9 m\u00e1s sobre estos en otra\nentrega.<\/p>\n\n\n\n<p class=\"wp-block-paragraph\">Te quiero<\/p>\n\n\n\n<p class=\"wp-block-paragraph\">Susana<\/p>\n","protected":false},"excerpt":{"rendered":"<p>D\u00edas de esperanza<\/p>\n","protected":false},"author":3,"featured_media":20631,"comment_status":"open","ping_status":"open","sticky":false,"template":"","format":"standard","meta":{"_monsterinsights_skip_tracking":false,"footnotes":""},"categories":[691,82,110],"tags":[],"class_list":["post-20629","post","type-post","status-publish","format-standard","has-post-thumbnail","category-691","category-la-opinion","category-la-opinion-columnas"],"_links":{"self":[{"href":"https:\/\/redsemlac.com\/semmexico\/wp-json\/wp\/v2\/posts\/20629","targetHints":{"allow":["GET"]}}],"collection":[{"href":"https:\/\/redsemlac.com\/semmexico\/wp-json\/wp\/v2\/posts"}],"about":[{"href":"https:\/\/redsemlac.com\/semmexico\/wp-json\/wp\/v2\/types\/post"}],"author":[{"embeddable":true,"href":"https:\/\/redsemlac.com\/semmexico\/wp-json\/wp\/v2\/users\/3"}],"replies":[{"embeddable":true,"href":"https:\/\/redsemlac.com\/semmexico\/wp-json\/wp\/v2\/comments?post=20629"}],"version-history":[{"count":0,"href":"https:\/\/redsemlac.com\/semmexico\/wp-json\/wp\/v2\/posts\/20629\/revisions"}],"wp:featuredmedia":[{"embeddable":true,"href":"https:\/\/redsemlac.com\/semmexico\/wp-json\/wp\/v2\/media\/20631"}],"wp:attachment":[{"href":"https:\/\/redsemlac.com\/semmexico\/wp-json\/wp\/v2\/media?parent=20629"}],"wp:term":[{"taxonomy":"category","embeddable":true,"href":"https:\/\/redsemlac.com\/semmexico\/wp-json\/wp\/v2\/categories?post=20629"},{"taxonomy":"post_tag","embeddable":true,"href":"https:\/\/redsemlac.com\/semmexico\/wp-json\/wp\/v2\/tags?post=20629"}],"curies":[{"name":"wp","href":"https:\/\/api.w.org\/{rel}","templated":true}]}}