{"id":20626,"date":"2020-05-13T21:22:04","date_gmt":"2020-05-13T21:22:04","guid":{"rendered":"https:\/\/redsemlac.com\/semmexico\/?p=20626"},"modified":"2023-07-21T16:19:17","modified_gmt":"2023-07-21T21:19:17","slug":"opinion-504","status":"publish","type":"post","link":"https:\/\/redsemlac.com\/semmexico\/opinion-504\/","title":{"rendered":"Mujer y Poder"},"content":{"rendered":"\n<h2 class=\"wp-block-heading\"> <strong>Perdi\u00f3\u00a0Bonilla\u2026 \u00bfsigue AMLO?<\/strong> <\/h2>\n\n\n\n<p class=\"wp-block-paragraph\"><strong>Natalia Vidales Rodr\u00edguez <\/strong><\/p>\n\n\n\n<p class=\"wp-block-paragraph\">SemMexico. 13 de mayo de 2020.- Todas&nbsp;las reacciones ante la reciente &nbsp;ejecutoria un\u00e1nime &nbsp;de la&nbsp;<em>Suprema Corte de Justicia de la<\/em>&nbsp;<em>Naci\u00f3n<\/em><em>,&nbsp;<\/em>SCJN,&nbsp;que declar\u00f3 inconstitucional la extensi\u00f3n del mandato del gobernador de Baja California, Jaime Bonilla &nbsp;&#8212; para limitarla a dos a\u00f1os, en vez de los cinco que pretend\u00eda&#8211; &nbsp;han sido a favor.<\/p>\n\n\n\n<p class=\"wp-block-paragraph\">Sobre todo porque se tem\u00eda que, de validarse ese exceso, ser\u00eda un precedente para que, m\u00e1s adelante,&nbsp;el Presidente L\u00f3pez Obrador promoviera &#8211;y lograra&#8211;&nbsp;&nbsp;su reelecci\u00f3n el 2024&nbsp;(cuando constitucionalmente termina su mandato).Todas las opiniones, &nbsp;salvo la del propio &nbsp;Bonilla,&nbsp;por supuesto,&nbsp;quien&nbsp;dijo que \u201cacatar\u00eda\u201d la sentencia pero que \u201cno la compart\u00eda\u201d, en el cl\u00e1sico ejercicio del derecho al pataleo de quien pierde un juicio.&nbsp;<\/p>\n\n\n\n<p class=\"wp-block-paragraph\">Se dec\u00eda que la&nbsp;ahora llamada \u201canti ley\u201d de Bonilla, era una especie de sonda de exploraci\u00f3n para medir el \u00e1nimo ciudadano &#8211;y sobre todo el criterio de la SCJN&#8211; &nbsp;respecto de la extensi\u00f3n de un mandato ( el del gobernador de Baja California) para, m\u00e1s adelante, &nbsp;lograr la reelecci\u00f3n de AMLO.&nbsp;<\/p>\n\n\n\n<p class=\"wp-block-paragraph\">Pero eso es falso: las dos situaciones son del todo distintas, as\u00ed como sus efectos, tanto formales como materiales:\u00a0la ejecutoria de la corte se fund\u00f3, en s\u00edntesis, en que los bajacalifornianos votaron\u00a0por Bonilla para un per\u00edodo de un a\u00f1o y ocho meses\u00a0(no\u00a0dos, como se generaliza)\u00a0y no por cinco como lo extendi\u00f3 una ley espuria (en contra de la Constituci\u00f3n General de la Rep\u00fablica) \u00a0del\u00a0<em>Congreso del Estado<\/em>. Pero en el caso del eventual inter\u00e9s del Presidente L\u00f3pez Obrador por reelegirse,\u00a0se har\u00eda\u00a0apegado \u00a0a\u00a0la Constituci\u00f3n mediante la reforma correspondiente,\u00a0y se ir\u00eda a las urnas por \u00a0un\u00a0nuevo periodo de seis a\u00f1os ( muy diferente a lo ocurrido en Baja California).\u00a0<\/p>\n\n\n\n<p class=\"wp-block-paragraph\">La \u00fanica manera de \u201cparar&nbsp;en definitiva\u201d una intenci\u00f3n reeleccionista del Presidente el 2024,&nbsp;ser\u00eda&nbsp;que en las pr\u00f3ximas elecciones del 2021 la oposici\u00f3n lograra quitarle la mayor\u00eda absoluta en el&nbsp;<em>Congreso de la Uni\u00f3n<\/em>&nbsp;a MORENA, el partido de AMLO.&nbsp;Hoy, Morena, con sus aliados, alcanza la mayor\u00eda calificada de las dos terceras &nbsp;partes de curules necesarias para una reforma constitucional en la c\u00e1mara baja; y ciertamente no la tiene en el Senado, pero con una buena mano izquierda podr\u00eda lograr ah\u00ed &nbsp;los escasos votos que le faltan para ello. Y,&nbsp;entonces,&nbsp;&nbsp;solo aumentando el &nbsp;margen de diferencia &nbsp;en ambas c\u00e1maras har\u00eda inviable la reforma reeleccionista.&nbsp;<\/p>\n\n\n\n<p class=\"wp-block-paragraph\">No faltar\u00e1 alg\u00fan lector que se\u00f1ale que AMLO ya dijo \u2013y firm\u00f3 ante notario&#8211; que no &nbsp;buscar\u00e1 repetir en el cargo, pero tambi\u00e9n hab\u00eda dicho que lo dieran por \u201cmuerto\u201d el 2006 y result\u00f3 que fue el candidato&nbsp;tanto ese a\u00f1o como el 2012 y luego el 2018 ( similar a Evo Morales en Bolivia,&nbsp;quien tras un primer periodo en la presidencia,&nbsp;dijo que se ir\u00eda&nbsp;a&nbsp;&nbsp;su pueblo natal a disfrutar de los anticuchos y los silpanchos,&nbsp;platillos de&nbsp;su natal&nbsp;Orinoca,&nbsp;acompa\u00f1ados de sonso de yuca), &nbsp;pero se reeligi\u00f3 tres veces m\u00e1s&nbsp;porque \u201cel pueblo se lo exigi\u00f3\u201d\u2026&nbsp;&nbsp;<\/p>\n\n\n\n<p class=\"wp-block-paragraph\">Otra posibilidad&nbsp;es que en las urnas de marzo del 2022, fecha programada para una consulta sobre la Revocaci\u00f3n del Mandato del &nbsp;Presidente L\u00f3pez Obrador, &nbsp;se corte por lo sano alg\u00fan intento reeleccionista suyo, mand\u00e1ndolo a su rancho en Chiapas a comer peje&nbsp;lagartos incluso antes de terminar el sexenio,&nbsp;&nbsp;pero es poco probable porque los requisitos para lograr la revocaci\u00f3n son pr\u00e1cticamente insalvables.&nbsp;<\/p>\n\n\n\n<p class=\"wp-block-paragraph\">Sin embargo, el costo pol\u00edtico por la crisis econ\u00f3mica &nbsp;&#8211;que se les carga a los gobernantes por su culpa o sin ella&#8211; &nbsp;que trajo consigo el Covid-19 &nbsp;y que dio por terminado &nbsp;anticipadamente el cambio verdadero de la 4T, podr\u00eda traducirse en un&nbsp;rechazo popular&nbsp;may\u00fasculo que lograra le revocaci\u00f3n.&nbsp;<\/p>\n\n\n\n<p class=\"wp-block-paragraph\">Pero, en el menor de los casos,&nbsp;todo apunta a que MORENA,&nbsp;en una especie de debut y despedida, perder\u00e1 la mayor\u00eda en el&nbsp;<em>Congreso de la Uni\u00f3n<\/em>&nbsp;el a\u00f1o &nbsp;pr\u00f3ximo, y con ello se esfumar\u00e1 cualquier riesgo reeleccionista de AMLO. Pero habr\u00e1&nbsp;sido por la crisis, independientemente de que&nbsp;se haya desinflado la&nbsp;\u201csonda exploratoria\u201d&nbsp;de la anti ley Bonilla.&nbsp;<\/p>\n","protected":false},"excerpt":{"rendered":"<p> Perdi\u00f3 Bonilla\u2026 \u00bfsigue AMLO?<\/p>\n","protected":false},"author":3,"featured_media":20627,"comment_status":"open","ping_status":"open","sticky":false,"template":"","format":"standard","meta":{"_monsterinsights_skip_tracking":false,"footnotes":""},"categories":[691,100,72],"tags":[],"class_list":["post-20626","post","type-post","status-publish","format-standard","has-post-thumbnail","category-691","category-mujer-y-poder","category-natalia-vidales"],"_links":{"self":[{"href":"https:\/\/redsemlac.com\/semmexico\/wp-json\/wp\/v2\/posts\/20626","targetHints":{"allow":["GET"]}}],"collection":[{"href":"https:\/\/redsemlac.com\/semmexico\/wp-json\/wp\/v2\/posts"}],"about":[{"href":"https:\/\/redsemlac.com\/semmexico\/wp-json\/wp\/v2\/types\/post"}],"author":[{"embeddable":true,"href":"https:\/\/redsemlac.com\/semmexico\/wp-json\/wp\/v2\/users\/3"}],"replies":[{"embeddable":true,"href":"https:\/\/redsemlac.com\/semmexico\/wp-json\/wp\/v2\/comments?post=20626"}],"version-history":[{"count":0,"href":"https:\/\/redsemlac.com\/semmexico\/wp-json\/wp\/v2\/posts\/20626\/revisions"}],"wp:featuredmedia":[{"embeddable":true,"href":"https:\/\/redsemlac.com\/semmexico\/wp-json\/wp\/v2\/media\/20627"}],"wp:attachment":[{"href":"https:\/\/redsemlac.com\/semmexico\/wp-json\/wp\/v2\/media?parent=20626"}],"wp:term":[{"taxonomy":"category","embeddable":true,"href":"https:\/\/redsemlac.com\/semmexico\/wp-json\/wp\/v2\/categories?post=20626"},{"taxonomy":"post_tag","embeddable":true,"href":"https:\/\/redsemlac.com\/semmexico\/wp-json\/wp\/v2\/tags?post=20626"}],"curies":[{"name":"wp","href":"https:\/\/api.w.org\/{rel}","templated":true}]}}