{"id":20620,"date":"2020-05-13T17:45:35","date_gmt":"2020-05-13T17:45:35","guid":{"rendered":"https:\/\/redsemlac.com\/semmexico\/?p=20620"},"modified":"2023-07-21T16:19:18","modified_gmt":"2023-07-21T21:19:18","slug":"opinion-503","status":"publish","type":"post","link":"https:\/\/redsemlac.com\/semmexico\/opinion-503\/","title":{"rendered":"Mirada Violeta"},"content":{"rendered":"\n<h2 class=\"wp-block-heading\">#Nosotras tenemos otros datos<\/h2>\n\n\n\n<p class=\"wp-block-paragraph\"><strong>&nbsp;Lupita Ramos\nPonce<\/strong><\/p>\n\n\n\n<p class=\"wp-block-paragraph\">SemM\u00e9xico. 13 de mayo 2020.- En d\u00edas recientes, diversas\nredes feministas, organizaciones civiles y mujeres a t\u00edtulo individual o\ncolectivo, hicieron p\u00fablicos diversos comunicados en respuesta a las\ndeclaraciones del presidente Andr\u00e9s Manuel L\u00f3pez Obrador, quien en una de sus\nruedas de prensa ma\u00f1anera, minimiz\u00f3 la violencia que se vive en los hogares\nmexicanos, neg\u00f3 su existencia o su incremento durante la pandemia e incluso\ncontinu\u00f3 con su discurso estereotipado de la \u201cextraordinaria y fraterna\u201d\nfamilia mexicana al asegurar que \u201cno ha aumentado la violencia contra las\nmujeres en cuarentena, hay mucha fraternidad familiar\u201d. Su discurso contradice\nlas propias cifras oficiales y as\u00ed lo manifiestan m\u00e1s de 40 activistas\nfeministas de varios estados de la Rep\u00fablica quienes en un video que circul\u00f3 en\ndiversas redes sociales con la etiqueta #NosotrasTenemosOtrosDatos se\u00f1alan que\nla violencia contra las mujeres y ni\u00f1as es m\u00e1s letal que el COVID19. Al mismo\ntiempo, entregaron una carta dirigida al presidente y &nbsp;acompa\u00f1ada de m\u00e1s de 6,500 firmas en la que le\ndicen lo siguiente:<\/p>\n\n\n\n<p class=\"wp-block-paragraph\">\u201cNos dirigimos a usted preocupadas e indignadas por sus\ndeclaraciones respecto a la situaci\u00f3n de la violencia contra mujeres, ni\u00f1as y\nni\u00f1os al interior de sus &nbsp;familias y hogares, negando que durante las\nmedidas de confinamiento se ha incrementado la violencia en el hogar. La\nviolencia contra las mujeres es hoy el principal obst\u00e1culo para su desarrollo y\nparticipaci\u00f3n en todos los \u00e1mbitos de la vida. La violencia en el \u00e1mbito\nfamiliar &nbsp;es un delito en todo el territorio nacional. Las principales\nv\u00edctimas de la violencia familiar son las mujeres, las ni\u00f1as y los ni\u00f1os. La\nviolencia en el hogar se expresa en violencia psicol\u00f3gica, f\u00edsica, sexual,\necon\u00f3mica y feminicida. La discriminaci\u00f3n es la causa y consecuencia de las\nviolaciones sexuales y asesinatos de mujeres, ni\u00f1as y ni\u00f1os. Los datos\noficiales, dan cuenta de 10 feminicidios al d\u00eda, situaci\u00f3n que ante el\nconfinamiento no ha disminuido, ha aumentado. Las llamadas de auxilio al 911\npor violencia familiar, son de 155 por hora. Durante la contingencia se\nregistraron m\u00e1s de 20 mil denuncias por violencia familiar, de las cuales en el\n&nbsp;90% no se hace justicia. Sr. Presidente, sus declaraciones, decisiones y\nomisiones fortalecen la impunidad y normalizan la violencia contra las mujeres,\nni\u00f1as y ni\u00f1os al negar e ignorar el peligro que viven en sus hogares. Hacemos\nun llamado a usted y a los 32 gobiernos de las entidades federativas para\natender de manera urgente la situaci\u00f3n de violencia que viven las mujeres,\nni\u00f1as y ni\u00f1os, y a instrumentar medidas efectivas de emergencia para garantizar\nla atenci\u00f3n y protecci\u00f3n a las v\u00edctimas. Por la vigencia plena del estado de\nderecho y una vida libre de violencia. \u00a1Vivas Nos Queremos!\u201d Sin duda, es un\ncomunicado potente, lleno de indignaci\u00f3n y de coraje; pero tambi\u00e9n de exigencia\ny de reclamo para quien debe instrumentar las pol\u00edticas p\u00fablicas de prevenci\u00f3n,\nsanci\u00f3n, atenci\u00f3n y erradicaci\u00f3n de las violencias contra las mujeres.<\/p>\n\n\n\n<p class=\"wp-block-paragraph\">Tambi\u00e9n el Observatorio Ciudadano Nacional del Feminicidio\n(OCNF) red nacional conformada por 44 organizaciones de la sociedad civil,\nubicadas en 24 estados de la Rep\u00fablica, expresaron mediante un comunicado su\nrechazo a la negaci\u00f3n de la violencia contra las mujeres en tiempos de\ncuarentena y advirtieron sobre la omisi\u00f3n e inoperancia de instituciones\nfederales, espec\u00edficamente la CONAVIM &nbsp;a quien la califican de \u201causente,\ninsensible e inoperante\u201d.<\/p>\n\n\n\n<p class=\"wp-block-paragraph\">Sin duda, toca al Presidente escuchar y atender todas estas\nvoces que reclaman y &nbsp;exigen se garantice el derecho de las mujeres a vivir\nuna vida libre de violencia. Y si se\u00f1or presidente: Nosotras tenemos otros\ndatos.<\/p>\n\n\n\n<p class=\"wp-block-paragraph\">lupitaramosponce@gmail.com<\/p>\n\n\n\n<p class=\"wp-block-paragraph\">@lupitaramosp<\/p>\n","protected":false},"excerpt":{"rendered":"<p>#Nosotras tenemos otros datos<\/p>\n","protected":false},"author":3,"featured_media":8967,"comment_status":"open","ping_status":"open","sticky":false,"template":"","format":"standard","meta":{"_monsterinsights_skip_tracking":false,"footnotes":""},"categories":[691,110,91],"tags":[],"class_list":["post-20620","post","type-post","status-publish","format-standard","has-post-thumbnail","category-691","category-la-opinion-columnas","category-lupita-ramos-ponce"],"_links":{"self":[{"href":"https:\/\/redsemlac.com\/semmexico\/wp-json\/wp\/v2\/posts\/20620","targetHints":{"allow":["GET"]}}],"collection":[{"href":"https:\/\/redsemlac.com\/semmexico\/wp-json\/wp\/v2\/posts"}],"about":[{"href":"https:\/\/redsemlac.com\/semmexico\/wp-json\/wp\/v2\/types\/post"}],"author":[{"embeddable":true,"href":"https:\/\/redsemlac.com\/semmexico\/wp-json\/wp\/v2\/users\/3"}],"replies":[{"embeddable":true,"href":"https:\/\/redsemlac.com\/semmexico\/wp-json\/wp\/v2\/comments?post=20620"}],"version-history":[{"count":0,"href":"https:\/\/redsemlac.com\/semmexico\/wp-json\/wp\/v2\/posts\/20620\/revisions"}],"wp:featuredmedia":[{"embeddable":true,"href":"https:\/\/redsemlac.com\/semmexico\/wp-json\/wp\/v2\/media\/8967"}],"wp:attachment":[{"href":"https:\/\/redsemlac.com\/semmexico\/wp-json\/wp\/v2\/media?parent=20620"}],"wp:term":[{"taxonomy":"category","embeddable":true,"href":"https:\/\/redsemlac.com\/semmexico\/wp-json\/wp\/v2\/categories?post=20620"},{"taxonomy":"post_tag","embeddable":true,"href":"https:\/\/redsemlac.com\/semmexico\/wp-json\/wp\/v2\/tags?post=20620"}],"curies":[{"name":"wp","href":"https:\/\/api.w.org\/{rel}","templated":true}]}}