{"id":20615,"date":"2020-05-12T23:00:22","date_gmt":"2020-05-12T23:00:22","guid":{"rendered":"https:\/\/redsemlac.com\/semmexico\/?p=20615"},"modified":"2023-07-21T16:19:18","modified_gmt":"2023-07-21T21:19:18","slug":"criaturas-nacidas-por-vientres-de-alquiler-en-tiempos-del-coronavirus","status":"publish","type":"post","link":"https:\/\/redsemlac.com\/semmexico\/criaturas-nacidas-por-vientres-de-alquiler-en-tiempos-del-coronavirus\/","title":{"rendered":"Criaturas nacidas por vientres de alquiler en tiempos del coronavirus"},"content":{"rendered":"\n<ul class=\"wp-block-list\"><li> <strong>\u00abLa pr\u00e1ctica de los vientres de alquiler es, en s\u00ed misma, aberrante porque atenta contra la dignidad de las madres por ser explotadas reproductivamente y contra las criaturas nacidas al privarlas de su genealog\u00eda biol\u00f3gica y del v\u00ednculo emocional con su familia de origen\u00bb <\/strong><\/li><\/ul>\n\n\n\n<p class=\"wp-block-paragraph\"><strong>Por Teresa Moll\u00e1 Castells<\/strong><\/p>\n\n\n\n<p class=\"wp-block-paragraph\">SemM\u00e9xico\/AmecoPress. Ontinyent \u2013 Valencia, 12 may. 20. Esta semana le\u00eda una noticia relacionada con los beb\u00e9s nacidos por vientres de alquiler en Ucrania y Georgia y que, al estar las fronteras cerradas, quienes les han comprado, no pueden ir a buscarlos. Y en c\u00f3mo est\u00e1n siendo \u201calmacenados\u201d en hoteles e incluso en casas particulares sin ninguna garant\u00eda sanitaria en los dos casos.<\/p>\n\n\n\n<p class=\"wp-block-paragraph\">Cuando yo era peque\u00f1a, ni padre ten\u00eda unas cu\u00e1ntas vacas lecheras, cuyos terneritos eran vendidos al cabo de un tiempo porque mantenerlos no resultaba rentable.<\/p>\n\n\n\n<p class=\"wp-block-paragraph\">Y esa es la imagen que ha venido a mi mente. Estas criaturas sin derechos e incluso sin inscripci\u00f3n en los registros civiles y, por tanto, sin identidad propia, est\u00e1n siendo alimentadas y te\u00f3ricamente cuidadas por las empresas que se lucran con su venta. Pero en estos momentos de cierre de fronteras no se pueden vender y, por tanto, puede ocurrir que al no \u201cexistir\u201d legalmente acaben desapareciendo.<\/p>\n\n\n\n<p class=\"wp-block-paragraph\">Y por desaparecer me refiero a muchas maneras, porque los \u00f3rganos infantiles son un mercado negro igual de rentable que el de los vientres de alquiler, y si los productos de los vientres no tienen la salida esperada, siempre se pueden acabar reciclando en otros productos. O el mercado de la pedofilia que tambi\u00e9n es un negocio il\u00edcito y, a la vez boyante.<\/p>\n\n\n\n<p class=\"wp-block-paragraph\">La pr\u00e1ctica de los vientres de alquiler es, en s\u00ed misma, aberrante porque atenta contra la dignidad de las madres por ser explotadas reproductivamente y contra la de las criaturas nacidas por este sistema inhumano, porque, como ya he dicho en algunas ocasiones, las priva de su genealog\u00eda biol\u00f3gica y del v\u00ednculo emocional con su familia de origen.<\/p>\n\n\n\n<p class=\"wp-block-paragraph\">Que los deseos de personas que no pueden tener hijos sea la excusa para crear granjas de mujeres gestantes que pierden sus derechos y despu\u00e9s y como es el caso, de criaturas reci\u00e9n nacidas, me parece algo absolutamente condenables desde el punto de vista humano y \u00e9tico. Pero que ese deseo se quiera convertir en derecho a nivel internacional, me parece deleznable.<\/p>\n\n\n\n<p class=\"wp-block-paragraph\">Los deseos son siempre eso, deseos y para nada han de convertirse en derechos a costa del sufrimiento y la explotaci\u00f3n de seres humanos. Y eso est\u00e1 ocurriendo con los vientres de alquiler porque son explotaci\u00f3n reproductiva y con la prostituci\u00f3n que priva a las mujeres de su capacidad para decidir.<\/p>\n\n\n\n<p class=\"wp-block-paragraph\">En ambos casos los deseos de terceras personas se imponen a mujeres en situaci\u00f3n de vulnerabilidad econ\u00f3mica ejerciendo, por tanto, una explotaci\u00f3n sobre la parte m\u00e1s d\u00e9bil: las mujeres.<\/p>\n\n\n\n<p class=\"wp-block-paragraph\">Las criaturas compradas y vendidas son mera mercanc\u00eda, el resultado de una transacci\u00f3n econ\u00f3mica m\u00e1s. Como quien compra un producto al que eso s\u00ed, deber\u00e1, al menos te\u00f3ricamente, cuidar y alimentar.<\/p>\n\n\n\n<p class=\"wp-block-paragraph\">Pero esa criatura que ya ha sido maltratada nada m\u00e1s nacer, al separarla de su madre biol\u00f3gica, en los casos de estas granjas de bebes, son doblemente maltratadas puesto que su situaci\u00f3n es totalmente imprecisa en estos momentos y se desconoce el futuro que les espera. Y eso, desde mi opini\u00f3n, es inhumano. No ya por la falta de cuidados, porque se supone que el \u201cproducto\u201d ha de ser cuidado y exhibido para poder ser vendido, sino por si \u201cinexistencia\u201d a nivel legal, lo que genera incertidumbre y miedo. Y no a esas criaturas, me lo provoca a m\u00ed e imagino que mucha m\u00e1s gente que haya podido leer esta noticia.<\/p>\n\n\n\n<p class=\"wp-block-paragraph\">Esperemos que las autoridades internacionales tomen cartas en el asunto y proh\u00edban estas practicas comerciales a escala internacional que suponen la explotaci\u00f3n reproductiva de mujeres en situaci\u00f3n de vulnerabilidad econ\u00f3mica y el comercio de la compraventa de criaturas fruto de esta explotaci\u00f3n y que, como vemos, ahora est\u00e1n almacenadas en hoteles sin tener reconocida su identidad como ciudadanos y ciudadanas de pleno derecho.<\/p>\n\n\n\n<p class=\"wp-block-paragraph\">Pero desde luego, lo que se ha de tener claro es que jam\u00e1s los derechos se pueden convertir en leyes. Porque entre otras cosas, el mercado no lo puede comprar todo.<\/p>\n","protected":false},"excerpt":{"rendered":"<p>La pr\u00e1ctica de los vientres de alquiler es, en s\u00ed misma, aberrante porque atenta contra la dignidad de las madres por ser explotadas reproductivamente <\/p>\n","protected":false},"author":3,"featured_media":20616,"comment_status":"open","ping_status":"open","sticky":false,"template":"","format":"standard","meta":{"_monsterinsights_skip_tracking":false,"footnotes":""},"categories":[691,53],"tags":[],"class_list":["post-20615","post","type-post","status-publish","format-standard","has-post-thumbnail","category-691","category-internacional"],"_links":{"self":[{"href":"https:\/\/redsemlac.com\/semmexico\/wp-json\/wp\/v2\/posts\/20615","targetHints":{"allow":["GET"]}}],"collection":[{"href":"https:\/\/redsemlac.com\/semmexico\/wp-json\/wp\/v2\/posts"}],"about":[{"href":"https:\/\/redsemlac.com\/semmexico\/wp-json\/wp\/v2\/types\/post"}],"author":[{"embeddable":true,"href":"https:\/\/redsemlac.com\/semmexico\/wp-json\/wp\/v2\/users\/3"}],"replies":[{"embeddable":true,"href":"https:\/\/redsemlac.com\/semmexico\/wp-json\/wp\/v2\/comments?post=20615"}],"version-history":[{"count":0,"href":"https:\/\/redsemlac.com\/semmexico\/wp-json\/wp\/v2\/posts\/20615\/revisions"}],"wp:featuredmedia":[{"embeddable":true,"href":"https:\/\/redsemlac.com\/semmexico\/wp-json\/wp\/v2\/media\/20616"}],"wp:attachment":[{"href":"https:\/\/redsemlac.com\/semmexico\/wp-json\/wp\/v2\/media?parent=20615"}],"wp:term":[{"taxonomy":"category","embeddable":true,"href":"https:\/\/redsemlac.com\/semmexico\/wp-json\/wp\/v2\/categories?post=20615"},{"taxonomy":"post_tag","embeddable":true,"href":"https:\/\/redsemlac.com\/semmexico\/wp-json\/wp\/v2\/tags?post=20615"}],"curies":[{"name":"wp","href":"https:\/\/api.w.org\/{rel}","templated":true}]}}